{"id":20775,"date":"2026-03-09T13:24:54","date_gmt":"2026-03-09T13:24:54","guid":{"rendered":"https:\/\/myftinia-shkoder.org\/?p=20775"},"modified":"2026-03-10T13:28:57","modified_gmt":"2026-03-10T13:28:57","slug":"myftiu-te-kujtojme-me-respekt-te-kaluarit-dhe-te-qendrojme-besnik-te-tabanit","status":"publish","type":"post","link":"https:\/\/myftinia-shkoder.org\/?p=20775","title":{"rendered":"Myftiu: \u201cT\u00eb kujtojm\u00eb me respekt t\u00eb kaluarit dhe t\u00eb q\u00ebndrojm\u00eb besnik t\u00eb tabanit!\u201d"},"content":{"rendered":"<p style=\"text-align: justify;\"><strong>Myftiu: \u201cT\u00eb kujtojm\u00eb me respekt t\u00eb kaluarit dhe t\u00eb q\u00ebndrojm\u00eb besnik t\u00eb tabanit!\u201d<\/strong><\/p>\n<p style=\"text-align: justify;\">Dit\u00ebn e diel, m\u00eb 18 Ramazan 1447, q\u00eb p\u00ebrkon me 8 mars 2026, Myftiu i Shkodr\u00ebs, Imam Muhamed B. Sytari prezantoi n\u00eb faljen e namazit t\u00eb jacis\u00eb dhe t\u00eb teravis\u00eb n\u00eb xhamin\u00eb e fshatit Oblik\u00eb, Nj\u00ebsia Administrative Ana e Malit.<\/p>\n<p style=\"text-align: justify;\">N\u00eb prag t\u00eb namazit t\u00eb teravis\u00eb, Myftiu iu drejtua besimtar\u00ebve t\u00eb pranish\u00ebm me nj\u00eb k\u00ebshill\u00eb dhe mesazh n\u00eb thelbin e t\u00eb cilit ishte p\u00ebrkujtimi me respekt i t\u00eb kaluarve prej hoxhallar\u00ebve, haxhiler\u00ebve, sh\u00ebrbyesve besnik\u00eb t\u00eb xhamis\u00eb dhe t\u00eb gjith\u00eb atyre besimtar\u00eb, prej t\u00eb cil\u00ebve u d\u00ebshmua besimi, morali islam dhe ruajtja e trash\u00ebgimis\u00eb s\u00eb past\u00ebr t\u00eb k\u00ebsaj feje nd\u00ebr shekuj.<\/p>\n<p style=\"text-align: justify;\">Myftiu theksoi se, p\u00ebrkujtimi i mir\u00eb i t\u00eb kaluarve \u00ebsht\u00eb nj\u00eb shtys\u00eb m\u00eb tep\u00ebr drejt ruajtjes me fanatiz\u00ebm t\u00eb tabanit shekullor islam n\u00eb mesin ton\u00eb.<\/p>\n<p style=\"text-align: justify;\">Gjat\u00eb k\u00ebshill\u00ebs s\u00eb tij, Myftiu Sytari vuri theksin tek r\u00ebnd\u00ebsia q\u00eb ka p\u00ebrkushtimi i musliman\u00ebve n\u00eb jet\u00ebn e p\u00ebrditshme p\u00ebr t\u00eb pastruar nijetin e veprave dhe t\u00eb adhurimeve, p\u00ebr t\u00eb d\u00eblir\u00ebsuar zemr\u00ebn dhe p\u00ebr ta vendosur at\u00eb n\u00eb sit\u00ebn e besimit, dhe ve\u00e7an\u00ebrisht n\u00eb sit\u00ebn e k\u00ebtij Muaji t\u00eb Begat\u00eb t\u00eb Ramazanit, ku p\u00ebrkushtimi drejt adhurimit \u00ebsht\u00eb m\u00eb i duksh\u00ebm dhe i pranish\u00ebm gjithandej n\u00eb realitetet tona.<\/p>\n<p style=\"text-align: justify;\">Myftiu u lut q\u00eb ky Muaj i Begat\u00eb t\u00eb jet\u00eb i pranuar p\u00ebr t\u00eb gjith\u00eb besimtar\u00ebt dhe dit\u00ebn e ngelura t\u00eb pjes\u00ebs s\u00eb tret\u00eb t\u00eb tij t\u00eb vin\u00eb si nj\u00eb mir\u00ebsi drejt s\u00eb cil\u00ebs t\u00eb gjith\u00eb v\u00ebrshojn\u00eb p\u00ebr t\u00eb p\u00ebrfituar m\u00eb t\u00eb mir\u00ebn nga m\u00ebshira, bekimet dhe falja e Allahut t\u00eb Madh\u00ebruar.<\/p>\n<p><iframe loading=\"lazy\" title=\"Po e b\u00ebre k\u00ebt\u00eb n\u00eb Ramazan, i lumi ti!\" width=\"500\" height=\"281\" src=\"https:\/\/www.youtube.com\/embed\/MZPt8xBRPJo?feature=oembed\" frameborder=\"0\" allow=\"accelerometer; autoplay; clipboard-write; encrypted-media; gyroscope; picture-in-picture; web-share\" referrerpolicy=\"strict-origin-when-cross-origin\" allowfullscreen><\/iframe><\/p>\n","protected":false},"excerpt":{"rendered":"<div class=\"mh-excerpt\"><p>Myftiu: \u201cT\u00eb kujtojm\u00eb me respekt t\u00eb kaluarit dhe t\u00eb q\u00ebndrojm\u00eb besnik t\u00eb tabanit!\u201d Dit\u00ebn e diel, m\u00eb 18 Ramazan 1447, q\u00eb p\u00ebrkon me 8 mars 2026, Myftiu i Shkodr\u00ebs, Imam Muhamed B. Sytari prezantoi n\u00eb <a class=\"mh-excerpt-more\" href=\"https:\/\/myftinia-shkoder.org\/?p=20775\" title=\"Myftiu: \u201cT\u00eb kujtojm\u00eb me respekt t\u00eb kaluarit dhe t\u00eb q\u00ebndrojm\u00eb besnik t\u00eb tabanit!\u201d\">[&#8230;]<\/a><\/p>\n<\/div>","protected":false},"author":1,"featured_media":20776,"comment_status":"closed","ping_status":"closed","sticky":false,"template":"","format":"standard","meta":{"footnotes":""},"categories":[45],"tags":[],"class_list":["post-20775","post","type-post","status-publish","format-standard","has-post-thumbnail","hentry","category-ramazan-1447-2026"],"_links":{"self":[{"href":"https:\/\/myftinia-shkoder.org\/index.php?rest_route=\/wp\/v2\/posts\/20775","targetHints":{"allow":["GET"]}}],"collection":[{"href":"https:\/\/myftinia-shkoder.org\/index.php?rest_route=\/wp\/v2\/posts"}],"about":[{"href":"https:\/\/myftinia-shkoder.org\/index.php?rest_route=\/wp\/v2\/types\/post"}],"author":[{"embeddable":true,"href":"https:\/\/myftinia-shkoder.org\/index.php?rest_route=\/wp\/v2\/users\/1"}],"replies":[{"embeddable":true,"href":"https:\/\/myftinia-shkoder.org\/index.php?rest_route=%2Fwp%2Fv2%2Fcomments&post=20775"}],"version-history":[{"count":1,"href":"https:\/\/myftinia-shkoder.org\/index.php?rest_route=\/wp\/v2\/posts\/20775\/revisions"}],"predecessor-version":[{"id":20777,"href":"https:\/\/myftinia-shkoder.org\/index.php?rest_route=\/wp\/v2\/posts\/20775\/revisions\/20777"}],"wp:featuredmedia":[{"embeddable":true,"href":"https:\/\/myftinia-shkoder.org\/index.php?rest_route=\/wp\/v2\/media\/20776"}],"wp:attachment":[{"href":"https:\/\/myftinia-shkoder.org\/index.php?rest_route=%2Fwp%2Fv2%2Fmedia&parent=20775"}],"wp:term":[{"taxonomy":"category","embeddable":true,"href":"https:\/\/myftinia-shkoder.org\/index.php?rest_route=%2Fwp%2Fv2%2Fcategories&post=20775"},{"taxonomy":"post_tag","embeddable":true,"href":"https:\/\/myftinia-shkoder.org\/index.php?rest_route=%2Fwp%2Fv2%2Ftags&post=20775"}],"curies":[{"name":"wp","href":"https:\/\/api.w.org\/{rel}","templated":true}]}}