{"id":20778,"date":"2026-03-10T13:55:22","date_gmt":"2026-03-10T13:55:22","guid":{"rendered":"https:\/\/myftinia-shkoder.org\/?p=20778"},"modified":"2026-03-10T16:02:45","modified_gmt":"2026-03-10T16:02:45","slug":"myftiu-takoi-imamet-e-zones-se-postribes","status":"publish","type":"post","link":"https:\/\/myftinia-shkoder.org\/?p=20778","title":{"rendered":"Myftiu takoi imam\u00ebt e zon\u00ebs s\u00eb Postrib\u00ebs"},"content":{"rendered":"<p style=\"text-align: justify;\"><strong>Myftiu takoi imam\u00ebt e zon\u00ebs s\u00eb Postrib\u00ebs<\/strong><\/p>\n<p style=\"text-align: justify;\">Dit\u00ebn e mart\u00eb, m\u00eb 10 mars 2026, Myftiu i Shkodr\u00ebs, Imam Muhamed B. Sytari priti n\u00eb nj\u00eb takim pune imam\u00ebt e zon\u00ebs s\u00eb Postrib\u00ebs, t\u00eb nderuarit: H. Ardin Selhani &#8211; imam i xhamis\u00eb Kullaj, H. Agim Hoxha &#8211; imam i xhamis\u00eb Boks, H. Indrit Plangaj \u2013 imam i xhamis\u00eb Fshati i Ri, H. Ardit Ulqinaku \u2013 imam i xhamis\u00eb Milan, H. Smalj Braqi \u2013 imam i xhamis\u00eb Dom\u00ebn, H. Samet Mataj \u2013 imam i xhamis\u00eb Ura e Shtrenjt\u00eb, H. Fatmir Bushaj \u2013 imam i xhamis\u00eb Omaraj, H. Isa Brahimi \u2013 imam i xhamis\u00eb s\u00eb kalas\u00eb s\u00eb Drishtit, H. Fatmir Sulaj \u2013 imam i xhamis\u00eb Mes-Myselim, H. Ilir Dizdari, imam i xhamis\u00eb Bardhaj, me t\u00eb cil\u00ebt diskutoi rreth aktivitetit dhe gjall\u00ebris\u00eb s\u00eb jet\u00ebs fetare p\u00ebrgjat\u00eb Muajit t\u00eb Begat\u00eb t\u00eb Ramazanit.<\/p>\n<p style=\"text-align: justify;\">Gjat\u00eb k\u00ebtij takimi pune, Myftiu vuri theksin tek r\u00ebnd\u00ebsia q\u00eb ka kontributi dhe roli vendimtar i imam\u00ebve p\u00ebr p\u00ebrhapjen e mesazheve udh\u00ebzuese q\u00eb ruajn\u00eb tabanin dhe hedhin drit\u00eb rreth edukimit t\u00eb brezit t\u00eb ri me dashnin\u00eb e Allahut dhe m\u00ebsimet e traditave t\u00eb Pejgamberit ton\u00eb (a.s).<\/p>\n<p style=\"text-align: justify;\">Gjat\u00eb k\u00ebtij takimi u zhvillua nj\u00eb bashk\u00ebbisedim i dobish\u00ebm dhe me vler\u00eb, ku imam\u00ebt e nderuar dhan\u00eb mendimet e tyre dhe p\u00ebrvojat personale n\u00eb raport me aktivitetin e secil\u00ebs xhami dhe p\u00ebrpjekjet e imam\u00ebve tan\u00eb t\u00eb nderuar p\u00ebr t\u00eb gjall\u00ebruar aktivitetin fetar p\u00ebrgjat\u00eb Muajit t\u00eb Begat\u00eb t\u00eb Ramazanit, si nj\u00eb mund\u00ebsi e art\u00eb q\u00eb i bashkon njer\u00ebzit n\u00eb sofrat e besimit dhe i paqton realitetet tona me drit\u00ebn e udh\u00ebzimit islam.<\/p>\n<p style=\"text-align: justify;\">Gjat\u00eb k\u00ebtij takimi u dhan\u00eb edhe disa udh\u00ebzime me vler\u00eb n\u00eb prag t\u00eb Fit\u00ebr Bajramit, si dhe u diskutua p\u00ebr \u00e7\u00ebshtje me interes t\u00eb p\u00ebrbashk\u00ebt n\u00eb dobi t\u00eb komunitetit dhe vazhdim\u00ebsis\u00eb s\u00eb kontributeve n\u00eb sh\u00ebrbim t\u00eb njer\u00ebzve pa dallim.<\/p>\n<div id='gallery-1' class='gallery galleryid-20778 gallery-columns-4 gallery-size-thumbnail'><figure class='gallery-item'>\n\t\t\t<div class='gallery-icon landscape'>\n\t\t\t\t<a href='https:\/\/myftinia-shkoder.org\/?attachment_id=20779'><img loading=\"lazy\" decoding=\"async\" width=\"150\" height=\"150\" src=\"https:\/\/myftinia-shkoder.org\/wp-content\/uploads\/2026\/03\/Myftiu-takoi-imamet-e-zones-se-Postribes-1-150x150.jpeg\" class=\"attachment-thumbnail size-thumbnail\" alt=\"\" aria-describedby=\"gallery-1-20779\" \/><\/a>\n\t\t\t<\/div>\n\t\t\t\t<figcaption class='wp-caption-text gallery-caption' id='gallery-1-20779'>\n\t\t\t\tMyftiu takoi imam\u00ebt e zon\u00ebs s\u00eb Postrib\u00ebs\n\t\t\t\t<\/figcaption><\/figure><figure class='gallery-item'>\n\t\t\t<div class='gallery-icon landscape'>\n\t\t\t\t<a href='https:\/\/myftinia-shkoder.org\/?attachment_id=20780'><img loading=\"lazy\" decoding=\"async\" width=\"150\" height=\"150\" src=\"https:\/\/myftinia-shkoder.org\/wp-content\/uploads\/2026\/03\/Myftiu-takoi-imamet-e-zones-se-Postribes-2-150x150.jpeg\" class=\"attachment-thumbnail size-thumbnail\" alt=\"\" aria-describedby=\"gallery-1-20780\" \/><\/a>\n\t\t\t<\/div>\n\t\t\t\t<figcaption class='wp-caption-text gallery-caption' id='gallery-1-20780'>\n\t\t\t\tMyftiu takoi imam\u00ebt e zon\u00ebs s\u00eb Postrib\u00ebs\n\t\t\t\t<\/figcaption><\/figure><figure class='gallery-item'>\n\t\t\t<div class='gallery-icon landscape'>\n\t\t\t\t<a href='https:\/\/myftinia-shkoder.org\/?attachment_id=20781'><img loading=\"lazy\" decoding=\"async\" width=\"150\" height=\"150\" src=\"https:\/\/myftinia-shkoder.org\/wp-content\/uploads\/2026\/03\/Myftiu-takoi-imamet-e-zones-se-Postribes-3-150x150.jpeg\" class=\"attachment-thumbnail size-thumbnail\" alt=\"\" aria-describedby=\"gallery-1-20781\" \/><\/a>\n\t\t\t<\/div>\n\t\t\t\t<figcaption class='wp-caption-text gallery-caption' id='gallery-1-20781'>\n\t\t\t\tMyftiu takoi imam\u00ebt e zon\u00ebs s\u00eb Postrib\u00ebs\n\t\t\t\t<\/figcaption><\/figure><figure class='gallery-item'>\n\t\t\t<div class='gallery-icon landscape'>\n\t\t\t\t<a href='https:\/\/myftinia-shkoder.org\/?attachment_id=20782'><img loading=\"lazy\" decoding=\"async\" width=\"150\" height=\"150\" src=\"https:\/\/myftinia-shkoder.org\/wp-content\/uploads\/2026\/03\/Myftiu-takoi-imamet-e-zones-se-Postribes-4-150x150.jpeg\" class=\"attachment-thumbnail size-thumbnail\" alt=\"\" aria-describedby=\"gallery-1-20782\" \/><\/a>\n\t\t\t<\/div>\n\t\t\t\t<figcaption class='wp-caption-text gallery-caption' id='gallery-1-20782'>\n\t\t\t\tMyftiu takoi imam\u00ebt e zon\u00ebs s\u00eb Postrib\u00ebs\n\t\t\t\t<\/figcaption><\/figure>\n\t\t<\/div>\n\n","protected":false},"excerpt":{"rendered":"<div class=\"mh-excerpt\"><p>Myftiu takoi imam\u00ebt e zon\u00ebs s\u00eb Postrib\u00ebs Dit\u00ebn e mart\u00eb, m\u00eb 10 mars 2026, Myftiu i Shkodr\u00ebs, Imam Muhamed B. Sytari priti n\u00eb nj\u00eb takim pune imam\u00ebt e zon\u00ebs s\u00eb Postrib\u00ebs, t\u00eb nderuarit: H. Ardin <a class=\"mh-excerpt-more\" href=\"https:\/\/myftinia-shkoder.org\/?p=20778\" title=\"Myftiu takoi imam\u00ebt e zon\u00ebs s\u00eb Postrib\u00ebs\">[&#8230;]<\/a><\/p>\n<\/div>","protected":false},"author":1,"featured_media":20782,"comment_status":"closed","ping_status":"closed","sticky":false,"template":"","format":"standard","meta":{"footnotes":""},"categories":[13,45],"tags":[],"class_list":["post-20778","post","type-post","status-publish","format-standard","has-post-thumbnail","hentry","category-aktualitet","category-ramazan-1447-2026"],"_links":{"self":[{"href":"https:\/\/myftinia-shkoder.org\/index.php?rest_route=\/wp\/v2\/posts\/20778","targetHints":{"allow":["GET"]}}],"collection":[{"href":"https:\/\/myftinia-shkoder.org\/index.php?rest_route=\/wp\/v2\/posts"}],"about":[{"href":"https:\/\/myftinia-shkoder.org\/index.php?rest_route=\/wp\/v2\/types\/post"}],"author":[{"embeddable":true,"href":"https:\/\/myftinia-shkoder.org\/index.php?rest_route=\/wp\/v2\/users\/1"}],"replies":[{"embeddable":true,"href":"https:\/\/myftinia-shkoder.org\/index.php?rest_route=%2Fwp%2Fv2%2Fcomments&post=20778"}],"version-history":[{"count":1,"href":"https:\/\/myftinia-shkoder.org\/index.php?rest_route=\/wp\/v2\/posts\/20778\/revisions"}],"predecessor-version":[{"id":20783,"href":"https:\/\/myftinia-shkoder.org\/index.php?rest_route=\/wp\/v2\/posts\/20778\/revisions\/20783"}],"wp:featuredmedia":[{"embeddable":true,"href":"https:\/\/myftinia-shkoder.org\/index.php?rest_route=\/wp\/v2\/media\/20782"}],"wp:attachment":[{"href":"https:\/\/myftinia-shkoder.org\/index.php?rest_route=%2Fwp%2Fv2%2Fmedia&parent=20778"}],"wp:term":[{"taxonomy":"category","embeddable":true,"href":"https:\/\/myftinia-shkoder.org\/index.php?rest_route=%2Fwp%2Fv2%2Fcategories&post=20778"},{"taxonomy":"post_tag","embeddable":true,"href":"https:\/\/myftinia-shkoder.org\/index.php?rest_route=%2Fwp%2Fv2%2Ftags&post=20778"}],"curies":[{"name":"wp","href":"https:\/\/api.w.org\/{rel}","templated":true}]}}