{"id":20784,"date":"2026-03-10T21:49:55","date_gmt":"2026-03-10T21:49:55","guid":{"rendered":"https:\/\/myftinia-shkoder.org\/?p=20784"},"modified":"2026-03-10T21:49:55","modified_gmt":"2026-03-10T21:49:55","slug":"sofra-e-iftarit-te-vellazerise-me-nxenesit-e-mejtepeve-te-xhamive-muriqan-alimetaj-dhe-velinaj","status":"publish","type":"post","link":"https:\/\/myftinia-shkoder.org\/?p=20784","title":{"rendered":"Sofra e iftarit t\u00eb v\u00ebllaz\u00ebris\u00eb me nx\u00ebn\u00ebsit e mejtepeve t\u00eb xhamive Muriqan, Alimetaj dhe Velinaj"},"content":{"rendered":"<p style=\"text-align: justify;\"><strong>Sofra e iftarit t\u00eb v\u00ebllaz\u00ebris\u00eb me nx\u00ebn\u00ebsit e mejtepeve t\u00eb xhamive Muriqan, Alimetaj dhe Velinaj<\/strong><\/p>\n<p style=\"text-align: justify;\">N\u00eb dit\u00ebn e 20-t\u00eb t\u00eb muajit t\u00eb begat\u00eb t\u00eb Ramazanit, dit\u00ebn e mart\u00eb, m\u00eb 10 mars 2026, sektori i arsimit pran\u00eb Myftinis\u00eb Shkod\u00ebr organizoi nj\u00eb iftar v\u00ebllaz\u00ebror me nx\u00ebn\u00ebsit e mejtepeve t\u00eb xhamive Muriqan, Alimetaj dhe Velinaj.<\/p>\n<p style=\"text-align: justify;\">N\u00eb k\u00ebt\u00eb sof\u00ebr iftari mor\u00ebn pjes\u00eb rreth 60 nx\u00ebn\u00ebs t\u00eb mejtepeve, t\u00eb moshave t\u00eb ndryshme, s\u00eb bashku me imam\u00ebt dhe m\u00ebsuesit e tyre: H. Ajet Sukaj, H. Lulzim Beqiri dhe H. Nebi Alia.<\/p>\n<p style=\"text-align: justify;\">T\u00eb pranish\u00ebm ishte edhe drejtuesi i arsimit pran\u00eb Myftinis\u00eb Shkod\u00ebr, teologu Arben Halluni, i cili para \u00e7eljes s\u00eb iftarit mbajti nj\u00eb fjal\u00eb t\u00eb shkurt\u00ebr me k\u00ebshilla edukative dhe shpirt\u00ebrore p\u00ebr nx\u00ebn\u00ebsit, duke theksuar r\u00ebnd\u00ebsin\u00eb e Ramazanit n\u00eb edukimin e brezit t\u00eb ri.<\/p>\n<p style=\"text-align: justify;\">M\u00eb pas ai b\u00ebri edhe lutjen e \u00e7eljes s\u00eb iftarit, duke uruar q\u00eb ky Muaj i Begat\u00eb t\u00eb sjell\u00eb mir\u00ebsi, devotshm\u00ebri dhe begati p\u00ebr t\u00eb gjith\u00eb besimtar\u00ebt.<\/p>\n<p style=\"text-align: justify;\">N\u00eb p\u00ebrfundim t\u00eb iftarit u b\u00eb lutja e sofr\u00ebs, nd\u00ebrsa m\u00eb pas t\u00eb gjith\u00eb s\u00eb bashku fal\u00ebn namazin e akshamit.<\/p>\n<p style=\"text-align: justify;\">Programi i iftareve t\u00eb v\u00ebllaz\u00ebris\u00eb, me nx\u00ebn\u00ebsit e mejtepeve dhe qendrat islame t\u00eb Myftinis\u00eb Shkod\u00ebr, do t\u00eb vijoj\u00eb edhe gjat\u00eb dhjet\u00ebdit\u00ebshit t\u00eb fundit t\u00eb muajit t\u00eb Ramazanit, duke forcuar frym\u00ebn e bashkimit, edukimit dhe dashuris\u00eb mes besimtar\u00ebve.<\/p>\n<div id='gallery-1' class='gallery galleryid-20784 gallery-columns-5 gallery-size-thumbnail'><figure class='gallery-item'>\n\t\t\t<div class='gallery-icon landscape'>\n\t\t\t\t<a href='https:\/\/myftinia-shkoder.org\/?attachment_id=20790'><img loading=\"lazy\" decoding=\"async\" width=\"150\" height=\"150\" src=\"https:\/\/myftinia-shkoder.org\/wp-content\/uploads\/2026\/03\/Sofra-e-iftarit-te-vellazerise-me-nxenesit-e-mejtepeve-te-xhamive-Muriqan-Alimetaj-dhe-Velinaj-9-150x150.jpg\" class=\"attachment-thumbnail size-thumbnail\" alt=\"\" aria-describedby=\"gallery-1-20790\" \/><\/a>\n\t\t\t<\/div>\n\t\t\t\t<figcaption class='wp-caption-text gallery-caption' id='gallery-1-20790'>\n\t\t\t\tSofra e iftarit t\u00eb v\u00ebllaz\u00ebris\u00eb me nx\u00ebn\u00ebsit e mejtepeve t\u00eb xhamive Muriqan, Alimetaj dhe Velinaj\n\t\t\t\t<\/figcaption><\/figure><figure class='gallery-item'>\n\t\t\t<div class='gallery-icon landscape'>\n\t\t\t\t<a href='https:\/\/myftinia-shkoder.org\/?attachment_id=20789'><img loading=\"lazy\" decoding=\"async\" width=\"150\" height=\"150\" src=\"https:\/\/myftinia-shkoder.org\/wp-content\/uploads\/2026\/03\/Sofra-e-iftarit-te-vellazerise-me-nxenesit-e-mejtepeve-te-xhamive-Muriqan-Alimetaj-dhe-Velinaj-8-150x150.jpg\" class=\"attachment-thumbnail size-thumbnail\" alt=\"\" aria-describedby=\"gallery-1-20789\" \/><\/a>\n\t\t\t<\/div>\n\t\t\t\t<figcaption class='wp-caption-text gallery-caption' id='gallery-1-20789'>\n\t\t\t\tSofra e iftarit t\u00eb v\u00ebllaz\u00ebris\u00eb me nx\u00ebn\u00ebsit e mejtepeve t\u00eb xhamive Muriqan, Alimetaj dhe Velinaj\n\t\t\t\t<\/figcaption><\/figure><figure class='gallery-item'>\n\t\t\t<div class='gallery-icon portrait'>\n\t\t\t\t<a href='https:\/\/myftinia-shkoder.org\/?attachment_id=20785'><img loading=\"lazy\" decoding=\"async\" width=\"150\" height=\"150\" src=\"https:\/\/myftinia-shkoder.org\/wp-content\/uploads\/2026\/03\/Sofra-e-iftarit-te-vellazerise-me-nxenesit-e-mejtepeve-te-xhamive-Muriqan-Alimetaj-dhe-Velinaj-4-150x150.jpg\" class=\"attachment-thumbnail size-thumbnail\" alt=\"\" aria-describedby=\"gallery-1-20785\" \/><\/a>\n\t\t\t<\/div>\n\t\t\t\t<figcaption class='wp-caption-text gallery-caption' id='gallery-1-20785'>\n\t\t\t\tSofra e iftarit t\u00eb v\u00ebllaz\u00ebris\u00eb me nx\u00ebn\u00ebsit e mejtepeve t\u00eb xhamive Muriqan, Alimetaj dhe Velinaj\n\t\t\t\t<\/figcaption><\/figure><figure class='gallery-item'>\n\t\t\t<div class='gallery-icon portrait'>\n\t\t\t\t<a href='https:\/\/myftinia-shkoder.org\/?attachment_id=20786'><img loading=\"lazy\" decoding=\"async\" width=\"150\" height=\"150\" src=\"https:\/\/myftinia-shkoder.org\/wp-content\/uploads\/2026\/03\/Sofra-e-iftarit-te-vellazerise-me-nxenesit-e-mejtepeve-te-xhamive-Muriqan-Alimetaj-dhe-Velinaj-5-150x150.jpg\" class=\"attachment-thumbnail size-thumbnail\" alt=\"\" aria-describedby=\"gallery-1-20786\" \/><\/a>\n\t\t\t<\/div>\n\t\t\t\t<figcaption class='wp-caption-text gallery-caption' id='gallery-1-20786'>\n\t\t\t\tSofra e iftarit t\u00eb v\u00ebllaz\u00ebris\u00eb me nx\u00ebn\u00ebsit e mejtepeve t\u00eb xhamive Muriqan, Alimetaj dhe Velinaj\n\t\t\t\t<\/figcaption><\/figure><figure class='gallery-item'>\n\t\t\t<div class='gallery-icon landscape'>\n\t\t\t\t<a href='https:\/\/myftinia-shkoder.org\/?attachment_id=20787'><img loading=\"lazy\" decoding=\"async\" width=\"150\" height=\"150\" src=\"https:\/\/myftinia-shkoder.org\/wp-content\/uploads\/2026\/03\/Sofra-e-iftarit-te-vellazerise-me-nxenesit-e-mejtepeve-te-xhamive-Muriqan-Alimetaj-dhe-Velinaj-6-150x150.jpg\" class=\"attachment-thumbnail size-thumbnail\" alt=\"\" aria-describedby=\"gallery-1-20787\" \/><\/a>\n\t\t\t<\/div>\n\t\t\t\t<figcaption class='wp-caption-text gallery-caption' id='gallery-1-20787'>\n\t\t\t\tSofra e iftarit t\u00eb v\u00ebllaz\u00ebris\u00eb me nx\u00ebn\u00ebsit e mejtepeve t\u00eb xhamive Muriqan, Alimetaj dhe Velinaj\n\t\t\t\t<\/figcaption><\/figure><figure class='gallery-item'>\n\t\t\t<div class='gallery-icon landscape'>\n\t\t\t\t<a href='https:\/\/myftinia-shkoder.org\/?attachment_id=20788'><img loading=\"lazy\" decoding=\"async\" width=\"150\" height=\"150\" src=\"https:\/\/myftinia-shkoder.org\/wp-content\/uploads\/2026\/03\/Sofra-e-iftarit-te-vellazerise-me-nxenesit-e-mejtepeve-te-xhamive-Muriqan-Alimetaj-dhe-Velinaj-7-150x150.jpg\" class=\"attachment-thumbnail size-thumbnail\" alt=\"\" aria-describedby=\"gallery-1-20788\" \/><\/a>\n\t\t\t<\/div>\n\t\t\t\t<figcaption class='wp-caption-text gallery-caption' id='gallery-1-20788'>\n\t\t\t\tSofra e iftarit t\u00eb v\u00ebllaz\u00ebris\u00eb me nx\u00ebn\u00ebsit e mejtepeve t\u00eb xhamive Muriqan, Alimetaj dhe Velinaj\n\t\t\t\t<\/figcaption><\/figure><figure class='gallery-item'>\n\t\t\t<div class='gallery-icon landscape'>\n\t\t\t\t<a href='https:\/\/myftinia-shkoder.org\/?attachment_id=20791'><img loading=\"lazy\" decoding=\"async\" width=\"150\" height=\"150\" src=\"https:\/\/myftinia-shkoder.org\/wp-content\/uploads\/2026\/03\/Sofra-e-iftarit-te-vellazerise-me-nxenesit-e-mejtepeve-te-xhamive-Muriqan-Alimetaj-dhe-Velinaj-1-150x150.jpg\" class=\"attachment-thumbnail size-thumbnail\" alt=\"\" aria-describedby=\"gallery-1-20791\" \/><\/a>\n\t\t\t<\/div>\n\t\t\t\t<figcaption class='wp-caption-text gallery-caption' id='gallery-1-20791'>\n\t\t\t\tSofra e iftarit t\u00eb v\u00ebllaz\u00ebris\u00eb me nx\u00ebn\u00ebsit e mejtepeve t\u00eb xhamive Muriqan, Alimetaj dhe Velinaj\n\t\t\t\t<\/figcaption><\/figure><figure class='gallery-item'>\n\t\t\t<div class='gallery-icon landscape'>\n\t\t\t\t<a href='https:\/\/myftinia-shkoder.org\/?attachment_id=20792'><img loading=\"lazy\" decoding=\"async\" width=\"150\" height=\"150\" src=\"https:\/\/myftinia-shkoder.org\/wp-content\/uploads\/2026\/03\/Sofra-e-iftarit-te-vellazerise-me-nxenesit-e-mejtepeve-te-xhamive-Muriqan-Alimetaj-dhe-Velinaj-2-150x150.jpg\" class=\"attachment-thumbnail size-thumbnail\" alt=\"\" aria-describedby=\"gallery-1-20792\" \/><\/a>\n\t\t\t<\/div>\n\t\t\t\t<figcaption class='wp-caption-text gallery-caption' id='gallery-1-20792'>\n\t\t\t\tSofra e iftarit t\u00eb v\u00ebllaz\u00ebris\u00eb me nx\u00ebn\u00ebsit e mejtepeve t\u00eb xhamive Muriqan, Alimetaj dhe Velinaj\n\t\t\t\t<\/figcaption><\/figure><figure class='gallery-item'>\n\t\t\t<div class='gallery-icon landscape'>\n\t\t\t\t<a href='https:\/\/myftinia-shkoder.org\/?attachment_id=20793'><img loading=\"lazy\" decoding=\"async\" width=\"150\" height=\"150\" src=\"https:\/\/myftinia-shkoder.org\/wp-content\/uploads\/2026\/03\/Sofra-e-iftarit-te-vellazerise-me-nxenesit-e-mejtepeve-te-xhamive-Muriqan-Alimetaj-dhe-Velinaj-3-150x150.jpg\" class=\"attachment-thumbnail size-thumbnail\" alt=\"\" aria-describedby=\"gallery-1-20793\" \/><\/a>\n\t\t\t<\/div>\n\t\t\t\t<figcaption class='wp-caption-text gallery-caption' id='gallery-1-20793'>\n\t\t\t\tSofra e iftarit t\u00eb v\u00ebllaz\u00ebris\u00eb me nx\u00ebn\u00ebsit e mejtepeve t\u00eb xhamive Muriqan, Alimetaj dhe Velinaj\n\t\t\t\t<\/figcaption><\/figure>\n\t\t<\/div>\n\n","protected":false},"excerpt":{"rendered":"<div class=\"mh-excerpt\"><p>Sofra e iftarit t\u00eb v\u00ebllaz\u00ebris\u00eb me nx\u00ebn\u00ebsit e mejtepeve t\u00eb xhamive Muriqan, Alimetaj dhe Velinaj N\u00eb dit\u00ebn e 20-t\u00eb t\u00eb muajit t\u00eb begat\u00eb t\u00eb Ramazanit, dit\u00ebn e mart\u00eb, m\u00eb 10 mars 2026, sektori i arsimit <a class=\"mh-excerpt-more\" href=\"https:\/\/myftinia-shkoder.org\/?p=20784\" title=\"Sofra e iftarit t\u00eb v\u00ebllaz\u00ebris\u00eb me nx\u00ebn\u00ebsit e mejtepeve t\u00eb xhamive Muriqan, Alimetaj dhe Velinaj\">[&#8230;]<\/a><\/p>\n<\/div>","protected":false},"author":1,"featured_media":20789,"comment_status":"closed","ping_status":"closed","sticky":false,"template":"","format":"standard","meta":{"footnotes":""},"categories":[1,45],"tags":[],"class_list":["post-20784","post","type-post","status-publish","format-standard","has-post-thumbnail","hentry","category-aktivitete","category-ramazan-1447-2026"],"_links":{"self":[{"href":"https:\/\/myftinia-shkoder.org\/index.php?rest_route=\/wp\/v2\/posts\/20784","targetHints":{"allow":["GET"]}}],"collection":[{"href":"https:\/\/myftinia-shkoder.org\/index.php?rest_route=\/wp\/v2\/posts"}],"about":[{"href":"https:\/\/myftinia-shkoder.org\/index.php?rest_route=\/wp\/v2\/types\/post"}],"author":[{"embeddable":true,"href":"https:\/\/myftinia-shkoder.org\/index.php?rest_route=\/wp\/v2\/users\/1"}],"replies":[{"embeddable":true,"href":"https:\/\/myftinia-shkoder.org\/index.php?rest_route=%2Fwp%2Fv2%2Fcomments&post=20784"}],"version-history":[{"count":1,"href":"https:\/\/myftinia-shkoder.org\/index.php?rest_route=\/wp\/v2\/posts\/20784\/revisions"}],"predecessor-version":[{"id":20794,"href":"https:\/\/myftinia-shkoder.org\/index.php?rest_route=\/wp\/v2\/posts\/20784\/revisions\/20794"}],"wp:featuredmedia":[{"embeddable":true,"href":"https:\/\/myftinia-shkoder.org\/index.php?rest_route=\/wp\/v2\/media\/20789"}],"wp:attachment":[{"href":"https:\/\/myftinia-shkoder.org\/index.php?rest_route=%2Fwp%2Fv2%2Fmedia&parent=20784"}],"wp:term":[{"taxonomy":"category","embeddable":true,"href":"https:\/\/myftinia-shkoder.org\/index.php?rest_route=%2Fwp%2Fv2%2Fcategories&post=20784"},{"taxonomy":"post_tag","embeddable":true,"href":"https:\/\/myftinia-shkoder.org\/index.php?rest_route=%2Fwp%2Fv2%2Ftags&post=20784"}],"curies":[{"name":"wp","href":"https:\/\/api.w.org\/{rel}","templated":true}]}}