{"id":20833,"date":"2026-03-12T23:57:16","date_gmt":"2026-03-12T23:57:16","guid":{"rendered":"https:\/\/myftinia-shkoder.org\/?p=20833"},"modified":"2026-03-12T23:57:16","modified_gmt":"2026-03-12T23:57:16","slug":"myftiu-respektoni-me-te-medhenjte-dhe-meshironi-me-te-vegjlit","status":"publish","type":"post","link":"https:\/\/myftinia-shkoder.org\/?p=20833","title":{"rendered":"Myftiu: &#8220;Respektoni m\u00eb t\u00eb m\u00ebdhenjt\u00eb dhe m\u00ebshironi m\u00eb t\u00eb vegjlit!&#8221;"},"content":{"rendered":"<p style=\"text-align: justify;\"><strong>Myftiu: &#8220;Respektoni m\u00eb t\u00eb m\u00ebdhenjt\u00eb dhe m\u00ebshironi m\u00eb t\u00eb vegjlit!&#8221;<\/strong><\/p>\n<p style=\"text-align: justify;\">Dit\u00ebn e enjte, m\u00eb 12 mars 2026, q\u00eb p\u00ebrkon me nat\u00ebn e 23-t\u00eb t\u00eb Ramazanit 1447, Myftiu i Shkodr\u00ebs, Imam Muhamed B. Sytari, ishte i pranish\u00ebm n\u00eb xhamin\u00eb e fshatit Mes-Myselim, ku drejtoi edhe 20 rekatet e namazit t\u00eb teravis\u00eb.<\/p>\n<p style=\"text-align: justify;\">N\u00eb mesazhin e tij p\u00ebrpara t\u00eb pranishm\u00ebve, Myftiu iu drejtua t\u00eb rinjve me nj\u00eb k\u00ebshill\u00eb t\u00eb posa\u00e7me p\u00ebr t\u00eb dashur dhe p\u00ebr t\u00eb respektuar m\u00eb t\u00eb m\u00ebdhenjt\u00eb, si dhe p\u00ebr t\u00eb p\u00ebrfituar p\u00ebrher\u00eb nga prania e gjysh\u00ebrve n\u00eb mesin ton\u00eb, si nj\u00eb pik\u00eb referimi p\u00ebr brezin e ri dhe si nj\u00eb mb\u00ebshtetje e fort\u00eb n\u00eb ruajtjen e tabanit shum\u00ebshekullor t\u00eb besimit islam n\u00eb mesin ton\u00eb.<\/p>\n<p style=\"text-align: justify;\">Myftiu dha disa shembuj konkret nga e kaluara e tij, si dhe udh\u00ebzoi t\u00eb pranishmit p\u00ebr t\u00eb d\u00ebshmuar vlerat e thjesht\u00ebsis\u00eb islame n\u00eb p\u00ebrditshm\u00ebrin\u00eb e secili dhe n\u00eb komunikim me nj\u00ebri-tjetrin.<\/p>\n<p style=\"text-align: justify;\">Nd\u00ebr t\u00eb tjera, Myftiu tha: \u201cJam shum\u00eb i g\u00ebzuar, q\u00eb sonte jam n\u00eb mesin tuaj dhe n\u00eb mesin e zot\u00ebrinjve tan\u00eb, dhe n\u00eb krye t\u00eb tyre, H. Nuhin, Allahu e shp\u00ebrbleft\u00eb dhe e begatoft\u00eb sh\u00ebndetin, mundin dhe sakrific\u00ebn e tij. Un\u00eb ju them, sidomos ju djemve t\u00eb rinj, q\u00eb duhet me ken\u00eb krenar\u00eb q\u00eb jeni bashk\u00ebkoh\u00ebs t\u00eb zot\u00ebrinjve me thinja t\u00eb bardha.<\/p>\n<p style=\"text-align: justify;\">Nj\u00eb brez, i cili rritet n\u00eb pranin\u00eb e gjysh\u00ebrve besimtar\u00eb, \u00ebsht\u00eb brez i bekuar nga Zoti i gjith\u00ebsis\u00eb. E, nj\u00eb brez q\u00eb lidhet me gjyshin, me besimin e gjyshit dhe me rrug\u00ebn e gjyshit, do t\u00eb ket\u00eb p\u00ebrher\u00eb mbar\u00ebsin\u00eb e Allahut t\u00eb Madh\u00ebruar. Nj\u00eb brez, q\u00eb e ka privuar Zoti nga prania e m\u00eb t\u00eb m\u00ebdhenjve n\u00eb jet\u00eb, \u00ebsht\u00eb gjithmon\u00eb i \u00e7al\u00ebt n\u00eb jet\u00ebn e tij, sepse kur ke gjyshin, ke nj\u00eb pik\u00eb referimi. Edhe 100 vje\u00e7 t\u00eb b\u00ebhet gjyshi, dhe kur t\u00eb largohet nga kjo bot\u00eb, ti ke p\u00ebrher\u00eb kujtimet m\u00eb t\u00eb mira. Do t\u00eb thuash, kam shkuar n\u00eb xhami me gjyshin, m\u00eb ka b\u00ebr\u00eb dashnia e gjyshit p\u00ebr Allahun e Madh\u00ebruar, me dasht\u00eb Allahun m\u00eb tep\u00ebr. Dashnia e gjyshit p\u00ebr Pejgamberin (a.s), m\u00eb ka b\u00ebr\u00eb me e dasht\u00eb Pejgamberin (a.s)!\u201d<\/p>\n<p><iframe loading=\"lazy\" title=\"\u00c7far\u00eb k\u00ebnaq\u00ebsie para Haxhi Nuhut, 84 vje\u00e7ar...\" width=\"500\" height=\"281\" src=\"https:\/\/www.youtube.com\/embed\/fLwTFyxfXmE?feature=oembed\" frameborder=\"0\" allow=\"accelerometer; autoplay; clipboard-write; encrypted-media; gyroscope; picture-in-picture; web-share\" referrerpolicy=\"strict-origin-when-cross-origin\" allowfullscreen><\/iframe><\/p>\n<div id='gallery-1' class='gallery galleryid-20833 gallery-columns-4 gallery-size-thumbnail'><figure class='gallery-item'>\n\t\t\t<div class='gallery-icon landscape'>\n\t\t\t\t<a href='https:\/\/myftinia-shkoder.org\/?attachment_id=20839'><img loading=\"lazy\" decoding=\"async\" width=\"150\" height=\"150\" src=\"https:\/\/myftinia-shkoder.org\/wp-content\/uploads\/2026\/03\/Myftiu-Respektoni-me-te-medhenjte-dhe-meshironi-me-te-vegjlit-3-150x150.jpeg\" class=\"attachment-thumbnail size-thumbnail\" alt=\"\" aria-describedby=\"gallery-1-20839\" \/><\/a>\n\t\t\t<\/div>\n\t\t\t\t<figcaption class='wp-caption-text gallery-caption' id='gallery-1-20839'>\n\t\t\t\tMyftiu: &#8220;Respektoni m\u00eb t\u00eb m\u00ebdhenjt\u00eb dhe m\u00ebshironi m\u00eb t\u00eb vegjlit!&#8221;\n\t\t\t\t<\/figcaption><\/figure><figure class='gallery-item'>\n\t\t\t<div class='gallery-icon landscape'>\n\t\t\t\t<a href='https:\/\/myftinia-shkoder.org\/?attachment_id=20838'><img loading=\"lazy\" decoding=\"async\" width=\"150\" height=\"150\" src=\"https:\/\/myftinia-shkoder.org\/wp-content\/uploads\/2026\/03\/Myftiu-Respektoni-me-te-medhenjte-dhe-meshironi-me-te-vegjlit-1-150x150.jpeg\" class=\"attachment-thumbnail size-thumbnail\" alt=\"\" aria-describedby=\"gallery-1-20838\" \/><\/a>\n\t\t\t<\/div>\n\t\t\t\t<figcaption class='wp-caption-text gallery-caption' id='gallery-1-20838'>\n\t\t\t\tMyftiu: &#8220;Respektoni m\u00eb t\u00eb m\u00ebdhenjt\u00eb dhe m\u00ebshironi m\u00eb t\u00eb vegjlit!&#8221;\n\t\t\t\t<\/figcaption><\/figure><figure class='gallery-item'>\n\t\t\t<div class='gallery-icon landscape'>\n\t\t\t\t<a href='https:\/\/myftinia-shkoder.org\/?attachment_id=20837'><img loading=\"lazy\" decoding=\"async\" width=\"150\" height=\"150\" src=\"https:\/\/myftinia-shkoder.org\/wp-content\/uploads\/2026\/03\/Myftiu-Respektoni-me-te-medhenjte-dhe-meshironi-me-te-vegjlit-7-150x150.jpeg\" class=\"attachment-thumbnail size-thumbnail\" alt=\"\" aria-describedby=\"gallery-1-20837\" \/><\/a>\n\t\t\t<\/div>\n\t\t\t\t<figcaption class='wp-caption-text gallery-caption' id='gallery-1-20837'>\n\t\t\t\tMyftiu: &#8220;Respektoni m\u00eb t\u00eb m\u00ebdhenjt\u00eb dhe m\u00ebshironi m\u00eb t\u00eb vegjlit!&#8221;\n\t\t\t\t<\/figcaption><\/figure><figure class='gallery-item'>\n\t\t\t<div class='gallery-icon landscape'>\n\t\t\t\t<a href='https:\/\/myftinia-shkoder.org\/?attachment_id=20836'><img loading=\"lazy\" decoding=\"async\" width=\"150\" height=\"150\" src=\"https:\/\/myftinia-shkoder.org\/wp-content\/uploads\/2026\/03\/Myftiu-Respektoni-me-te-medhenjte-dhe-meshironi-me-te-vegjlit-4-150x150.jpeg\" class=\"attachment-thumbnail size-thumbnail\" alt=\"\" aria-describedby=\"gallery-1-20836\" \/><\/a>\n\t\t\t<\/div>\n\t\t\t\t<figcaption class='wp-caption-text gallery-caption' id='gallery-1-20836'>\n\t\t\t\tMyftiu: &#8220;Respektoni m\u00eb t\u00eb m\u00ebdhenjt\u00eb dhe m\u00ebshironi m\u00eb t\u00eb vegjlit!&#8221;\n\t\t\t\t<\/figcaption><\/figure><figure class='gallery-item'>\n\t\t\t<div class='gallery-icon landscape'>\n\t\t\t\t<a href='https:\/\/myftinia-shkoder.org\/?attachment_id=20835'><img loading=\"lazy\" decoding=\"async\" width=\"150\" height=\"150\" src=\"https:\/\/myftinia-shkoder.org\/wp-content\/uploads\/2026\/03\/Myftiu-Respektoni-me-te-medhenjte-dhe-meshironi-me-te-vegjlit-2-150x150.jpeg\" class=\"attachment-thumbnail size-thumbnail\" alt=\"\" aria-describedby=\"gallery-1-20835\" \/><\/a>\n\t\t\t<\/div>\n\t\t\t\t<figcaption class='wp-caption-text gallery-caption' id='gallery-1-20835'>\n\t\t\t\tMyftiu: &#8220;Respektoni m\u00eb t\u00eb m\u00ebdhenjt\u00eb dhe m\u00ebshironi m\u00eb t\u00eb vegjlit!&#8221;\n\t\t\t\t<\/figcaption><\/figure><figure class='gallery-item'>\n\t\t\t<div class='gallery-icon landscape'>\n\t\t\t\t<a href='https:\/\/myftinia-shkoder.org\/?attachment_id=20834'><img loading=\"lazy\" decoding=\"async\" width=\"150\" height=\"150\" src=\"https:\/\/myftinia-shkoder.org\/wp-content\/uploads\/2026\/03\/Myftiu-Respektoni-me-te-medhenjte-dhe-meshironi-me-te-vegjlit-6-150x150.jpeg\" class=\"attachment-thumbnail size-thumbnail\" alt=\"\" aria-describedby=\"gallery-1-20834\" \/><\/a>\n\t\t\t<\/div>\n\t\t\t\t<figcaption class='wp-caption-text gallery-caption' id='gallery-1-20834'>\n\t\t\t\tMyftiu: &#8220;Respektoni m\u00eb t\u00eb m\u00ebdhenjt\u00eb dhe m\u00ebshironi m\u00eb t\u00eb vegjlit!&#8221;\n\t\t\t\t<\/figcaption><\/figure><figure class='gallery-item'>\n\t\t\t<div class='gallery-icon landscape'>\n\t\t\t\t<a href='https:\/\/myftinia-shkoder.org\/?attachment_id=20840'><img loading=\"lazy\" decoding=\"async\" width=\"150\" height=\"150\" src=\"https:\/\/myftinia-shkoder.org\/wp-content\/uploads\/2026\/03\/Myftiu-Respektoni-me-te-medhenjte-dhe-meshironi-me-te-vegjlit-5-150x150.jpeg\" class=\"attachment-thumbnail size-thumbnail\" alt=\"\" aria-describedby=\"gallery-1-20840\" \/><\/a>\n\t\t\t<\/div>\n\t\t\t\t<figcaption class='wp-caption-text gallery-caption' id='gallery-1-20840'>\n\t\t\t\tMyftiu: &#8220;Respektoni m\u00eb t\u00eb m\u00ebdhenjt\u00eb dhe m\u00ebshironi m\u00eb t\u00eb vegjlit!&#8221;\n\t\t\t\t<\/figcaption><\/figure>\n\t\t<\/div>\n\n","protected":false},"excerpt":{"rendered":"<div class=\"mh-excerpt\"><p>Myftiu: &#8220;Respektoni m\u00eb t\u00eb m\u00ebdhenjt\u00eb dhe m\u00ebshironi m\u00eb t\u00eb vegjlit!&#8221; Dit\u00ebn e enjte, m\u00eb 12 mars 2026, q\u00eb p\u00ebrkon me nat\u00ebn e 23-t\u00eb t\u00eb Ramazanit 1447, Myftiu i Shkodr\u00ebs, Imam Muhamed B. Sytari, ishte i <a class=\"mh-excerpt-more\" href=\"https:\/\/myftinia-shkoder.org\/?p=20833\" title=\"Myftiu: &#8220;Respektoni m\u00eb t\u00eb m\u00ebdhenjt\u00eb dhe m\u00ebshironi m\u00eb t\u00eb vegjlit!&#8221;\">[&#8230;]<\/a><\/p>\n<\/div>","protected":false},"author":1,"featured_media":20840,"comment_status":"closed","ping_status":"closed","sticky":false,"template":"","format":"standard","meta":{"footnotes":""},"categories":[45],"tags":[],"class_list":["post-20833","post","type-post","status-publish","format-standard","has-post-thumbnail","hentry","category-ramazan-1447-2026"],"_links":{"self":[{"href":"https:\/\/myftinia-shkoder.org\/index.php?rest_route=\/wp\/v2\/posts\/20833","targetHints":{"allow":["GET"]}}],"collection":[{"href":"https:\/\/myftinia-shkoder.org\/index.php?rest_route=\/wp\/v2\/posts"}],"about":[{"href":"https:\/\/myftinia-shkoder.org\/index.php?rest_route=\/wp\/v2\/types\/post"}],"author":[{"embeddable":true,"href":"https:\/\/myftinia-shkoder.org\/index.php?rest_route=\/wp\/v2\/users\/1"}],"replies":[{"embeddable":true,"href":"https:\/\/myftinia-shkoder.org\/index.php?rest_route=%2Fwp%2Fv2%2Fcomments&post=20833"}],"version-history":[{"count":1,"href":"https:\/\/myftinia-shkoder.org\/index.php?rest_route=\/wp\/v2\/posts\/20833\/revisions"}],"predecessor-version":[{"id":20841,"href":"https:\/\/myftinia-shkoder.org\/index.php?rest_route=\/wp\/v2\/posts\/20833\/revisions\/20841"}],"wp:featuredmedia":[{"embeddable":true,"href":"https:\/\/myftinia-shkoder.org\/index.php?rest_route=\/wp\/v2\/media\/20840"}],"wp:attachment":[{"href":"https:\/\/myftinia-shkoder.org\/index.php?rest_route=%2Fwp%2Fv2%2Fmedia&parent=20833"}],"wp:term":[{"taxonomy":"category","embeddable":true,"href":"https:\/\/myftinia-shkoder.org\/index.php?rest_route=%2Fwp%2Fv2%2Fcategories&post=20833"},{"taxonomy":"post_tag","embeddable":true,"href":"https:\/\/myftinia-shkoder.org\/index.php?rest_route=%2Fwp%2Fv2%2Ftags&post=20833"}],"curies":[{"name":"wp","href":"https:\/\/api.w.org\/{rel}","templated":true}]}}