{"id":20845,"date":"2026-03-14T10:06:01","date_gmt":"2026-03-14T10:06:01","guid":{"rendered":"https:\/\/myftinia-shkoder.org\/?p=20845"},"modified":"2026-03-14T10:06:01","modified_gmt":"2026-03-14T10:06:01","slug":"a-ka-nate-kadri-per-te-zhyturit-ne-gjynahe","status":"publish","type":"post","link":"https:\/\/myftinia-shkoder.org\/?p=20845","title":{"rendered":"\u201cA ka Nat\u00eb Kadri p\u00ebr t\u00eb zhyturit n\u00eb gjynahe?\u201d"},"content":{"rendered":"<p style=\"text-align: justify;\"><strong>\u201cA ka Nat\u00eb Kadri p\u00ebr t\u00eb zhyturit n\u00eb gjynahe?\u201d<\/strong><\/p>\n<p style=\"text-align: justify;\">Dit\u00ebn e xhuma, m\u00eb 13 mars 2026, n\u00ebp\u00ebrmjet minberit t\u00eb xhamis\u00eb s\u00eb Parruc\u00ebs, Myftiu i Shkodr\u00ebs, Imam Muhamed B. Sytari, iu drejtua besimtar\u00ebve me mesazhe shprese dhe m\u00ebshira, me t\u00eb cilat Allahu i Madh\u00ebruar e ka bekuar ymetin e Hz. Pejgamberit (a.s).<\/p>\n<p style=\"text-align: justify;\">Gjat\u00eb hytbes s\u00eb xhumas\u00eb, Myftiu Sytari u ndal tek m\u00ebshira dhe falja e pakufishme e Allahut t\u00eb Madh\u00ebruar p\u00ebr rob\u00ebrit e Tij, n\u00eb k\u00ebt\u00eb Muaj t\u00eb Begat\u00eb t\u00eb Ramazanit, si dhe tek bamir\u00ebsit\u00eb e shumta dhe solidariteti me njer\u00ebzit n\u00eb nevoj\u00eb.<\/p>\n<p style=\"text-align: justify;\">Myftiu tha, se: \u201cKemi par\u00eb dhe kemi d\u00ebshmuar fal\u00eb Allahut\u00a0 t\u00eb Madh\u00ebruar, bamir\u00ebsin\u00eb e njer\u00ebzve t\u00eb ndrysh\u00ebm p\u00ebr t\u00eb b\u00ebr\u00eb mir\u00eb, p\u00ebr t\u00eb ndihmuar nevojtar\u00ebt, p\u00ebr t\u00eb qen\u00eb me njer\u00ebzit skamnor\u00eb, p\u00ebr t&#8217;i ardhur n\u00eb ndihm\u00eb atyre q\u00eb ndoshta nuk e kan\u00eb mund\u00ebsin\u00eb as p\u00ebr nj\u00eb iftar dhe t\u00eb gjith\u00eb n\u00eb nj\u00eb m\u00ebnyr\u00eb apo nj\u00eb tjet\u00ebr jan\u00eb g\u00ebzuar dhe jan\u00eb sh\u00ebnuar n\u00eb k\u00ebt\u00eb Muaj t\u00eb Begat\u00eb t\u00eb Ramazanit!\u201d<\/p>\n<p style=\"text-align: justify;\">Myftiu theksoi se, falja dhe m\u00ebshira e Allahut n\u00eb k\u00ebt\u00eb Muaj, sidomos n\u00eb 10 dit\u00ebt e fundit t\u00eb ti, n\u00eb t\u00eb cilat tashm\u00eb kemi hyr\u00eb dhe Ramazanit po i afrohet fundi, jan\u00eb t\u00eb pakufishme dhe p\u00ebrfshin shum\u00eb prej rob\u00ebrve t\u00eb Allahut t\u00eb Madh\u00ebruar: \u201cMendoni vet\u00ebm p\u00ebr pak se sa m\u00ebshir\u00eb e madhe \u00ebsht\u00eb derdh p\u00ebr mbar\u00eb njer\u00ebzimin dhe p\u00ebr besimtar\u00ebt n\u00eb ve\u00e7anti n\u00eb Nat\u00ebn e Kadrit e n\u00eb k\u00ebto 10 net t\u00eb ngelura t\u00eb k\u00ebtij Muaji t\u00eb Begat\u00eb t\u00eb Ramazanit. E thuaj n\u00eb k\u00ebto dit\u00eb t\u00eb ngelura, sepse po shkojm\u00eb n\u00eb jav\u00ebn e fundit, e xhuman\u00eb e ardhshme hytbeja do t\u00eb jet\u00eb hytbe e Bajramit dhe jo hytbe Ramazanit.<\/p>\n<p style=\"text-align: justify;\">Mendoni vet\u00ebm p\u00ebr pak hadithin e Pejgamberit (a.s), i cili thot\u00eb: \u2018Ai i cili e kalon Nat\u00ebn e Kadrit duke u fal\u00eb dhe duke u lut, atij do t&#8217;i falen t\u00eb gjitha gjynahet e shkuara!\u2019<\/p>\n<p style=\"text-align: justify;\">Allahu Ekber. \u00c7far\u00eb \u00ebsht\u00eb kjo m\u00ebshir\u00eb e madhe? \u00c7far\u00eb \u00ebsht\u00eb kjo falje e madhe? \u00cbsht\u00eb Madh\u00ebria e Tij (xh.sh), i Cili do t\u00eb na tregoj\u00eb se ne jemi nevojtar\u00eb p\u00ebr m\u00ebshir\u00ebn e Zotit ton\u00eb dhe se dyert e m\u00ebshir\u00ebs s\u00eb Allahut nuk i mbyllen asnj\u00ebher\u00eb njeriut!\u201d<\/p>\n<p style=\"text-align: justify;\">Kliko n\u00eb linkun e m\u00ebposht\u00ebm p\u00ebr t\u00eb ndjekur t\u00eb plot\u00eb hytben e Myftiut:<\/p>\n<p><iframe loading=\"lazy\" title=\"A ka Nat\u00eb Kadri p\u00ebr t\u00eb zhyturit n\u00eb gjynahe?\" width=\"500\" height=\"281\" src=\"https:\/\/www.youtube.com\/embed\/Da6ajst0K2E?feature=oembed\" frameborder=\"0\" allow=\"accelerometer; autoplay; clipboard-write; encrypted-media; gyroscope; picture-in-picture; web-share\" referrerpolicy=\"strict-origin-when-cross-origin\" allowfullscreen><\/iframe><\/p>\n<p>&nbsp;<\/p>\n","protected":false},"excerpt":{"rendered":"<div class=\"mh-excerpt\"><p>\u201cA ka Nat\u00eb Kadri p\u00ebr t\u00eb zhyturit n\u00eb gjynahe?\u201d Dit\u00ebn e xhuma, m\u00eb 13 mars 2026, n\u00ebp\u00ebrmjet minberit t\u00eb xhamis\u00eb s\u00eb Parruc\u00ebs, Myftiu i Shkodr\u00ebs, Imam Muhamed B. Sytari, iu drejtua besimtar\u00ebve me mesazhe shprese <a class=\"mh-excerpt-more\" href=\"https:\/\/myftinia-shkoder.org\/?p=20845\" title=\"\u201cA ka Nat\u00eb Kadri p\u00ebr t\u00eb zhyturit n\u00eb gjynahe?\u201d\">[&#8230;]<\/a><\/p>\n<\/div>","protected":false},"author":1,"featured_media":20846,"comment_status":"closed","ping_status":"closed","sticky":false,"template":"","format":"standard","meta":{"footnotes":""},"categories":[5,45],"tags":[],"class_list":["post-20845","post","type-post","status-publish","format-standard","has-post-thumbnail","hentry","category-hytbe","category-ramazan-1447-2026"],"_links":{"self":[{"href":"https:\/\/myftinia-shkoder.org\/index.php?rest_route=\/wp\/v2\/posts\/20845","targetHints":{"allow":["GET"]}}],"collection":[{"href":"https:\/\/myftinia-shkoder.org\/index.php?rest_route=\/wp\/v2\/posts"}],"about":[{"href":"https:\/\/myftinia-shkoder.org\/index.php?rest_route=\/wp\/v2\/types\/post"}],"author":[{"embeddable":true,"href":"https:\/\/myftinia-shkoder.org\/index.php?rest_route=\/wp\/v2\/users\/1"}],"replies":[{"embeddable":true,"href":"https:\/\/myftinia-shkoder.org\/index.php?rest_route=%2Fwp%2Fv2%2Fcomments&post=20845"}],"version-history":[{"count":1,"href":"https:\/\/myftinia-shkoder.org\/index.php?rest_route=\/wp\/v2\/posts\/20845\/revisions"}],"predecessor-version":[{"id":20847,"href":"https:\/\/myftinia-shkoder.org\/index.php?rest_route=\/wp\/v2\/posts\/20845\/revisions\/20847"}],"wp:featuredmedia":[{"embeddable":true,"href":"https:\/\/myftinia-shkoder.org\/index.php?rest_route=\/wp\/v2\/media\/20846"}],"wp:attachment":[{"href":"https:\/\/myftinia-shkoder.org\/index.php?rest_route=%2Fwp%2Fv2%2Fmedia&parent=20845"}],"wp:term":[{"taxonomy":"category","embeddable":true,"href":"https:\/\/myftinia-shkoder.org\/index.php?rest_route=%2Fwp%2Fv2%2Fcategories&post=20845"},{"taxonomy":"post_tag","embeddable":true,"href":"https:\/\/myftinia-shkoder.org\/index.php?rest_route=%2Fwp%2Fv2%2Ftags&post=20845"}],"curies":[{"name":"wp","href":"https:\/\/api.w.org\/{rel}","templated":true}]}}