{"id":20850,"date":"2026-03-14T13:32:57","date_gmt":"2026-03-14T13:32:57","guid":{"rendered":"https:\/\/myftinia-shkoder.org\/?p=20850"},"modified":"2026-03-14T13:54:44","modified_gmt":"2026-03-14T13:54:44","slug":"myftiu-dhe-imamet-e-qytetit-diskutuan-organizimin-e-fiter-bajramit","status":"publish","type":"post","link":"https:\/\/myftinia-shkoder.org\/?p=20850","title":{"rendered":"Myftiu dhe imam\u00ebt e qytetit diskutuan organizimin e Fit\u00ebr Bajramit"},"content":{"rendered":"<p style=\"text-align: justify;\"><strong>Myftiu dhe imam\u00ebt e qytetit diskutuan organizimin e Fit\u00ebr Bajramit<\/strong><\/p>\n<p style=\"text-align: justify;\">Dit\u00ebn e shtun\u00eb, m\u00eb 14 mars 2026, Myftiu i Shkodr\u00ebs, Imam Muhamed B. Sytari, zhvilloi nj\u00eb takim pune me imam\u00ebt e ftuar t\u00eb xhamive: &#8220;Ebu Bek\u00ebr&#8221;, Kiras, &#8220;Dy Vajzave&#8221;, Medrese, Perash, Kiras, D\u00ebrgut e Shirok\u00eb.<\/p>\n<p style=\"text-align: justify;\">Gjat\u00eb k\u00ebtij takimi u diskutua rreth organizmit t\u00eb ceremonis\u00eb s\u00eb Fit\u00ebr Bajramit, me \u00e7&#8217;rast u ra dakord q\u00eb ceremonia e k\u00ebsaj dite festive t\u00eb zhvillohet n\u00eb sheshin e Vak\u00ebfit t\u00eb Fush\u00eb \u00c7el\u00ebs, dit\u00ebn e xhuma, m\u00eb 20 mars 2026.<\/p>\n<p style=\"text-align: justify;\">U paraqit edhe programi i ceremonis\u00eb s\u00eb Fit\u00ebr Bajramit dhe u dhan\u00eb udh\u00ebzimet e duhura p\u00ebr mbar\u00ebsin\u00eb e k\u00ebtij eventi.<\/p>\n<p style=\"text-align: justify;\">Me k\u00ebt\u00eb rast, Myftinia Shkod\u00ebr b\u00ebn me dije se t\u00eb gjitha xhamit\u00eb e qytetit do t\u00eb jen\u00eb t\u00eb mbyllura p\u00ebr namaz t\u00eb sabahut dhe p\u00ebr Fit\u00ebr Bajram, t\u00eb cilat do t\u00eb zhvillohen t\u00eb organizuara me xhemat n\u00eb shesh, sipas programit q\u00eb do t\u00eb lajm\u00ebrohet n\u00eb vijim t\u00eb dit\u00ebve t\u00eb ngelura t\u00eb Muajit Ramazan.<\/p>\n<div id='gallery-1' class='gallery galleryid-20850 gallery-columns-3 gallery-size-thumbnail'><figure class='gallery-item'>\n\t\t\t<div class='gallery-icon landscape'>\n\t\t\t\t<a href='https:\/\/myftinia-shkoder.org\/?attachment_id=20851'><img loading=\"lazy\" decoding=\"async\" width=\"150\" height=\"150\" src=\"https:\/\/myftinia-shkoder.org\/wp-content\/uploads\/2026\/03\/Myftiu-dhe-imamet-e-qytetit-diskutuan-organizimin-e-Fiter-Bajramit-1-150x150.jpeg\" class=\"attachment-thumbnail size-thumbnail\" alt=\"\" aria-describedby=\"gallery-1-20851\" \/><\/a>\n\t\t\t<\/div>\n\t\t\t\t<figcaption class='wp-caption-text gallery-caption' id='gallery-1-20851'>\n\t\t\t\tMyftiu dhe imam\u00ebt e qytetit diskutuan organizimin e Fit\u00ebr Bajramit\n\t\t\t\t<\/figcaption><\/figure><figure class='gallery-item'>\n\t\t\t<div class='gallery-icon landscape'>\n\t\t\t\t<a href='https:\/\/myftinia-shkoder.org\/?attachment_id=20853'><img loading=\"lazy\" decoding=\"async\" width=\"150\" height=\"150\" src=\"https:\/\/myftinia-shkoder.org\/wp-content\/uploads\/2026\/03\/Myftiu-dhe-imamet-e-qytetit-diskutuan-organizimin-e-Fiter-Bajramit-3-150x150.jpeg\" class=\"attachment-thumbnail size-thumbnail\" alt=\"\" aria-describedby=\"gallery-1-20853\" \/><\/a>\n\t\t\t<\/div>\n\t\t\t\t<figcaption class='wp-caption-text gallery-caption' id='gallery-1-20853'>\n\t\t\t\tMyftiu dhe imam\u00ebt e qytetit diskutuan organizimin e Fit\u00ebr Bajramit\n\t\t\t\t<\/figcaption><\/figure><figure class='gallery-item'>\n\t\t\t<div class='gallery-icon landscape'>\n\t\t\t\t<a href='https:\/\/myftinia-shkoder.org\/?attachment_id=20852'><img loading=\"lazy\" decoding=\"async\" width=\"150\" height=\"150\" src=\"https:\/\/myftinia-shkoder.org\/wp-content\/uploads\/2026\/03\/Myftiu-dhe-imamet-e-qytetit-diskutuan-organizimin-e-Fiter-Bajramit-2-150x150.jpeg\" class=\"attachment-thumbnail size-thumbnail\" alt=\"\" aria-describedby=\"gallery-1-20852\" \/><\/a>\n\t\t\t<\/div>\n\t\t\t\t<figcaption class='wp-caption-text gallery-caption' id='gallery-1-20852'>\n\t\t\t\tMyftiu dhe imam\u00ebt e qytetit diskutuan organizimin e Fit\u00ebr Bajramit\n\t\t\t\t<\/figcaption><\/figure>\n\t\t<\/div>\n\n","protected":false},"excerpt":{"rendered":"<div class=\"mh-excerpt\"><p>Myftiu dhe imam\u00ebt e qytetit diskutuan organizimin e Fit\u00ebr Bajramit Dit\u00ebn e shtun\u00eb, m\u00eb 14 mars 2026, Myftiu i Shkodr\u00ebs, Imam Muhamed B. Sytari, zhvilloi nj\u00eb takim pune me imam\u00ebt e ftuar t\u00eb xhamive: &#8220;Ebu <a class=\"mh-excerpt-more\" href=\"https:\/\/myftinia-shkoder.org\/?p=20850\" title=\"Myftiu dhe imam\u00ebt e qytetit diskutuan organizimin e Fit\u00ebr Bajramit\">[&#8230;]<\/a><\/p>\n<\/div>","protected":false},"author":1,"featured_media":20851,"comment_status":"closed","ping_status":"closed","sticky":false,"template":"","format":"standard","meta":{"footnotes":""},"categories":[45],"tags":[],"class_list":["post-20850","post","type-post","status-publish","format-standard","has-post-thumbnail","hentry","category-ramazan-1447-2026"],"_links":{"self":[{"href":"https:\/\/myftinia-shkoder.org\/index.php?rest_route=\/wp\/v2\/posts\/20850","targetHints":{"allow":["GET"]}}],"collection":[{"href":"https:\/\/myftinia-shkoder.org\/index.php?rest_route=\/wp\/v2\/posts"}],"about":[{"href":"https:\/\/myftinia-shkoder.org\/index.php?rest_route=\/wp\/v2\/types\/post"}],"author":[{"embeddable":true,"href":"https:\/\/myftinia-shkoder.org\/index.php?rest_route=\/wp\/v2\/users\/1"}],"replies":[{"embeddable":true,"href":"https:\/\/myftinia-shkoder.org\/index.php?rest_route=%2Fwp%2Fv2%2Fcomments&post=20850"}],"version-history":[{"count":2,"href":"https:\/\/myftinia-shkoder.org\/index.php?rest_route=\/wp\/v2\/posts\/20850\/revisions"}],"predecessor-version":[{"id":20856,"href":"https:\/\/myftinia-shkoder.org\/index.php?rest_route=\/wp\/v2\/posts\/20850\/revisions\/20856"}],"wp:featuredmedia":[{"embeddable":true,"href":"https:\/\/myftinia-shkoder.org\/index.php?rest_route=\/wp\/v2\/media\/20851"}],"wp:attachment":[{"href":"https:\/\/myftinia-shkoder.org\/index.php?rest_route=%2Fwp%2Fv2%2Fmedia&parent=20850"}],"wp:term":[{"taxonomy":"category","embeddable":true,"href":"https:\/\/myftinia-shkoder.org\/index.php?rest_route=%2Fwp%2Fv2%2Fcategories&post=20850"},{"taxonomy":"post_tag","embeddable":true,"href":"https:\/\/myftinia-shkoder.org\/index.php?rest_route=%2Fwp%2Fv2%2Ftags&post=20850"}],"curies":[{"name":"wp","href":"https:\/\/api.w.org\/{rel}","templated":true}]}}