{"id":20908,"date":"2026-03-15T22:32:21","date_gmt":"2026-03-15T22:32:21","guid":{"rendered":"https:\/\/myftinia-shkoder.org\/?p=20908"},"modified":"2026-03-17T11:16:23","modified_gmt":"2026-03-17T11:16:23","slug":"sofra-e-iftarit-qe-bashkon-zemrat","status":"publish","type":"post","link":"https:\/\/myftinia-shkoder.org\/?p=20908","title":{"rendered":"Sofra e iftarit q\u00eb bashkon zemrat"},"content":{"rendered":"<p style=\"text-align: justify;\"><strong>Sofra e iftarit q\u00eb bashkon zemrat <\/strong><\/p>\n<p style=\"text-align: justify;\">N\u00eb nj\u00eb atmosfer\u00eb t\u00eb ngroht\u00eb solidariteti, mbr\u00ebmjen e s\u00eb shtun\u00ebs, m\u00eb 15 mars 2026, u shtrua nj\u00eb sof\u00ebr iftari e cila mblodhi s\u00eb bashku besimtar\u00eb n\u00eb frym\u00ebn e Muajit t\u00eb Begat\u00eb t\u00eb Ramazanit.<\/p>\n<p style=\"text-align: justify;\">N\u00eb koordinim me Myftinin\u00eb Shkod\u00ebr, ky iftar u shtrua me bujari nga k\u00ebng\u00ebtari i mir\u00ebnjohur shkodran z. Bujar Qamili, n\u00eb nj\u00eb gjest fisnik q\u00eb pasqyron vlerat e solidaritetit dhe bamir\u00ebsis\u00eb q\u00eb karakterizojn\u00eb k\u00ebt\u00eb Muaj t\u00eb Shenjt\u00eb.<\/p>\n<p style=\"text-align: justify;\">N\u00eb k\u00ebt\u00eb iftar mori pjes\u00eb edhe teologu Arben Halluni, i cili n\u00eb p\u00ebrsh\u00ebndetjen e tij n\u00eb em\u00ebr t\u00eb Myftinis\u00eb Shkod\u00ebr duke vler\u00ebsuar r\u00ebnd\u00ebsin\u00eb q\u00eb ka muaji i Ramazanit n\u00eb forcimin e lidhjeve mes njer\u00ebzve dhe n\u00eb kultivimin e ndjenj\u00ebs s\u00eb ndihm\u00ebs dhe kujdesit p\u00ebr nj\u00ebri-tjetrin, shprehu gjithashtu fal\u00ebnderimin dhe mir\u00ebnjohjen p\u00ebr bujarin\u00eb e treguar nga k\u00ebng\u00ebtari Bujar Qamili p\u00ebr organizimin e k\u00ebtij iftari, duke e cil\u00ebsuar k\u00ebt\u00eb si nj\u00eb vep\u00ebr t\u00eb mir\u00eb dhe nj\u00eb shembull t\u00eb bukur solidariteti n\u00eb muajin e Ramazanit.<\/p>\n<p style=\"text-align: justify;\">Iftari kaloi n\u00eb nj\u00eb atmosfer\u00eb shum\u00eb t\u00eb ngroht\u00eb dhe miq\u00ebsore, nd\u00ebrsa t\u00eb besimtar\u00ebt ndan\u00eb s\u00eb bashku momentin e iftarit, duke u lutur q\u00eb Zoti Fuqiplot\u00eb t\u2019ua pranoj\u00eb agj\u00ebrimin dhe veprat e mira t\u00eb k\u00ebtij Muaji t\u00eb Begat\u00eb.<\/p>\n<div id='gallery-1' class='gallery galleryid-20908 gallery-columns-5 gallery-size-thumbnail'><figure class='gallery-item'>\n\t\t\t<div class='gallery-icon landscape'>\n\t\t\t\t<a href='https:\/\/myftinia-shkoder.org\/?attachment_id=20915'><img loading=\"lazy\" decoding=\"async\" width=\"150\" height=\"150\" src=\"https:\/\/myftinia-shkoder.org\/wp-content\/uploads\/2026\/03\/Sofra-e-iftarit-qe-bashkon-zemrat-7-150x150.jpg\" class=\"attachment-thumbnail size-thumbnail\" alt=\"\" aria-describedby=\"gallery-1-20915\" \/><\/a>\n\t\t\t<\/div>\n\t\t\t\t<figcaption class='wp-caption-text gallery-caption' id='gallery-1-20915'>\n\t\t\t\tSofra e iftarit q\u00eb bashkon zemrat\n\t\t\t\t<\/figcaption><\/figure><figure class='gallery-item'>\n\t\t\t<div class='gallery-icon landscape'>\n\t\t\t\t<a href='https:\/\/myftinia-shkoder.org\/?attachment_id=20909'><img loading=\"lazy\" decoding=\"async\" width=\"150\" height=\"150\" src=\"https:\/\/myftinia-shkoder.org\/wp-content\/uploads\/2026\/03\/Sofra-e-iftarit-qe-bashkon-zemrat-1-150x150.jpg\" class=\"attachment-thumbnail size-thumbnail\" alt=\"\" aria-describedby=\"gallery-1-20909\" \/><\/a>\n\t\t\t<\/div>\n\t\t\t\t<figcaption class='wp-caption-text gallery-caption' id='gallery-1-20909'>\n\t\t\t\tSofra e iftarit q\u00eb bashkon zemrat\n\t\t\t\t<\/figcaption><\/figure><figure class='gallery-item'>\n\t\t\t<div class='gallery-icon landscape'>\n\t\t\t\t<a href='https:\/\/myftinia-shkoder.org\/?attachment_id=20910'><img loading=\"lazy\" decoding=\"async\" width=\"150\" height=\"150\" src=\"https:\/\/myftinia-shkoder.org\/wp-content\/uploads\/2026\/03\/Sofra-e-iftarit-qe-bashkon-zemrat-2-150x150.jpg\" class=\"attachment-thumbnail size-thumbnail\" alt=\"\" aria-describedby=\"gallery-1-20910\" \/><\/a>\n\t\t\t<\/div>\n\t\t\t\t<figcaption class='wp-caption-text gallery-caption' id='gallery-1-20910'>\n\t\t\t\tSofra e iftarit q\u00eb bashkon zemrat\n\t\t\t\t<\/figcaption><\/figure><figure class='gallery-item'>\n\t\t\t<div class='gallery-icon portrait'>\n\t\t\t\t<a href='https:\/\/myftinia-shkoder.org\/?attachment_id=20914'><img loading=\"lazy\" decoding=\"async\" width=\"150\" height=\"150\" src=\"https:\/\/myftinia-shkoder.org\/wp-content\/uploads\/2026\/03\/Sofra-e-iftarit-qe-bashkon-zemrat-6-150x150.jpg\" class=\"attachment-thumbnail size-thumbnail\" alt=\"\" aria-describedby=\"gallery-1-20914\" \/><\/a>\n\t\t\t<\/div>\n\t\t\t\t<figcaption class='wp-caption-text gallery-caption' id='gallery-1-20914'>\n\t\t\t\tSofra e iftarit q\u00eb bashkon zemrat\n\t\t\t\t<\/figcaption><\/figure><figure class='gallery-item'>\n\t\t\t<div class='gallery-icon landscape'>\n\t\t\t\t<a href='https:\/\/myftinia-shkoder.org\/?attachment_id=20912'><img loading=\"lazy\" decoding=\"async\" width=\"150\" height=\"150\" src=\"https:\/\/myftinia-shkoder.org\/wp-content\/uploads\/2026\/03\/Sofra-e-iftarit-qe-bashkon-zemrat-4-150x150.jpg\" class=\"attachment-thumbnail size-thumbnail\" alt=\"\" aria-describedby=\"gallery-1-20912\" \/><\/a>\n\t\t\t<\/div>\n\t\t\t\t<figcaption class='wp-caption-text gallery-caption' id='gallery-1-20912'>\n\t\t\t\tSofra e iftarit q\u00eb bashkon zemrat\n\t\t\t\t<\/figcaption><\/figure>\n\t\t<\/div>\n\n","protected":false},"excerpt":{"rendered":"<div class=\"mh-excerpt\"><p>Sofra e iftarit q\u00eb bashkon zemrat N\u00eb nj\u00eb atmosfer\u00eb t\u00eb ngroht\u00eb solidariteti, mbr\u00ebmjen e s\u00eb shtun\u00ebs, m\u00eb 15 mars 2026, u shtrua nj\u00eb sof\u00ebr iftari e cila mblodhi s\u00eb bashku besimtar\u00eb n\u00eb frym\u00ebn e Muajit <a class=\"mh-excerpt-more\" href=\"https:\/\/myftinia-shkoder.org\/?p=20908\" title=\"Sofra e iftarit q\u00eb bashkon zemrat\">[&#8230;]<\/a><\/p>\n<\/div>","protected":false},"author":1,"featured_media":20915,"comment_status":"closed","ping_status":"closed","sticky":false,"template":"","format":"standard","meta":{"footnotes":""},"categories":[45],"tags":[],"class_list":["post-20908","post","type-post","status-publish","format-standard","has-post-thumbnail","hentry","category-ramazan-1447-2026"],"_links":{"self":[{"href":"https:\/\/myftinia-shkoder.org\/index.php?rest_route=\/wp\/v2\/posts\/20908","targetHints":{"allow":["GET"]}}],"collection":[{"href":"https:\/\/myftinia-shkoder.org\/index.php?rest_route=\/wp\/v2\/posts"}],"about":[{"href":"https:\/\/myftinia-shkoder.org\/index.php?rest_route=\/wp\/v2\/types\/post"}],"author":[{"embeddable":true,"href":"https:\/\/myftinia-shkoder.org\/index.php?rest_route=\/wp\/v2\/users\/1"}],"replies":[{"embeddable":true,"href":"https:\/\/myftinia-shkoder.org\/index.php?rest_route=%2Fwp%2Fv2%2Fcomments&post=20908"}],"version-history":[{"count":1,"href":"https:\/\/myftinia-shkoder.org\/index.php?rest_route=\/wp\/v2\/posts\/20908\/revisions"}],"predecessor-version":[{"id":20916,"href":"https:\/\/myftinia-shkoder.org\/index.php?rest_route=\/wp\/v2\/posts\/20908\/revisions\/20916"}],"wp:featuredmedia":[{"embeddable":true,"href":"https:\/\/myftinia-shkoder.org\/index.php?rest_route=\/wp\/v2\/media\/20915"}],"wp:attachment":[{"href":"https:\/\/myftinia-shkoder.org\/index.php?rest_route=%2Fwp%2Fv2%2Fmedia&parent=20908"}],"wp:term":[{"taxonomy":"category","embeddable":true,"href":"https:\/\/myftinia-shkoder.org\/index.php?rest_route=%2Fwp%2Fv2%2Fcategories&post=20908"},{"taxonomy":"post_tag","embeddable":true,"href":"https:\/\/myftinia-shkoder.org\/index.php?rest_route=%2Fwp%2Fv2%2Ftags&post=20908"}],"curies":[{"name":"wp","href":"https:\/\/api.w.org\/{rel}","templated":true}]}}