{"id":20939,"date":"2026-03-17T09:31:00","date_gmt":"2026-03-17T09:31:00","guid":{"rendered":"https:\/\/myftinia-shkoder.org\/?p=20939"},"modified":"2026-03-17T09:31:00","modified_gmt":"2026-03-17T09:31:00","slug":"ceremoni-me-dua-dhe-hatme-sherife-ne-xhamine-e-parruces","status":"publish","type":"post","link":"https:\/\/myftinia-shkoder.org\/?p=20939","title":{"rendered":"Ceremoni me Dua dhe Hatme Sherife n\u00eb xhamin\u00eb e Parruc\u00ebs"},"content":{"rendered":"<p style=\"text-align: justify;\"><strong>Ceremoni me Dua dhe Hatme Sherife n\u00eb xhamin\u00eb e Parruc\u00ebs<\/strong><\/p>\n<p style=\"text-align: justify;\">N\u00eb kuad\u00ebr t\u00eb aktiviteteve t\u00eb Muajit t\u00eb Begat\u00eb t\u00eb Ramazanit, Myftinia Shkod\u00ebr organizoi ceremonin\u00eb e Duas\u00eb dhe Hatmes Sherife, e cila u zhvillua dit\u00ebn e h\u00ebn\u00eb, m\u00eb 16 mars 2026, pas namazit t\u00eb ikindis\u00eb, n\u00eb xhamin\u00eb e Parruc\u00ebs.<\/p>\n<p style=\"text-align: justify;\">N\u00eb fillim t\u00eb k\u00ebtij tubimi shpirt\u00ebror, teologu Arben Halluni mbajti nj\u00eb fjal\u00eb p\u00ebrsh\u00ebndet\u00ebse dhe nj\u00eb mesazh t\u00eb ve\u00e7ant\u00eb mbi madh\u00ebshtin\u00eb e Nat\u00ebs s\u00eb Kadrit, duke theksuar r\u00ebnd\u00ebsin\u00eb q\u00eb ka lidhja e besimtarit me Librin e Shenjt\u00eb, ve\u00e7an\u00ebrisht gjat\u00eb muajit t\u00eb Ramazanit.<\/p>\n<p style=\"text-align: justify;\">N\u00eb fjal\u00ebn e tij, ai fal\u00ebnderoi imam\u00ebt dhe hoxhallar\u00ebt, t\u00eb cil\u00ebt gjat\u00eb gjith\u00eb muajit t\u00eb Ramazanit kan\u00eb drejtuar me p\u00ebrkushtim mukabelen e p\u00ebrditshme, duke b\u00ebr\u00eb leximin e plot\u00eb t\u00eb Kur\u2019anit Fam\u00eblart\u00eb dhe duke i dh\u00ebn\u00eb gjall\u00ebri xhamive me z\u00ebrin e fjal\u00ebs hyjnore.<\/p>\n<p style=\"text-align: justify;\">Ai theksoi se kjo tradit\u00eb e bukur \u00ebsht\u00eb nj\u00eb d\u00ebshmi e dashuris\u00eb s\u00eb besimtar\u00ebve p\u00ebr Kur\u2019anin Fam\u00eblart\u00eb dhe nj\u00eb m\u00ebnyr\u00eb p\u00ebr ta p\u00ebrjetuar Ramazanin n\u00eb aspektin e tij m\u00eb t\u00eb thell\u00eb shpirt\u00ebror.<\/p>\n<p style=\"text-align: justify;\">N\u00eb p\u00ebrfundim t\u00eb k\u00ebtij programi u b\u00eb dua-lutja e Hatmes Sherife, ku besimtar\u00ebt e pranish\u00ebm iu drejtuan Allahut (xh.sh) me lutje p\u00ebr m\u00ebshir\u00eb, falje, paqe dhe begati p\u00ebr familjet e tyre, p\u00ebr qytetin e Shkodr\u00ebs dhe p\u00ebr mbar\u00eb ymetin dhe njer\u00ebzimin.<\/p>\n<div id='gallery-1' class='gallery galleryid-20939 gallery-columns-5 gallery-size-thumbnail'><figure class='gallery-item'>\n\t\t\t<div class='gallery-icon landscape'>\n\t\t\t\t<a href='https:\/\/myftinia-shkoder.org\/?attachment_id=20942'><img loading=\"lazy\" decoding=\"async\" width=\"150\" height=\"150\" src=\"https:\/\/myftinia-shkoder.org\/wp-content\/uploads\/2026\/03\/Ceremoni-me-Dua-dhe-Hatme-Sherife-ne-xhamine-e-Parruces-1-150x150.jpg\" class=\"attachment-thumbnail size-thumbnail\" alt=\"\" aria-describedby=\"gallery-1-20942\" \/><\/a>\n\t\t\t<\/div>\n\t\t\t\t<figcaption class='wp-caption-text gallery-caption' id='gallery-1-20942'>\n\t\t\t\tCeremoni me Dua dhe Hatme Sherife n\u00eb xhamin\u00eb e Parruc\u00ebs\n\t\t\t\t<\/figcaption><\/figure><figure class='gallery-item'>\n\t\t\t<div class='gallery-icon landscape'>\n\t\t\t\t<a href='https:\/\/myftinia-shkoder.org\/?attachment_id=20944'><img loading=\"lazy\" decoding=\"async\" width=\"150\" height=\"150\" src=\"https:\/\/myftinia-shkoder.org\/wp-content\/uploads\/2026\/03\/Ceremoni-me-Dua-dhe-Hatme-Sherife-ne-xhamine-e-Parruces-4-150x150.jpg\" class=\"attachment-thumbnail size-thumbnail\" alt=\"\" aria-describedby=\"gallery-1-20944\" \/><\/a>\n\t\t\t<\/div>\n\t\t\t\t<figcaption class='wp-caption-text gallery-caption' id='gallery-1-20944'>\n\t\t\t\tCeremoni me Dua dhe Hatme Sherife n\u00eb xhamin\u00eb e Parruc\u00ebs\n\t\t\t\t<\/figcaption><\/figure><figure class='gallery-item'>\n\t\t\t<div class='gallery-icon landscape'>\n\t\t\t\t<a href='https:\/\/myftinia-shkoder.org\/?attachment_id=20945'><img loading=\"lazy\" decoding=\"async\" width=\"150\" height=\"150\" src=\"https:\/\/myftinia-shkoder.org\/wp-content\/uploads\/2026\/03\/Ceremoni-me-Dua-dhe-Hatme-Sherife-ne-xhamine-e-Parruces-5-150x150.jpg\" class=\"attachment-thumbnail size-thumbnail\" alt=\"\" aria-describedby=\"gallery-1-20945\" \/><\/a>\n\t\t\t<\/div>\n\t\t\t\t<figcaption class='wp-caption-text gallery-caption' id='gallery-1-20945'>\n\t\t\t\tCeremoni me Dua dhe Hatme Sherife n\u00eb xhamin\u00eb e Parruc\u00ebs\n\t\t\t\t<\/figcaption><\/figure><figure class='gallery-item'>\n\t\t\t<div class='gallery-icon landscape'>\n\t\t\t\t<a href='https:\/\/myftinia-shkoder.org\/?attachment_id=20946'><img loading=\"lazy\" decoding=\"async\" width=\"150\" height=\"150\" src=\"https:\/\/myftinia-shkoder.org\/wp-content\/uploads\/2026\/03\/Ceremoni-me-Dua-dhe-Hatme-Sherife-ne-xhamine-e-Parruces-6-150x150.jpg\" class=\"attachment-thumbnail size-thumbnail\" alt=\"\" aria-describedby=\"gallery-1-20946\" \/><\/a>\n\t\t\t<\/div>\n\t\t\t\t<figcaption class='wp-caption-text gallery-caption' id='gallery-1-20946'>\n\t\t\t\tCeremoni me Dua dhe Hatme Sherife n\u00eb xhamin\u00eb e Parruc\u00ebs\n\t\t\t\t<\/figcaption><\/figure><figure class='gallery-item'>\n\t\t\t<div class='gallery-icon landscape'>\n\t\t\t\t<a href='https:\/\/myftinia-shkoder.org\/?attachment_id=20947'><img loading=\"lazy\" decoding=\"async\" width=\"150\" height=\"150\" src=\"https:\/\/myftinia-shkoder.org\/wp-content\/uploads\/2026\/03\/Ceremoni-me-Dua-dhe-Hatme-Sherife-ne-xhamine-e-Parruces-7-150x150.jpg\" class=\"attachment-thumbnail size-thumbnail\" alt=\"\" aria-describedby=\"gallery-1-20947\" \/><\/a>\n\t\t\t<\/div>\n\t\t\t\t<figcaption class='wp-caption-text gallery-caption' id='gallery-1-20947'>\n\t\t\t\tCeremoni me Dua dhe Hatme Sherife n\u00eb xhamin\u00eb e Parruc\u00ebs\n\t\t\t\t<\/figcaption><\/figure><figure class='gallery-item'>\n\t\t\t<div class='gallery-icon landscape'>\n\t\t\t\t<a href='https:\/\/myftinia-shkoder.org\/?attachment_id=20948'><img loading=\"lazy\" decoding=\"async\" width=\"150\" height=\"150\" src=\"https:\/\/myftinia-shkoder.org\/wp-content\/uploads\/2026\/03\/Ceremoni-me-Dua-dhe-Hatme-Sherife-ne-xhamine-e-Parruces-8-150x150.jpg\" class=\"attachment-thumbnail size-thumbnail\" alt=\"\" aria-describedby=\"gallery-1-20948\" \/><\/a>\n\t\t\t<\/div>\n\t\t\t\t<figcaption class='wp-caption-text gallery-caption' id='gallery-1-20948'>\n\t\t\t\tCeremoni me Dua dhe Hatme Sherife n\u00eb xhamin\u00eb e Parruc\u00ebs\n\t\t\t\t<\/figcaption><\/figure><figure class='gallery-item'>\n\t\t\t<div class='gallery-icon landscape'>\n\t\t\t\t<a href='https:\/\/myftinia-shkoder.org\/?attachment_id=20949'><img loading=\"lazy\" decoding=\"async\" width=\"150\" height=\"150\" src=\"https:\/\/myftinia-shkoder.org\/wp-content\/uploads\/2026\/03\/Ceremoni-me-Dua-dhe-Hatme-Sherife-ne-xhamine-e-Parruces-9-150x150.jpg\" class=\"attachment-thumbnail size-thumbnail\" alt=\"\" aria-describedby=\"gallery-1-20949\" \/><\/a>\n\t\t\t<\/div>\n\t\t\t\t<figcaption class='wp-caption-text gallery-caption' id='gallery-1-20949'>\n\t\t\t\tCeremoni me Dua dhe Hatme Sherife n\u00eb xhamin\u00eb e Parruc\u00ebs\n\t\t\t\t<\/figcaption><\/figure><figure class='gallery-item'>\n\t\t\t<div class='gallery-icon portrait'>\n\t\t\t\t<a href='https:\/\/myftinia-shkoder.org\/?attachment_id=20950'><img loading=\"lazy\" decoding=\"async\" width=\"150\" height=\"150\" src=\"https:\/\/myftinia-shkoder.org\/wp-content\/uploads\/2026\/03\/Ceremoni-me-Dua-dhe-Hatme-Sherife-ne-xhamine-e-Parruces-10-150x150.jpg\" class=\"attachment-thumbnail size-thumbnail\" alt=\"\" aria-describedby=\"gallery-1-20950\" \/><\/a>\n\t\t\t<\/div>\n\t\t\t\t<figcaption class='wp-caption-text gallery-caption' id='gallery-1-20950'>\n\t\t\t\tCeremoni me Dua dhe Hatme Sherife n\u00eb xhamin\u00eb e Parruc\u00ebs\n\t\t\t\t<\/figcaption><\/figure><figure class='gallery-item'>\n\t\t\t<div class='gallery-icon landscape'>\n\t\t\t\t<a href='https:\/\/myftinia-shkoder.org\/?attachment_id=20951'><img loading=\"lazy\" decoding=\"async\" width=\"150\" height=\"150\" src=\"https:\/\/myftinia-shkoder.org\/wp-content\/uploads\/2026\/03\/Ceremoni-me-Dua-dhe-Hatme-Sherife-ne-xhamine-e-Parruces-11-150x150.jpg\" class=\"attachment-thumbnail size-thumbnail\" alt=\"\" aria-describedby=\"gallery-1-20951\" \/><\/a>\n\t\t\t<\/div>\n\t\t\t\t<figcaption class='wp-caption-text gallery-caption' id='gallery-1-20951'>\n\t\t\t\tCeremoni me Dua dhe Hatme Sherife n\u00eb xhamin\u00eb e Parruc\u00ebs\n\t\t\t\t<\/figcaption><\/figure><figure class='gallery-item'>\n\t\t\t<div class='gallery-icon portrait'>\n\t\t\t\t<a href='https:\/\/myftinia-shkoder.org\/?attachment_id=20952'><img loading=\"lazy\" decoding=\"async\" width=\"150\" height=\"150\" src=\"https:\/\/myftinia-shkoder.org\/wp-content\/uploads\/2026\/03\/Ceremoni-me-Dua-dhe-Hatme-Sherife-ne-xhamine-e-Parruces-12-150x150.jpg\" class=\"attachment-thumbnail size-thumbnail\" alt=\"\" aria-describedby=\"gallery-1-20952\" \/><\/a>\n\t\t\t<\/div>\n\t\t\t\t<figcaption class='wp-caption-text gallery-caption' id='gallery-1-20952'>\n\t\t\t\tCeremoni me Dua dhe Hatme Sherife n\u00eb xhamin\u00eb e Parruc\u00ebs\n\t\t\t\t<\/figcaption><\/figure><figure class='gallery-item'>\n\t\t\t<div class='gallery-icon landscape'>\n\t\t\t\t<a href='https:\/\/myftinia-shkoder.org\/?attachment_id=20953'><img loading=\"lazy\" decoding=\"async\" width=\"150\" height=\"150\" src=\"https:\/\/myftinia-shkoder.org\/wp-content\/uploads\/2026\/03\/Ceremoni-me-Dua-dhe-Hatme-Sherife-ne-xhamine-e-Parruces-13-150x150.jpg\" class=\"attachment-thumbnail size-thumbnail\" alt=\"\" aria-describedby=\"gallery-1-20953\" \/><\/a>\n\t\t\t<\/div>\n\t\t\t\t<figcaption class='wp-caption-text gallery-caption' id='gallery-1-20953'>\n\t\t\t\tCeremoni me Dua dhe Hatme Sherife n\u00eb xhamin\u00eb e Parruc\u00ebs\n\t\t\t\t<\/figcaption><\/figure><figure class='gallery-item'>\n\t\t\t<div class='gallery-icon landscape'>\n\t\t\t\t<a href='https:\/\/myftinia-shkoder.org\/?attachment_id=20954'><img loading=\"lazy\" decoding=\"async\" width=\"150\" height=\"150\" src=\"https:\/\/myftinia-shkoder.org\/wp-content\/uploads\/2026\/03\/Ceremoni-me-Dua-dhe-Hatme-Sherife-ne-xhamine-e-Parruces-2-150x150.jpg\" class=\"attachment-thumbnail size-thumbnail\" alt=\"\" aria-describedby=\"gallery-1-20954\" \/><\/a>\n\t\t\t<\/div>\n\t\t\t\t<figcaption class='wp-caption-text gallery-caption' id='gallery-1-20954'>\n\t\t\t\tCeremoni me Dua dhe Hatme Sherife n\u00eb xhamin\u00eb e Parruc\u00ebs\n\t\t\t\t<\/figcaption><\/figure><figure class='gallery-item'>\n\t\t\t<div class='gallery-icon landscape'>\n\t\t\t\t<a href='https:\/\/myftinia-shkoder.org\/?attachment_id=20955'><img loading=\"lazy\" decoding=\"async\" width=\"150\" height=\"150\" src=\"https:\/\/myftinia-shkoder.org\/wp-content\/uploads\/2026\/03\/Ceremoni-me-Dua-dhe-Hatme-Sherife-ne-xhamine-e-Parruces-3-150x150.jpg\" class=\"attachment-thumbnail size-thumbnail\" alt=\"\" aria-describedby=\"gallery-1-20955\" \/><\/a>\n\t\t\t<\/div>\n\t\t\t\t<figcaption class='wp-caption-text gallery-caption' id='gallery-1-20955'>\n\t\t\t\tCeremoni me Dua dhe Hatme Sherife n\u00eb xhamin\u00eb e Parruc\u00ebs\n\t\t\t\t<\/figcaption><\/figure>\n\t\t<\/div>\n\n","protected":false},"excerpt":{"rendered":"<div class=\"mh-excerpt\"><p>Ceremoni me Dua dhe Hatme Sherife n\u00eb xhamin\u00eb e Parruc\u00ebs N\u00eb kuad\u00ebr t\u00eb aktiviteteve t\u00eb Muajit t\u00eb Begat\u00eb t\u00eb Ramazanit, Myftinia Shkod\u00ebr organizoi ceremonin\u00eb e Duas\u00eb dhe Hatmes Sherife, e cila u zhvillua dit\u00ebn e <a class=\"mh-excerpt-more\" href=\"https:\/\/myftinia-shkoder.org\/?p=20939\" title=\"Ceremoni me Dua dhe Hatme Sherife n\u00eb xhamin\u00eb e Parruc\u00ebs\">[&#8230;]<\/a><\/p>\n<\/div>","protected":false},"author":1,"featured_media":20948,"comment_status":"closed","ping_status":"closed","sticky":false,"template":"","format":"standard","meta":{"footnotes":""},"categories":[45],"tags":[],"class_list":["post-20939","post","type-post","status-publish","format-standard","has-post-thumbnail","hentry","category-ramazan-1447-2026"],"_links":{"self":[{"href":"https:\/\/myftinia-shkoder.org\/index.php?rest_route=\/wp\/v2\/posts\/20939","targetHints":{"allow":["GET"]}}],"collection":[{"href":"https:\/\/myftinia-shkoder.org\/index.php?rest_route=\/wp\/v2\/posts"}],"about":[{"href":"https:\/\/myftinia-shkoder.org\/index.php?rest_route=\/wp\/v2\/types\/post"}],"author":[{"embeddable":true,"href":"https:\/\/myftinia-shkoder.org\/index.php?rest_route=\/wp\/v2\/users\/1"}],"replies":[{"embeddable":true,"href":"https:\/\/myftinia-shkoder.org\/index.php?rest_route=%2Fwp%2Fv2%2Fcomments&post=20939"}],"version-history":[{"count":1,"href":"https:\/\/myftinia-shkoder.org\/index.php?rest_route=\/wp\/v2\/posts\/20939\/revisions"}],"predecessor-version":[{"id":20956,"href":"https:\/\/myftinia-shkoder.org\/index.php?rest_route=\/wp\/v2\/posts\/20939\/revisions\/20956"}],"wp:featuredmedia":[{"embeddable":true,"href":"https:\/\/myftinia-shkoder.org\/index.php?rest_route=\/wp\/v2\/media\/20948"}],"wp:attachment":[{"href":"https:\/\/myftinia-shkoder.org\/index.php?rest_route=%2Fwp%2Fv2%2Fmedia&parent=20939"}],"wp:term":[{"taxonomy":"category","embeddable":true,"href":"https:\/\/myftinia-shkoder.org\/index.php?rest_route=%2Fwp%2Fv2%2Fcategories&post=20939"},{"taxonomy":"post_tag","embeddable":true,"href":"https:\/\/myftinia-shkoder.org\/index.php?rest_route=%2Fwp%2Fv2%2Ftags&post=20939"}],"curies":[{"name":"wp","href":"https:\/\/api.w.org\/{rel}","templated":true}]}}