{"id":21178,"date":"2026-04-20T19:58:11","date_gmt":"2026-04-20T19:58:11","guid":{"rendered":"https:\/\/myftinia-shkoder.org\/?p=21178"},"modified":"2026-04-20T20:07:53","modified_gmt":"2026-04-20T20:07:53","slug":"myftiu-i-shkodres-ligjeroi-ne-xhamine-mbret-te-beratit","status":"publish","type":"post","link":"https:\/\/myftinia-shkoder.org\/?p=21178","title":{"rendered":"Myftiu i Shkodr\u00ebs ligj\u00ebroi n\u00eb xhamin\u00eb Mbret t\u00eb Beratit"},"content":{"rendered":"<p style=\"text-align: justify;\"><strong>Myftiu i Shkodr\u00ebs ligj\u00ebroi n\u00eb xhamin\u00eb Mbret t\u00eb Beratit<\/strong><\/p>\n<p style=\"text-align: justify;\">Dit\u00ebn e diel, m\u00eb 19 prill 2026, me ftes\u00eb zyrtare t\u00eb Myftiut t\u00eb Beratit, H. Bilbil Talla, Myftiu i Shkodr\u00ebs, Imam Muhamed B. Sytari zhvilloi nj\u00eb vizit\u00eb v\u00ebllaz\u00ebrore n\u00eb qytetin e Beratit.<\/p>\n<p style=\"text-align: justify;\">Fillimisht Myftiu u ndal p\u00ebr nj\u00eb vizit\u00eb zyrtare n\u00eb institucionin e Myftinis\u00eb Berat, ku u prit nga Myftiu dhe stafi i tij.<\/p>\n<p style=\"text-align: justify;\">N\u00ebp\u00ebrmjet nj\u00eb bashk\u00ebbisedimi t\u00eb ngroht\u00eb dhe v\u00ebllaz\u00ebror u diskutua rreth aktualitetit dhe zhvillimit t\u00eb Thirrjes Islame n\u00eb vendin ton\u00eb, ku dy myftiler\u00ebt ndan\u00eb p\u00ebrvojat e tyre dhe ve\u00e7orit\u00eb e dy qyteteve dhe zhvillimin e jet\u00ebs fetare n\u00eb to.<\/p>\n<p style=\"text-align: justify;\">M\u00eb pas, Myftiu i Beratit pati mir\u00ebsin\u00eb t\u00eb shoq\u00ebroj\u00eb Myftiun e Shkodr\u00ebs n\u00eb nj\u00eb vizit\u00eb shum\u00eb t\u00eb k\u00ebndshme n\u00eb disa prej stacioneve m\u00eb t\u00eb sh\u00ebnuara t\u00eb trash\u00ebgimis\u00eb islame n\u00eb qytetin e Beratit, si xhamia Mbret, xhamia e Beqar\u00ebve, gjurm\u00ebt e xhamive t\u00eb vjetra shekullore n\u00eb kalan\u00eb e Beratit, si xhamia e Kuqe, q\u00eb konsiderohet si xhamia m\u00eb e vjet\u00ebr dhe m\u00eb e lasht\u00eb n\u00eb Shqip\u00ebri dhe q\u00eb i p\u00ebrket nj\u00eb periudhe rreth nj\u00eb shekull para ardhjes s\u00eb osman\u00ebve n\u00eb vendin ton\u00eb, gjurm\u00ebt e xhamis\u00eb s\u00eb Bardh\u00eb, etj.<\/p>\n<p style=\"text-align: justify;\">Pjes\u00eb e k\u00ebsaj vizite ishte edhe ligj\u00ebrata e Myftiut t\u00eb Shkodr\u00ebs n\u00eb xhamin\u00eb Mbret, ku n\u00eb prani t\u00eb besimtar\u00ebve t\u00eb shumt\u00eb, kryesisht t\u00eb moshave t\u00eb reja, Myftiu i Shkodr\u00ebs ligj\u00ebroi rreth r\u00ebnd\u00ebsis\u00eb q\u00eb ka puna dhe angazhimi i musliman\u00ebve p\u00ebr t\u2019u d\u00ebshmuar si nd\u00ebrtues n\u00eb realitetet ku jetojn\u00eb dhe veprojn\u00eb, duke u distancuar nga frym\u00ebrat e izolimit dhe keqleximit t\u00eb fes\u00eb, si dhe duke u b\u00ebr\u00eb promovues t\u00eb zhvillimit, p\u00ebrparimit dhe nd\u00ebrtimit t\u00eb jet\u00ebs mbi bazat e besimit dhe p\u00ebrkushtimit t\u00eb madh.<\/p>\n<p style=\"text-align: justify;\">Gjat\u00eb ligj\u00ebrat\u00ebs s\u00eb tij Myftiu i Shkodr\u00ebs solli shembuj t\u00eb shumt\u00eb nga ajetet kur\u2019anore dhe shembujt e pejgamber\u00ebve t\u00eb ndrysh\u00ebm dhe angazhimit q\u00eb ata kishin si njer\u00ebz nd\u00ebrtues dhe zhvillues t\u00eb jet\u00ebs sipas udh\u00ebzimit hyjnor.<\/p>\n<p style=\"text-align: justify;\">Myftiu i Shkodr\u00ebs uroi besimtar\u00ebt e pranish\u00ebm n\u00eb xhamin\u00eb Mbret p\u00ebr k\u00ebto dit\u00eb t\u00eb begata t\u00eb fillimit t\u00eb dy muajve t\u00eb Haxhit dhe u lut nj\u00ebkoh\u00ebsisht p\u00ebr begatin\u00eb e tyre, p\u00ebr mbar\u00ebsi dhe suksese n\u00eb jet\u00eb.<\/p>\n<p><iframe loading=\"lazy\" title=\"Berat | Ligj\u00ebrata e mbajtur n\u00eb xhamin\u00eb Mbret, m\u00eb 19\/4\/2026\" width=\"500\" height=\"281\" src=\"https:\/\/www.youtube.com\/embed\/xWQBlgCIcr0?feature=oembed\" frameborder=\"0\" allow=\"accelerometer; autoplay; clipboard-write; encrypted-media; gyroscope; picture-in-picture; web-share\" referrerpolicy=\"strict-origin-when-cross-origin\" allowfullscreen><\/iframe><\/p>\n<div id='gallery-1' class='gallery galleryid-21178 gallery-columns-5 gallery-size-thumbnail'><figure class='gallery-item'>\n\t\t\t<div class='gallery-icon landscape'>\n\t\t\t\t<a href='https:\/\/myftinia-shkoder.org\/?attachment_id=21179'><img loading=\"lazy\" decoding=\"async\" width=\"150\" height=\"150\" src=\"https:\/\/myftinia-shkoder.org\/wp-content\/uploads\/2026\/04\/Myftiu-i-Shkodres-ligjeroi-ne-xhamine-Mbret-te-Beratit-1-150x150.jpeg\" class=\"attachment-thumbnail size-thumbnail\" alt=\"\" aria-describedby=\"gallery-1-21179\" \/><\/a>\n\t\t\t<\/div>\n\t\t\t\t<figcaption class='wp-caption-text gallery-caption' id='gallery-1-21179'>\n\t\t\t\tMyftiu i Shkodr\u00ebs ligj\u00ebroi n\u00eb xhamin\u00eb Mbret t\u00eb Beratit\n\t\t\t\t<\/figcaption><\/figure><figure class='gallery-item'>\n\t\t\t<div class='gallery-icon portrait'>\n\t\t\t\t<a href='https:\/\/myftinia-shkoder.org\/?attachment_id=21180'><img loading=\"lazy\" decoding=\"async\" width=\"150\" height=\"150\" src=\"https:\/\/myftinia-shkoder.org\/wp-content\/uploads\/2026\/04\/Myftiu-i-Shkodres-ligjeroi-ne-xhamine-Mbret-te-Beratit-2-150x150.jpeg\" class=\"attachment-thumbnail size-thumbnail\" alt=\"\" aria-describedby=\"gallery-1-21180\" \/><\/a>\n\t\t\t<\/div>\n\t\t\t\t<figcaption class='wp-caption-text gallery-caption' id='gallery-1-21180'>\n\t\t\t\tMyftiu i Shkodr\u00ebs ligj\u00ebroi n\u00eb xhamin\u00eb Mbret t\u00eb Beratit\n\t\t\t\t<\/figcaption><\/figure><figure class='gallery-item'>\n\t\t\t<div class='gallery-icon landscape'>\n\t\t\t\t<a href='https:\/\/myftinia-shkoder.org\/?attachment_id=21181'><img loading=\"lazy\" decoding=\"async\" width=\"150\" height=\"150\" src=\"https:\/\/myftinia-shkoder.org\/wp-content\/uploads\/2026\/04\/Myftiu-i-Shkodres-ligjeroi-ne-xhamine-Mbret-te-Beratit-3-150x150.jpeg\" class=\"attachment-thumbnail size-thumbnail\" alt=\"\" aria-describedby=\"gallery-1-21181\" \/><\/a>\n\t\t\t<\/div>\n\t\t\t\t<figcaption class='wp-caption-text gallery-caption' id='gallery-1-21181'>\n\t\t\t\tMyftiu i Shkodr\u00ebs ligj\u00ebroi n\u00eb xhamin\u00eb Mbret t\u00eb Beratit\n\t\t\t\t<\/figcaption><\/figure><figure class='gallery-item'>\n\t\t\t<div class='gallery-icon landscape'>\n\t\t\t\t<a href='https:\/\/myftinia-shkoder.org\/?attachment_id=21182'><img loading=\"lazy\" decoding=\"async\" width=\"150\" height=\"150\" src=\"https:\/\/myftinia-shkoder.org\/wp-content\/uploads\/2026\/04\/Myftiu-i-Shkodres-ligjeroi-ne-xhamine-Mbret-te-Beratit-4-150x150.jpeg\" class=\"attachment-thumbnail size-thumbnail\" alt=\"\" aria-describedby=\"gallery-1-21182\" \/><\/a>\n\t\t\t<\/div>\n\t\t\t\t<figcaption class='wp-caption-text gallery-caption' id='gallery-1-21182'>\n\t\t\t\tMyftiu i Shkodr\u00ebs ligj\u00ebroi n\u00eb xhamin\u00eb Mbret t\u00eb Beratit\n\t\t\t\t<\/figcaption><\/figure><figure class='gallery-item'>\n\t\t\t<div class='gallery-icon portrait'>\n\t\t\t\t<a href='https:\/\/myftinia-shkoder.org\/?attachment_id=21183'><img loading=\"lazy\" decoding=\"async\" width=\"150\" height=\"150\" src=\"https:\/\/myftinia-shkoder.org\/wp-content\/uploads\/2026\/04\/Myftiu-i-Shkodres-ligjeroi-ne-xhamine-Mbret-te-Beratit-5-150x150.jpeg\" class=\"attachment-thumbnail size-thumbnail\" alt=\"\" aria-describedby=\"gallery-1-21183\" \/><\/a>\n\t\t\t<\/div>\n\t\t\t\t<figcaption class='wp-caption-text gallery-caption' id='gallery-1-21183'>\n\t\t\t\tMyftiu i Shkodr\u00ebs ligj\u00ebroi n\u00eb xhamin\u00eb Mbret t\u00eb Beratit\n\t\t\t\t<\/figcaption><\/figure><figure class='gallery-item'>\n\t\t\t<div class='gallery-icon portrait'>\n\t\t\t\t<a href='https:\/\/myftinia-shkoder.org\/?attachment_id=21184'><img loading=\"lazy\" decoding=\"async\" width=\"150\" height=\"150\" src=\"https:\/\/myftinia-shkoder.org\/wp-content\/uploads\/2026\/04\/Myftiu-i-Shkodres-ligjeroi-ne-xhamine-Mbret-te-Beratit-6-150x150.jpeg\" class=\"attachment-thumbnail size-thumbnail\" alt=\"\" aria-describedby=\"gallery-1-21184\" \/><\/a>\n\t\t\t<\/div>\n\t\t\t\t<figcaption class='wp-caption-text gallery-caption' id='gallery-1-21184'>\n\t\t\t\tMyftiu i Shkodr\u00ebs ligj\u00ebroi n\u00eb xhamin\u00eb Mbret t\u00eb Beratit\n\t\t\t\t<\/figcaption><\/figure><figure class='gallery-item'>\n\t\t\t<div class='gallery-icon landscape'>\n\t\t\t\t<a href='https:\/\/myftinia-shkoder.org\/?attachment_id=21185'><img loading=\"lazy\" decoding=\"async\" width=\"150\" height=\"150\" src=\"https:\/\/myftinia-shkoder.org\/wp-content\/uploads\/2026\/04\/Myftiu-i-Shkodres-ligjeroi-ne-xhamine-Mbret-te-Beratit-7-150x150.jpeg\" class=\"attachment-thumbnail size-thumbnail\" alt=\"\" aria-describedby=\"gallery-1-21185\" \/><\/a>\n\t\t\t<\/div>\n\t\t\t\t<figcaption class='wp-caption-text gallery-caption' id='gallery-1-21185'>\n\t\t\t\tMyftiu i Shkodr\u00ebs ligj\u00ebroi n\u00eb xhamin\u00eb Mbret t\u00eb Beratit\n\t\t\t\t<\/figcaption><\/figure><figure class='gallery-item'>\n\t\t\t<div class='gallery-icon landscape'>\n\t\t\t\t<a href='https:\/\/myftinia-shkoder.org\/?attachment_id=21186'><img loading=\"lazy\" decoding=\"async\" width=\"150\" height=\"150\" src=\"https:\/\/myftinia-shkoder.org\/wp-content\/uploads\/2026\/04\/Myftiu-i-Shkodres-ligjeroi-ne-xhamine-Mbret-te-Beratit-8-150x150.jpeg\" class=\"attachment-thumbnail size-thumbnail\" alt=\"\" aria-describedby=\"gallery-1-21186\" \/><\/a>\n\t\t\t<\/div>\n\t\t\t\t<figcaption class='wp-caption-text gallery-caption' id='gallery-1-21186'>\n\t\t\t\tMyftiu i Shkodr\u00ebs ligj\u00ebroi n\u00eb xhamin\u00eb Mbret t\u00eb Beratit\n\t\t\t\t<\/figcaption><\/figure><figure class='gallery-item'>\n\t\t\t<div class='gallery-icon portrait'>\n\t\t\t\t<a href='https:\/\/myftinia-shkoder.org\/?attachment_id=21187'><img loading=\"lazy\" decoding=\"async\" width=\"150\" height=\"150\" src=\"https:\/\/myftinia-shkoder.org\/wp-content\/uploads\/2026\/04\/Myftiu-i-Shkodres-ligjeroi-ne-xhamine-Mbret-te-Beratit-9-150x150.jpeg\" class=\"attachment-thumbnail size-thumbnail\" alt=\"\" aria-describedby=\"gallery-1-21187\" \/><\/a>\n\t\t\t<\/div>\n\t\t\t\t<figcaption class='wp-caption-text gallery-caption' id='gallery-1-21187'>\n\t\t\t\tMyftiu i Shkodr\u00ebs ligj\u00ebroi n\u00eb xhamin\u00eb Mbret t\u00eb Beratit\n\t\t\t\t<\/figcaption><\/figure><figure class='gallery-item'>\n\t\t\t<div class='gallery-icon landscape'>\n\t\t\t\t<a href='https:\/\/myftinia-shkoder.org\/?attachment_id=21188'><img loading=\"lazy\" decoding=\"async\" width=\"150\" height=\"150\" src=\"https:\/\/myftinia-shkoder.org\/wp-content\/uploads\/2026\/04\/Myftiu-i-Shkodres-ligjeroi-ne-xhamine-Mbret-te-Beratit-10-150x150.jpeg\" class=\"attachment-thumbnail size-thumbnail\" alt=\"\" aria-describedby=\"gallery-1-21188\" \/><\/a>\n\t\t\t<\/div>\n\t\t\t\t<figcaption class='wp-caption-text gallery-caption' id='gallery-1-21188'>\n\t\t\t\tMyftiu i Shkodr\u00ebs ligj\u00ebroi n\u00eb xhamin\u00eb Mbret t\u00eb Beratit\n\t\t\t\t<\/figcaption><\/figure><figure class='gallery-item'>\n\t\t\t<div class='gallery-icon landscape'>\n\t\t\t\t<a href='https:\/\/myftinia-shkoder.org\/?attachment_id=21189'><img loading=\"lazy\" decoding=\"async\" width=\"150\" height=\"150\" src=\"https:\/\/myftinia-shkoder.org\/wp-content\/uploads\/2026\/04\/Myftiu-i-Shkodres-ligjeroi-ne-xhamine-Mbret-te-Beratit-11-150x150.jpeg\" class=\"attachment-thumbnail size-thumbnail\" alt=\"\" aria-describedby=\"gallery-1-21189\" \/><\/a>\n\t\t\t<\/div>\n\t\t\t\t<figcaption class='wp-caption-text gallery-caption' id='gallery-1-21189'>\n\t\t\t\tMyftiu i Shkodr\u00ebs ligj\u00ebroi n\u00eb xhamin\u00eb Mbret t\u00eb Beratit\n\t\t\t\t<\/figcaption><\/figure><figure class='gallery-item'>\n\t\t\t<div class='gallery-icon portrait'>\n\t\t\t\t<a href='https:\/\/myftinia-shkoder.org\/?attachment_id=21190'><img loading=\"lazy\" decoding=\"async\" width=\"150\" height=\"150\" src=\"https:\/\/myftinia-shkoder.org\/wp-content\/uploads\/2026\/04\/Myftiu-i-Shkodres-ligjeroi-ne-xhamine-Mbret-te-Beratit-12-150x150.jpeg\" class=\"attachment-thumbnail size-thumbnail\" alt=\"\" aria-describedby=\"gallery-1-21190\" \/><\/a>\n\t\t\t<\/div>\n\t\t\t\t<figcaption class='wp-caption-text gallery-caption' id='gallery-1-21190'>\n\t\t\t\tMyftiu i Shkodr\u00ebs ligj\u00ebroi n\u00eb xhamin\u00eb Mbret t\u00eb Beratit\n\t\t\t\t<\/figcaption><\/figure><figure class='gallery-item'>\n\t\t\t<div class='gallery-icon portrait'>\n\t\t\t\t<a href='https:\/\/myftinia-shkoder.org\/?attachment_id=21191'><img loading=\"lazy\" decoding=\"async\" width=\"150\" height=\"150\" src=\"https:\/\/myftinia-shkoder.org\/wp-content\/uploads\/2026\/04\/Myftiu-i-Shkodres-ligjeroi-ne-xhamine-Mbret-te-Beratit-13-150x150.jpeg\" class=\"attachment-thumbnail size-thumbnail\" alt=\"\" aria-describedby=\"gallery-1-21191\" \/><\/a>\n\t\t\t<\/div>\n\t\t\t\t<figcaption class='wp-caption-text gallery-caption' id='gallery-1-21191'>\n\t\t\t\tMyftiu i Shkodr\u00ebs ligj\u00ebroi n\u00eb xhamin\u00eb Mbret t\u00eb Beratit\n\t\t\t\t<\/figcaption><\/figure><figure class='gallery-item'>\n\t\t\t<div class='gallery-icon landscape'>\n\t\t\t\t<a href='https:\/\/myftinia-shkoder.org\/?attachment_id=21192'><img loading=\"lazy\" decoding=\"async\" width=\"150\" height=\"150\" src=\"https:\/\/myftinia-shkoder.org\/wp-content\/uploads\/2026\/04\/Myftiu-i-Shkodres-ligjeroi-ne-xhamine-Mbret-te-Beratit-14-150x150.jpeg\" class=\"attachment-thumbnail size-thumbnail\" alt=\"\" aria-describedby=\"gallery-1-21192\" \/><\/a>\n\t\t\t<\/div>\n\t\t\t\t<figcaption class='wp-caption-text gallery-caption' id='gallery-1-21192'>\n\t\t\t\tMyftiu i Shkodr\u00ebs ligj\u00ebroi n\u00eb xhamin\u00eb Mbret t\u00eb Beratit\n\t\t\t\t<\/figcaption><\/figure>\n\t\t<\/div>\n\n<p>&nbsp;<\/p>\n","protected":false},"excerpt":{"rendered":"<div class=\"mh-excerpt\"><p>Myftiu i Shkodr\u00ebs ligj\u00ebroi n\u00eb xhamin\u00eb Mbret t\u00eb Beratit Dit\u00ebn e diel, m\u00eb 19 prill 2026, me ftes\u00eb zyrtare t\u00eb Myftiut t\u00eb Beratit, H. Bilbil Talla, Myftiu i Shkodr\u00ebs, Imam Muhamed B. Sytari zhvilloi nj\u00eb <a class=\"mh-excerpt-more\" href=\"https:\/\/myftinia-shkoder.org\/?p=21178\" title=\"Myftiu i Shkodr\u00ebs ligj\u00ebroi n\u00eb xhamin\u00eb Mbret t\u00eb Beratit\">[&#8230;]<\/a><\/p>\n<\/div>","protected":false},"author":1,"featured_media":21192,"comment_status":"closed","ping_status":"closed","sticky":false,"template":"","format":"standard","meta":{"footnotes":""},"categories":[13],"tags":[],"class_list":["post-21178","post","type-post","status-publish","format-standard","has-post-thumbnail","hentry","category-aktualitet"],"_links":{"self":[{"href":"https:\/\/myftinia-shkoder.org\/index.php?rest_route=\/wp\/v2\/posts\/21178","targetHints":{"allow":["GET"]}}],"collection":[{"href":"https:\/\/myftinia-shkoder.org\/index.php?rest_route=\/wp\/v2\/posts"}],"about":[{"href":"https:\/\/myftinia-shkoder.org\/index.php?rest_route=\/wp\/v2\/types\/post"}],"author":[{"embeddable":true,"href":"https:\/\/myftinia-shkoder.org\/index.php?rest_route=\/wp\/v2\/users\/1"}],"replies":[{"embeddable":true,"href":"https:\/\/myftinia-shkoder.org\/index.php?rest_route=%2Fwp%2Fv2%2Fcomments&post=21178"}],"version-history":[{"count":4,"href":"https:\/\/myftinia-shkoder.org\/index.php?rest_route=\/wp\/v2\/posts\/21178\/revisions"}],"predecessor-version":[{"id":21196,"href":"https:\/\/myftinia-shkoder.org\/index.php?rest_route=\/wp\/v2\/posts\/21178\/revisions\/21196"}],"wp:featuredmedia":[{"embeddable":true,"href":"https:\/\/myftinia-shkoder.org\/index.php?rest_route=\/wp\/v2\/media\/21192"}],"wp:attachment":[{"href":"https:\/\/myftinia-shkoder.org\/index.php?rest_route=%2Fwp%2Fv2%2Fmedia&parent=21178"}],"wp:term":[{"taxonomy":"category","embeddable":true,"href":"https:\/\/myftinia-shkoder.org\/index.php?rest_route=%2Fwp%2Fv2%2Fcategories&post=21178"},{"taxonomy":"post_tag","embeddable":true,"href":"https:\/\/myftinia-shkoder.org\/index.php?rest_route=%2Fwp%2Fv2%2Ftags&post=21178"}],"curies":[{"name":"wp","href":"https:\/\/api.w.org\/{rel}","templated":true}]}}