{"id":2407,"date":"2017-05-23T20:13:24","date_gmt":"2017-05-23T20:13:24","guid":{"rendered":"http:\/\/myftinia-shkoder.org\/?p=2407"},"modified":"2017-06-21T11:35:09","modified_gmt":"2017-06-21T11:35:09","slug":"myftiu-dha-udhezimet-e-tij-ne-prag-te-ramazanit-1438","status":"publish","type":"post","link":"https:\/\/myftinia-shkoder.org\/?p=2407","title":{"rendered":"Myftiu dha udh\u00ebzimet e tij n\u00eb prag t\u00eb Ramazanit 1438"},"content":{"rendered":"<p style=\"text-align: justify;\">Pasdit\u00ebn e s\u00eb mart\u00ebs, m\u00eb 23 maj 2017, Myftiu i Shkodr\u00ebs, Imam Muhamed B. Sytari zhvilloi nj\u00eb takim pune me nj\u00eb grup imam\u00ebsh t\u00eb qytetit dhe fshatit, ku u diskutua rreth p\u00ebrgatitjeve t\u00eb fundit p\u00ebr muajin Ramazan.<\/p>\n<div class=\"text_exposed_show\">\n<p style=\"text-align: justify;\">Gjat\u00eb takimit, u vu theksi te domosdoshm\u00ebria e ruajtjes dhe forcimit t\u00eb vlerave t\u00eb v\u00ebllaz\u00ebris\u00eb islame dhe harmonis\u00eb n\u00eb mesin e besimtar\u00ebve.<\/p>\n<p style=\"text-align: justify;\">U p\u00ebrmenden disa nga aktivitetet dhe veprimtarit\u00eb q\u00eb do t\u00eb zhvillohen, iftaret e p\u00ebrbashk\u00ebta me krejt xhematet e xhamive, Hatmeja e Kur&#8217;anit, \u00e7do dit\u00eb pas namazit t\u00eb iqindis\u00eb n\u00eb xhamin\u00eb e Parruc\u00ebs, tribunat, takimet, emisionet televizive, fushatat bamir\u00ebse etj.<\/p>\n<p style=\"text-align: justify;\">Myftiu konsideroi si t\u00eb domosdoshme, q\u00eb nj\u00ebra prej hytbeve t\u00eb Ramazanit t\u00eb sivjetsh\u00ebm t&#8217;i kushtohet zekatit, q\u00eb p\u00ebr k\u00ebt\u00eb vit nxirret nga vlera e 85 gr. ar, ose 470.000 <em>(lek t\u00eb reja)<\/em>, t\u00eb depozituara p\u00ebr nj\u00eb vit h\u00ebnor, jasht\u00eb nevojave t\u00eb konsumit t\u00eb p\u00ebrditsh\u00ebm dhe atyre bazike.<\/p>\n<p style=\"text-align: justify;\">Myftiu tha se p\u00ebrtej faktit se ka besimtar\u00eb q\u00eb vazhdojn\u00eb t\u00eb nxjerrin zekatin, porse \u00ebsht\u00eb e domosdoshme q\u00eb t\u00eb b\u00ebhet thirrje masive p\u00ebr respektimin e k\u00ebtij adhurimi, q\u00eb Shkodra e ka pasur tradit\u00eb shekullore.<\/p>\n<p style=\"text-align: justify;\">U kujtua gjithashtu se vlera e fidjes ditore p\u00ebr personat e s\u00ebmur\u00eb r\u00ebnd\u00eb dhe me pamund\u00ebsi agj\u00ebrimi \u00ebsht\u00eb 200 <em>(lek t\u00eb reja)<\/em>, si dhe sadekatul-fitri 200 <em>(lek t\u00eb reja)<\/em> p\u00ebr person.<\/p>\n<div id='gallery-1' class='gallery galleryid-2407 gallery-columns-3 gallery-size-thumbnail'><figure class='gallery-item'>\n\t\t\t<div class='gallery-icon landscape'>\n\t\t\t\t<a href='https:\/\/myftinia-shkoder.org\/?attachment_id=2409'><img loading=\"lazy\" decoding=\"async\" width=\"150\" height=\"150\" src=\"https:\/\/myftinia-shkoder.org\/wp-content\/uploads\/2017\/05\/18582420_1894323557455855_7664045738648154714_n-150x150.jpg\" class=\"attachment-thumbnail size-thumbnail\" alt=\"\" \/><\/a>\n\t\t\t<\/div><\/figure><figure class='gallery-item'>\n\t\t\t<div class='gallery-icon landscape'>\n\t\t\t\t<a href='https:\/\/myftinia-shkoder.org\/?attachment_id=2408'><img loading=\"lazy\" decoding=\"async\" width=\"150\" height=\"150\" src=\"https:\/\/myftinia-shkoder.org\/wp-content\/uploads\/2017\/05\/18582003_1894323564122521_200423746822278286_n-150x150.jpg\" class=\"attachment-thumbnail size-thumbnail\" alt=\"\" \/><\/a>\n\t\t\t<\/div><\/figure>\n\t\t<\/div>\n\n<\/div>\n","protected":false},"excerpt":{"rendered":"<div class=\"mh-excerpt\"><p>Pasdit\u00ebn e s\u00eb mart\u00ebs, m\u00eb 23 maj 2017, Myftiu i Shkodr\u00ebs, Imam Muhamed B. Sytari zhvilloi nj\u00eb takim pune me nj\u00eb grup imam\u00ebsh t\u00eb qytetit dhe fshatit, ku u diskutua rreth p\u00ebrgatitjeve t\u00eb fundit p\u00ebr <a class=\"mh-excerpt-more\" href=\"https:\/\/myftinia-shkoder.org\/?p=2407\" title=\"Myftiu dha udh\u00ebzimet e tij n\u00eb prag t\u00eb Ramazanit 1438\">[&#8230;]<\/a><\/p>\n<\/div>","protected":false},"author":1,"featured_media":2408,"comment_status":"closed","ping_status":"closed","sticky":false,"template":"","format":"standard","meta":{"footnotes":""},"categories":[13,15],"tags":[],"class_list":["post-2407","post","type-post","status-publish","format-standard","has-post-thumbnail","hentry","category-aktualitet","category-ramazan-2017"],"_links":{"self":[{"href":"https:\/\/myftinia-shkoder.org\/index.php?rest_route=\/wp\/v2\/posts\/2407","targetHints":{"allow":["GET"]}}],"collection":[{"href":"https:\/\/myftinia-shkoder.org\/index.php?rest_route=\/wp\/v2\/posts"}],"about":[{"href":"https:\/\/myftinia-shkoder.org\/index.php?rest_route=\/wp\/v2\/types\/post"}],"author":[{"embeddable":true,"href":"https:\/\/myftinia-shkoder.org\/index.php?rest_route=\/wp\/v2\/users\/1"}],"replies":[{"embeddable":true,"href":"https:\/\/myftinia-shkoder.org\/index.php?rest_route=%2Fwp%2Fv2%2Fcomments&post=2407"}],"version-history":[{"count":2,"href":"https:\/\/myftinia-shkoder.org\/index.php?rest_route=\/wp\/v2\/posts\/2407\/revisions"}],"predecessor-version":[{"id":2411,"href":"https:\/\/myftinia-shkoder.org\/index.php?rest_route=\/wp\/v2\/posts\/2407\/revisions\/2411"}],"wp:featuredmedia":[{"embeddable":true,"href":"https:\/\/myftinia-shkoder.org\/index.php?rest_route=\/wp\/v2\/media\/2408"}],"wp:attachment":[{"href":"https:\/\/myftinia-shkoder.org\/index.php?rest_route=%2Fwp%2Fv2%2Fmedia&parent=2407"}],"wp:term":[{"taxonomy":"category","embeddable":true,"href":"https:\/\/myftinia-shkoder.org\/index.php?rest_route=%2Fwp%2Fv2%2Fcategories&post=2407"},{"taxonomy":"post_tag","embeddable":true,"href":"https:\/\/myftinia-shkoder.org\/index.php?rest_route=%2Fwp%2Fv2%2Ftags&post=2407"}],"curies":[{"name":"wp","href":"https:\/\/api.w.org\/{rel}","templated":true}]}}