{"id":2428,"date":"2017-05-28T21:48:03","date_gmt":"2017-05-28T21:48:03","guid":{"rendered":"http:\/\/myftinia-shkoder.org\/?p=2428"},"modified":"2017-06-21T11:34:40","modified_gmt":"2017-06-21T11:34:40","slug":"iftari-tradicional-me-imamet-dhe-keshillin-e-myftinise-shkoder","status":"publish","type":"post","link":"https:\/\/myftinia-shkoder.org\/?p=2428","title":{"rendered":"Iftari tradicional me imam\u00ebt dhe k\u00ebshillin e Myftinis\u00eb Shkod\u00ebr"},"content":{"rendered":"<p style=\"text-align: justify;\">Dit\u00ebn e dyt\u00eb t\u00eb Ramazanit, m\u00eb 28 maj 2017, imam\u00ebt dhe k\u00ebshilli i Myftinis\u00eb Shkod\u00ebr jan\u00eb mbledhur n\u00eb iftarin tradicional q\u00eb shtrohet me rastin e Muajit t\u00eb begat\u00eb t\u00eb Ramazanit.<\/p>\n<p style=\"text-align: justify;\">N\u00eb sofr\u00ebn e begat\u00eb t\u00eb v\u00ebllaz\u00ebris\u00eb dhe harmonis\u00eb islame, imam\u00ebt e qytetit dhe t\u00eb fshatrave, ndan\u00eb me nj\u00ebri-tjetrin p\u00ebrvojat dhe k\u00ebnaq\u00ebsit\u00eb e dit\u00ebve t\u00eb para t\u00eb k\u00ebtij muaj plot mir\u00ebsi dhe begati.<\/p>\n<div class=\"text_exposed_show\">\n<p style=\"text-align: justify;\">Teologu Arben Halluni, n\u00eb em\u00ebr t\u00eb Myftinis\u00eb Shkod\u00ebr, uroi mir\u00ebseardhjen t\u00eb gjith\u00eb imam\u00ebve duke shprehur mir\u00ebnjohje dhe respekt p\u00ebr pun\u00ebn e tyre fisnike n\u00eb sh\u00ebrbim t\u00eb Thirrjes Islame.<\/p>\n<p style=\"text-align: justify;\">Ai theksoi se muaji i Ramazanit \u00ebsht\u00eb nj\u00eb mund\u00ebsi e madhe p\u00ebr t\u00eb qen\u00eb \u00e7do nat\u00eb t\u00eb teravis\u00eb pran\u00eb xhematit, sikurse duhet shfryt\u00ebzuar n\u00eb maksimum p\u00ebr t\u00eb mir\u00ebn e njer\u00ebzve dhe t\u00eb fes\u00eb.<\/p>\n<p style=\"text-align: justify;\">N\u00eb fund t\u00eb k\u00ebtij iftari v\u00ebllaz\u00ebror, teologu Lavdrim Hamja, fal\u00ebnderoi edhe nj\u00eb her\u00eb imam\u00ebt e nderuar p\u00ebr angazhimin e tyre t\u00eb p\u00ebrhersh\u00ebm n\u00eb sh\u00ebrbimet ndaj vlerave t\u00eb besimit islam q\u00eb p\u00ebrhapin \u00e7do dit\u00eb.<\/p>\n<p style=\"text-align: justify;\">Ky iftar u mbyll me duan\u00eb e rastit, t\u00eb cil\u00ebn e b\u00ebri Hafiz Shukri Kapllan.<\/p>\n<p style=\"text-align: justify;\">Tradita e bukur e shtrimit t\u00eb iftareve gjat\u00eb muajit t\u00eb Ramazanit, tashm\u00eb ka marr\u00eb rrug\u00ebtimin e saj dhe p\u00ebr \u00e7do dit\u00eb t\u00eb Ramazanit, iftaret do t\u00eb jen\u00eb t\u00eb pranishme n\u00eb mesin e xhemateve dhe agj\u00ebruesve t\u00eb ndrysh\u00ebm.<\/p>\n<\/div>\n<div class=\"_li\">\n<div id=\"globalContainer\" class=\"uiContextualLayerParent\">\n<div id=\"content\" class=\"fb_content clearfix \" data-referrer=\"content\">\n<div>\n<div id=\"mainContainer\">\n<div id=\"contentCol\" class=\"clearfix hasRightCol\">\n<div id=\"contentArea\">\n<div id=\"pagelet_timeline_main_column\" class=\"_5h60\" data-referrer=\"pagelet_timeline_main_column\" data-gt=\"{&quot;profile_owner&quot;:&quot;100006346868517&quot;,&quot;ref&quot;:&quot;timeline:timeline&quot;}\">\n<div id=\"pagelet_main_column_personal\" class=\"_5h60\" data-referrer=\"pagelet_main_column_personal_timeline\">\n<div id=\"timeline_tab_content\">\n<div id=\"pagelet_timeline_recent\" class=\"_5h60 fbTimelineTimePeriod\" data-referrer=\"pagelet_timeline_recent\">\n<div id=\"u_jsonp_3_k\" class=\"fbTimelineSection fbTimelineCompactSection fbTimelineSectionTransparent\">\n<div id=\"u_jsonp_3_j\" class=\"fbTimelineCapsule clearfix\" data-referrer=\"pagelet_timeline_recent_ocm\" data-end=\"1496300399\" data-start=\"1491162019\">\n<div id=\"recent_capsule_container\" class=\"_5nb8\" data-referrer=\"recent_capsule_container\">\n<div class=\"_5pcb _4b0l\">\n<div id=\"tl_unit_2092785170461282182\" class=\"_4-u2 mbm _4mrt _5jmm _5pat _5v3q _4-u8\" data-ftr=\"1\" data-fte=\"1\" data-insertion-position=\"0\" data-time=\"1496076309\">\n<div id=\"u_jsonp_3_1g\" class=\"_3ccb\" data-gt=\"{&quot;type&quot;:&quot;click2canvas&quot;,&quot;fbsource&quot;:703,&quot;ref&quot;:&quot;nf_generic&quot;}\">\n<div class=\"fbUserContent _5pcr\">\n<div class=\"_1dwg _1w_m\">\n<div>\n<div id=\"js_qd\" class=\"_5pbx userContent\" data-ft=\"{&quot;tn&quot;:&quot;K&quot;}\">\n<div id=\"id_592c5023eff514311757950\" class=\"text_exposed_root text_exposed\">\n<div id='gallery-1' class='gallery galleryid-2428 gallery-columns-4 gallery-size-thumbnail'><figure class='gallery-item'>\n\t\t\t<div class='gallery-icon landscape'>\n\t\t\t\t<a href='https:\/\/myftinia-shkoder.org\/?attachment_id=2432'><img loading=\"lazy\" decoding=\"async\" width=\"150\" height=\"150\" src=\"https:\/\/myftinia-shkoder.org\/wp-content\/uploads\/2017\/05\/18768234_1896707240550820_4595661967093488005_o-150x150.jpg\" class=\"attachment-thumbnail size-thumbnail\" alt=\"\" \/><\/a>\n\t\t\t<\/div><\/figure><figure class='gallery-item'>\n\t\t\t<div class='gallery-icon landscape'>\n\t\t\t\t<a href='https:\/\/myftinia-shkoder.org\/?attachment_id=2431'><img loading=\"lazy\" decoding=\"async\" width=\"150\" height=\"150\" src=\"https:\/\/myftinia-shkoder.org\/wp-content\/uploads\/2017\/05\/18766536_1896707313884146_5138786267831670313_o-150x150.jpg\" class=\"attachment-thumbnail size-thumbnail\" alt=\"\" \/><\/a>\n\t\t\t<\/div><\/figure><figure class='gallery-item'>\n\t\t\t<div class='gallery-icon landscape'>\n\t\t\t\t<a href='https:\/\/myftinia-shkoder.org\/?attachment_id=2430'><img loading=\"lazy\" decoding=\"async\" width=\"150\" height=\"150\" src=\"https:\/\/myftinia-shkoder.org\/wp-content\/uploads\/2017\/05\/18738835_1896707213884156_618659571087841635_o-150x150.jpg\" class=\"attachment-thumbnail size-thumbnail\" alt=\"\" \/><\/a>\n\t\t\t<\/div><\/figure><figure class='gallery-item'>\n\t\t\t<div class='gallery-icon landscape'>\n\t\t\t\t<a href='https:\/\/myftinia-shkoder.org\/?attachment_id=2429'><img loading=\"lazy\" decoding=\"async\" width=\"150\" height=\"150\" src=\"https:\/\/myftinia-shkoder.org\/wp-content\/uploads\/2017\/05\/18738430_1896707197217491_8395385351835643002_o-150x150.jpg\" class=\"attachment-thumbnail size-thumbnail\" alt=\"\" \/><\/a>\n\t\t\t<\/div><\/figure>\n\t\t<\/div>\n\n<\/div>\n<\/div>\n<\/div>\n<\/div>\n<\/div>\n<\/div>\n<\/div>\n<\/div>\n<\/div>\n<\/div>\n<\/div>\n<\/div>\n<\/div>\n<\/div>\n<\/div>\n<\/div>\n<\/div>\n<\/div>\n<\/div>\n<\/div>\n<\/div>\n<\/div>\n","protected":false},"excerpt":{"rendered":"<div class=\"mh-excerpt\"><p>Dit\u00ebn e dyt\u00eb t\u00eb Ramazanit, m\u00eb 28 maj 2017, imam\u00ebt dhe k\u00ebshilli i Myftinis\u00eb Shkod\u00ebr jan\u00eb mbledhur n\u00eb iftarin tradicional q\u00eb shtrohet me rastin e Muajit t\u00eb begat\u00eb t\u00eb Ramazanit. N\u00eb sofr\u00ebn e begat\u00eb t\u00eb <a class=\"mh-excerpt-more\" href=\"https:\/\/myftinia-shkoder.org\/?p=2428\" title=\"Iftari tradicional me imam\u00ebt dhe k\u00ebshillin e Myftinis\u00eb Shkod\u00ebr\">[&#8230;]<\/a><\/p>\n<\/div>","protected":false},"author":1,"featured_media":2430,"comment_status":"closed","ping_status":"closed","sticky":false,"template":"","format":"standard","meta":{"footnotes":""},"categories":[1,15],"tags":[],"class_list":["post-2428","post","type-post","status-publish","format-standard","has-post-thumbnail","hentry","category-aktivitete","category-ramazan-2017"],"_links":{"self":[{"href":"https:\/\/myftinia-shkoder.org\/index.php?rest_route=\/wp\/v2\/posts\/2428","targetHints":{"allow":["GET"]}}],"collection":[{"href":"https:\/\/myftinia-shkoder.org\/index.php?rest_route=\/wp\/v2\/posts"}],"about":[{"href":"https:\/\/myftinia-shkoder.org\/index.php?rest_route=\/wp\/v2\/types\/post"}],"author":[{"embeddable":true,"href":"https:\/\/myftinia-shkoder.org\/index.php?rest_route=\/wp\/v2\/users\/1"}],"replies":[{"embeddable":true,"href":"https:\/\/myftinia-shkoder.org\/index.php?rest_route=%2Fwp%2Fv2%2Fcomments&post=2428"}],"version-history":[{"count":3,"href":"https:\/\/myftinia-shkoder.org\/index.php?rest_route=\/wp\/v2\/posts\/2428\/revisions"}],"predecessor-version":[{"id":2435,"href":"https:\/\/myftinia-shkoder.org\/index.php?rest_route=\/wp\/v2\/posts\/2428\/revisions\/2435"}],"wp:featuredmedia":[{"embeddable":true,"href":"https:\/\/myftinia-shkoder.org\/index.php?rest_route=\/wp\/v2\/media\/2430"}],"wp:attachment":[{"href":"https:\/\/myftinia-shkoder.org\/index.php?rest_route=%2Fwp%2Fv2%2Fmedia&parent=2428"}],"wp:term":[{"taxonomy":"category","embeddable":true,"href":"https:\/\/myftinia-shkoder.org\/index.php?rest_route=%2Fwp%2Fv2%2Fcategories&post=2428"},{"taxonomy":"post_tag","embeddable":true,"href":"https:\/\/myftinia-shkoder.org\/index.php?rest_route=%2Fwp%2Fv2%2Ftags&post=2428"}],"curies":[{"name":"wp","href":"https:\/\/api.w.org\/{rel}","templated":true}]}}