{"id":2707,"date":"2017-07-06T14:35:43","date_gmt":"2017-07-06T14:35:43","guid":{"rendered":"http:\/\/myftinia-shkoder.org\/?p=2707"},"modified":"2017-07-07T21:39:56","modified_gmt":"2017-07-07T21:39:56","slug":"imamet-nje-hytbe-e-vecante-ne-prag-te-haxhit-1438","status":"publish","type":"post","link":"https:\/\/myftinia-shkoder.org\/?p=2707","title":{"rendered":"Imam\u00ebt, nj\u00eb hytbe e ve\u00e7ant\u00eb n\u00eb prag t\u00eb Haxhit 1438"},"content":{"rendered":"<p style=\"text-align: justify;\">Paradit\u00ebn e s\u00eb enjtes, m\u00eb 6 korrik 2017, Myftiu i Shkodr\u00ebs, Imam Muhamed B. Sytari, zhvilloi nj\u00eb takim pune me imam\u00ebt e xhamive kryesore, me t\u00eb cil\u00ebt diskutoi rreth disa \u00e7\u00ebshtjeve q\u00eb lidhen me aktivitetin pas Ramazanit.<\/p>\n<p style=\"text-align: justify;\">Nd\u00ebr t\u00eb tjera, Myftiu udh\u00ebzoi q\u00eb e xhumaja e dat\u00ebs 7\/7\/2017, n\u00eb t\u00eb gjitha xhamit\u00eb e Shkodr\u00ebs, qytet dhe fshat, t\u00eb ket\u00eb si bosht kryesor vlerat dhe madh\u00ebshtin\u00eb e Haxhit, si nj\u00eb shtyll\u00eb e r\u00ebnd\u00ebsishme e fes\u00eb.<\/p>\n<p style=\"text-align: justify;\">Nj\u00ebkoh\u00ebsisht, u lajm\u00ebrua se kufiri i fundit i regjistrimit te haxhiler\u00ebve t\u00eb sivjetsh\u00ebm do t\u00eb jet\u00eb data 10 korrik 2017.<\/p>\n<p style=\"text-align: justify;\">U caktua dita e organizimit t\u00eb tubimit t\u00eb imam\u00ebve, muezin\u00ebve dhe k\u00ebshillave t\u00eb xhamive p\u00ebr &#8220;Mbledhjen e Raporteve t\u00eb Ramazanit&#8221;, (viti 1438), nj\u00eb risi, q\u00eb nis p\u00ebr her\u00eb t\u00eb par\u00eb k\u00ebt\u00eb vit, n\u00eb kuad\u00ebr t\u00eb analizimit t\u00eb gjer\u00eb t\u00eb aktivitetit gjat\u00eb Ramazanit; mendimeve, ideve, sugjerimeve, v\u00ebrejtjeve dhe k\u00ebrkesave n\u00eb drejtim t\u00eb p\u00ebrmir\u00ebsimit t\u00eb angazhimeve dhe sh\u00ebrbimeve t\u00eb Myftinis\u00eb Shkod\u00ebr gjat\u00eb Muajit Ramazan.<\/p>\n<div id='gallery-1' class='gallery galleryid-2707 gallery-columns-3 gallery-size-thumbnail'><figure class='gallery-item'>\n\t\t\t<div class='gallery-icon landscape'>\n\t\t\t\t<a href='https:\/\/myftinia-shkoder.org\/?attachment_id=2710'><img loading=\"lazy\" decoding=\"async\" width=\"150\" height=\"150\" src=\"https:\/\/myftinia-shkoder.org\/wp-content\/uploads\/2017\/07\/FB_IMG_1499463516298-150x150.jpg\" class=\"attachment-thumbnail size-thumbnail\" alt=\"\" \/><\/a>\n\t\t\t<\/div><\/figure><figure class='gallery-item'>\n\t\t\t<div class='gallery-icon landscape'>\n\t\t\t\t<a href='https:\/\/myftinia-shkoder.org\/?attachment_id=2709'><img loading=\"lazy\" decoding=\"async\" width=\"150\" height=\"150\" src=\"https:\/\/myftinia-shkoder.org\/wp-content\/uploads\/2017\/07\/FB_IMG_1499463520730-150x150.jpg\" class=\"attachment-thumbnail size-thumbnail\" alt=\"\" \/><\/a>\n\t\t\t<\/div><\/figure><figure class='gallery-item'>\n\t\t\t<div class='gallery-icon landscape'>\n\t\t\t\t<a href='https:\/\/myftinia-shkoder.org\/?attachment_id=2708'><img loading=\"lazy\" decoding=\"async\" width=\"150\" height=\"150\" src=\"https:\/\/myftinia-shkoder.org\/wp-content\/uploads\/2017\/07\/FB_IMG_1499463524637-150x150.jpg\" class=\"attachment-thumbnail size-thumbnail\" alt=\"\" \/><\/a>\n\t\t\t<\/div><\/figure>\n\t\t<\/div>\n\n","protected":false},"excerpt":{"rendered":"<div class=\"mh-excerpt\"><p>Paradit\u00ebn e s\u00eb enjtes, m\u00eb 6 korrik 2017, Myftiu i Shkodr\u00ebs, Imam Muhamed B. Sytari, zhvilloi nj\u00eb takim pune me imam\u00ebt e xhamive kryesore, me t\u00eb cil\u00ebt diskutoi rreth disa \u00e7\u00ebshtjeve q\u00eb lidhen me aktivitetin <a class=\"mh-excerpt-more\" href=\"https:\/\/myftinia-shkoder.org\/?p=2707\" title=\"Imam\u00ebt, nj\u00eb hytbe e ve\u00e7ant\u00eb n\u00eb prag t\u00eb Haxhit 1438\">[&#8230;]<\/a><\/p>\n<\/div>","protected":false},"author":1,"featured_media":2710,"comment_status":"closed","ping_status":"closed","sticky":false,"template":"","format":"standard","meta":{"footnotes":""},"categories":[13],"tags":[],"class_list":["post-2707","post","type-post","status-publish","format-standard","has-post-thumbnail","hentry","category-aktualitet"],"_links":{"self":[{"href":"https:\/\/myftinia-shkoder.org\/index.php?rest_route=\/wp\/v2\/posts\/2707","targetHints":{"allow":["GET"]}}],"collection":[{"href":"https:\/\/myftinia-shkoder.org\/index.php?rest_route=\/wp\/v2\/posts"}],"about":[{"href":"https:\/\/myftinia-shkoder.org\/index.php?rest_route=\/wp\/v2\/types\/post"}],"author":[{"embeddable":true,"href":"https:\/\/myftinia-shkoder.org\/index.php?rest_route=\/wp\/v2\/users\/1"}],"replies":[{"embeddable":true,"href":"https:\/\/myftinia-shkoder.org\/index.php?rest_route=%2Fwp%2Fv2%2Fcomments&post=2707"}],"version-history":[{"count":1,"href":"https:\/\/myftinia-shkoder.org\/index.php?rest_route=\/wp\/v2\/posts\/2707\/revisions"}],"predecessor-version":[{"id":2711,"href":"https:\/\/myftinia-shkoder.org\/index.php?rest_route=\/wp\/v2\/posts\/2707\/revisions\/2711"}],"wp:featuredmedia":[{"embeddable":true,"href":"https:\/\/myftinia-shkoder.org\/index.php?rest_route=\/wp\/v2\/media\/2710"}],"wp:attachment":[{"href":"https:\/\/myftinia-shkoder.org\/index.php?rest_route=%2Fwp%2Fv2%2Fmedia&parent=2707"}],"wp:term":[{"taxonomy":"category","embeddable":true,"href":"https:\/\/myftinia-shkoder.org\/index.php?rest_route=%2Fwp%2Fv2%2Fcategories&post=2707"},{"taxonomy":"post_tag","embeddable":true,"href":"https:\/\/myftinia-shkoder.org\/index.php?rest_route=%2Fwp%2Fv2%2Ftags&post=2707"}],"curies":[{"name":"wp","href":"https:\/\/api.w.org\/{rel}","templated":true}]}}