{"id":2923,"date":"2017-09-14T13:29:06","date_gmt":"2017-09-14T13:29:06","guid":{"rendered":"http:\/\/myftinia-shkoder.org\/?p=2923"},"modified":"2017-09-14T13:31:31","modified_gmt":"2017-09-14T13:31:31","slug":"myftiu-takoi-imamet-e-qytetit-per-programin-e-ri-te-derseve","status":"publish","type":"post","link":"https:\/\/myftinia-shkoder.org\/?p=2923","title":{"rendered":"Myftiu takoi imam\u00ebt e qytetit p\u00ebr programin e ri t\u00eb derseve"},"content":{"rendered":"<p style=\"text-align: justify;\">Paradit\u00ebn e s\u00eb enjtes, m\u00eb 14 shtator 2017, Myftiu i Shkodr\u00ebs, Imam\u00a0Muhamed B. Sytari, zhvilloi nj\u00eb takim pune me imam\u00ebt e qytetit, me t\u00eb cil\u00ebt diskutoi p\u00ebr disa \u00e7\u00ebshtje, q\u00eb lidhen me mbar\u00ebsin\u00eb e aktivitetit fetar n\u00eb sh\u00ebrbim t\u00eb Thirrjes Islame.<\/p>\n<div class=\"text_exposed_show\">\n<p style=\"text-align: justify;\">Fillimisht, Myftiu fal\u00ebnderoi imam\u00ebt p\u00ebr sh\u00ebrbimet e tyre, duke vler\u00ebsuar ceremonin\u00eb e Kurban Bajramit n\u00eb shesh, si dhe p\u00ebrkujdesjen e tyre p\u00ebr afrimin e rinis\u00eb n\u00eb xhami.<\/p>\n<p style=\"text-align: justify;\">N\u00eb rend t\u00eb dit\u00ebs ishte edhe programi i ri i derseve javore, p\u00ebr t\u00eb cilin, Myftiu tha se \u00ebsht\u00eb e domosdoshme, q\u00eb n\u00eb t\u00eb gjitha xhamit\u00eb e Shkodr\u00ebs t\u00eb ket\u00eb derse t\u00eb p\u00ebrjavshme, n\u00eb m\u00ebnyr\u00eb q\u00eb besimtar\u00ebt t\u00eb ken\u00eb alternativa dhe mund\u00ebsi t\u00eb shumta p\u00ebrftimi dhe kontaktesh t\u00eb p\u00ebrditshme me imam\u00ebt e shumt\u00eb, prej t\u00eb cil\u00ebve duan dhe mund t\u00eb p\u00ebrfitojn\u00eb.<\/p>\n<p style=\"text-align: justify;\">Myftiu vler\u00ebsoi iniciativat e m\u00ebparshme dhe projektet e shumta sezonale, q\u00eb Myftinia Shkod\u00ebr ka nd\u00ebrmarr\u00eb gjat\u00eb viteve n\u00eb k\u00ebt\u00eb kontekst dhe konfirmoi domosdoshm\u00ebrin\u00eb e disiplinimit dhe konsolidimit t\u00eb k\u00ebtij programi.<\/p>\n<p style=\"text-align: justify;\">Imam\u00ebt e nderuar ishin t\u00eb nj\u00eb mendjeje p\u00ebr vler\u00ebn e k\u00ebtyre derseve, sikurse shpreh\u00ebn gatishm\u00ebrin\u00eb p\u00ebr t\u00eb dh\u00ebn\u00eb kontributin e tyre p\u00ebr mbar\u00ebsin\u00eb e tij.<\/p>\n<p style=\"text-align: justify;\">Shum\u00eb shpejt, Myftinia Shkod\u00ebr do t\u00eb b\u00ebj\u00eb publike list\u00ebn e derseve t\u00eb p\u00ebrjavshme q\u00eb do t\u00eb zhvillohen n\u00eb xhamit\u00eb e Shkodr\u00ebs, duke nisur nga dita e sotme, ku Myftiu do t\u00eb rinis\u00eb dersin e tij javor n\u00eb xhamin\u00eb e Tophan\u00ebs, pas namazit t\u00eb akshamit.<\/p>\n<\/div>\n","protected":false},"excerpt":{"rendered":"<div class=\"mh-excerpt\"><p>Paradit\u00ebn e s\u00eb enjtes, m\u00eb 14 shtator 2017, Myftiu i Shkodr\u00ebs, Imam\u00a0Muhamed B. Sytari, zhvilloi nj\u00eb takim pune me imam\u00ebt e qytetit, me t\u00eb cil\u00ebt diskutoi p\u00ebr disa \u00e7\u00ebshtje, q\u00eb lidhen me mbar\u00ebsin\u00eb e aktivitetit <a class=\"mh-excerpt-more\" href=\"https:\/\/myftinia-shkoder.org\/?p=2923\" title=\"Myftiu takoi imam\u00ebt e qytetit p\u00ebr programin e ri t\u00eb derseve\">[&#8230;]<\/a><\/p>\n<\/div>","protected":false},"author":1,"featured_media":2924,"comment_status":"closed","ping_status":"closed","sticky":false,"template":"","format":"standard","meta":{"footnotes":""},"categories":[13],"tags":[],"class_list":["post-2923","post","type-post","status-publish","format-standard","has-post-thumbnail","hentry","category-aktualitet"],"_links":{"self":[{"href":"https:\/\/myftinia-shkoder.org\/index.php?rest_route=\/wp\/v2\/posts\/2923","targetHints":{"allow":["GET"]}}],"collection":[{"href":"https:\/\/myftinia-shkoder.org\/index.php?rest_route=\/wp\/v2\/posts"}],"about":[{"href":"https:\/\/myftinia-shkoder.org\/index.php?rest_route=\/wp\/v2\/types\/post"}],"author":[{"embeddable":true,"href":"https:\/\/myftinia-shkoder.org\/index.php?rest_route=\/wp\/v2\/users\/1"}],"replies":[{"embeddable":true,"href":"https:\/\/myftinia-shkoder.org\/index.php?rest_route=%2Fwp%2Fv2%2Fcomments&post=2923"}],"version-history":[{"count":1,"href":"https:\/\/myftinia-shkoder.org\/index.php?rest_route=\/wp\/v2\/posts\/2923\/revisions"}],"predecessor-version":[{"id":2925,"href":"https:\/\/myftinia-shkoder.org\/index.php?rest_route=\/wp\/v2\/posts\/2923\/revisions\/2925"}],"wp:featuredmedia":[{"embeddable":true,"href":"https:\/\/myftinia-shkoder.org\/index.php?rest_route=\/wp\/v2\/media\/2924"}],"wp:attachment":[{"href":"https:\/\/myftinia-shkoder.org\/index.php?rest_route=%2Fwp%2Fv2%2Fmedia&parent=2923"}],"wp:term":[{"taxonomy":"category","embeddable":true,"href":"https:\/\/myftinia-shkoder.org\/index.php?rest_route=%2Fwp%2Fv2%2Fcategories&post=2923"},{"taxonomy":"post_tag","embeddable":true,"href":"https:\/\/myftinia-shkoder.org\/index.php?rest_route=%2Fwp%2Fv2%2Ftags&post=2923"}],"curies":[{"name":"wp","href":"https:\/\/api.w.org\/{rel}","templated":true}]}}