{"id":3021,"date":"2017-09-19T14:38:50","date_gmt":"2017-09-19T14:38:50","guid":{"rendered":"http:\/\/myftinia-shkoder.org\/?p=3021"},"modified":"2017-09-20T07:22:24","modified_gmt":"2017-09-20T07:22:24","slug":"myftiu-inspektoi-vakefin-e-dracinit","status":"publish","type":"post","link":"https:\/\/myftinia-shkoder.org\/?p=3021","title":{"rendered":"Myftiu inspektoi vak\u00ebfin e Dra\u00e7init"},"content":{"rendered":"<p style=\"text-align: justify;\">Dit\u00ebn e mart\u00eb, m\u00eb 19 shtator 2017, Myftiu i Shkodr\u00ebs, Imam\u00a0Muhamed B. Sytari, zhvilloi nj\u00eb inspektim n\u00eb terren p\u00ebr t\u00eb par\u00eb nga af\u00ebr pron\u00ebn vak\u00ebf n\u00eb Dra\u00e7in.<\/p>\n<div class=\"text_exposed_show\">\n<p style=\"text-align: justify;\">Myftiu theksoi se kthimi n\u00eb identitet i vak\u00ebfeve q\u00eb kan\u00eb mbetur peng shum\u00ebvje\u00e7ar i burokracive t\u00eb Agjensis\u00eb s\u00eb Kthimit dhe Kompensimit t\u00eb Pronave, mbetet nj\u00eb prioritet i Myftinis\u00eb Shkod\u00ebr, q\u00eb duhet mb\u00ebshtetur fuqish\u00ebm nga Komuniteti Mysliman i Shqip\u00ebris\u00eb.<\/p>\n<p style=\"text-align: justify;\">Ai tha se shum\u00eb prona jan\u00eb zaptuar fal\u00eb burokracive t\u00eb institucioneve shtet\u00ebrore, qendrore dhe lokake, si dhe zaptimeve t\u00eb pap\u00ebrgjegjshme q\u00eb kan\u00eb ndodhur pas vitit 1990.<\/p>\n<p style=\"text-align: justify;\">Myftiu konfirmoi vullnetin p\u00ebr nd\u00ebrtimin e xhamis\u00eb s\u00eb re n\u00eb Dra\u00e7in, n\u00eb t\u00eb nj\u00ebjtin vend ku ishte para vitit 1967, kur xhamit\u00eb dhe pronat vak\u00ebf t\u00eb musliman\u00ebve u shkat\u00ebrruan dhe u tjet\u00ebrsuan nga kriminel\u00ebt komunist\u00eb.<\/p>\n<div id='gallery-1' class='gallery galleryid-3021 gallery-columns-5 gallery-size-thumbnail'><figure class='gallery-item'>\n\t\t\t<div class='gallery-icon landscape'>\n\t\t\t\t<a href='https:\/\/myftinia-shkoder.org\/?attachment_id=3026'><img loading=\"lazy\" decoding=\"async\" width=\"150\" height=\"150\" src=\"https:\/\/myftinia-shkoder.org\/wp-content\/uploads\/2017\/09\/vakfi-dracin-5-150x150.jpg\" class=\"attachment-thumbnail size-thumbnail\" alt=\"\" \/><\/a>\n\t\t\t<\/div><\/figure><figure class='gallery-item'>\n\t\t\t<div class='gallery-icon landscape'>\n\t\t\t\t<a href='https:\/\/myftinia-shkoder.org\/?attachment_id=3025'><img loading=\"lazy\" decoding=\"async\" width=\"150\" height=\"150\" src=\"https:\/\/myftinia-shkoder.org\/wp-content\/uploads\/2017\/09\/vakfi-dracin-4-150x150.jpg\" class=\"attachment-thumbnail size-thumbnail\" alt=\"\" \/><\/a>\n\t\t\t<\/div><\/figure><figure class='gallery-item'>\n\t\t\t<div class='gallery-icon landscape'>\n\t\t\t\t<a href='https:\/\/myftinia-shkoder.org\/?attachment_id=3024'><img loading=\"lazy\" decoding=\"async\" width=\"150\" height=\"150\" src=\"https:\/\/myftinia-shkoder.org\/wp-content\/uploads\/2017\/09\/vakfi-dracin-3-150x150.jpg\" class=\"attachment-thumbnail size-thumbnail\" alt=\"\" \/><\/a>\n\t\t\t<\/div><\/figure><figure class='gallery-item'>\n\t\t\t<div class='gallery-icon landscape'>\n\t\t\t\t<a href='https:\/\/myftinia-shkoder.org\/?attachment_id=3023'><img loading=\"lazy\" decoding=\"async\" width=\"150\" height=\"150\" src=\"https:\/\/myftinia-shkoder.org\/wp-content\/uploads\/2017\/09\/vakfi-dracin-2-150x150.jpg\" class=\"attachment-thumbnail size-thumbnail\" alt=\"\" \/><\/a>\n\t\t\t<\/div><\/figure><figure class='gallery-item'>\n\t\t\t<div class='gallery-icon landscape'>\n\t\t\t\t<a href='https:\/\/myftinia-shkoder.org\/?attachment_id=3022'><img loading=\"lazy\" decoding=\"async\" width=\"150\" height=\"150\" src=\"https:\/\/myftinia-shkoder.org\/wp-content\/uploads\/2017\/09\/vakfi-dracin-1-150x150.jpg\" class=\"attachment-thumbnail size-thumbnail\" alt=\"\" \/><\/a>\n\t\t\t<\/div><\/figure>\n\t\t<\/div>\n\n<\/div>\n","protected":false},"excerpt":{"rendered":"<div class=\"mh-excerpt\"><p>Dit\u00ebn e mart\u00eb, m\u00eb 19 shtator 2017, Myftiu i Shkodr\u00ebs, Imam\u00a0Muhamed B. Sytari, zhvilloi nj\u00eb inspektim n\u00eb terren p\u00ebr t\u00eb par\u00eb nga af\u00ebr pron\u00ebn vak\u00ebf n\u00eb Dra\u00e7in. Myftiu theksoi se kthimi n\u00eb identitet i vak\u00ebfeve <a class=\"mh-excerpt-more\" href=\"https:\/\/myftinia-shkoder.org\/?p=3021\" title=\"Myftiu inspektoi vak\u00ebfin e Dra\u00e7init\">[&#8230;]<\/a><\/p>\n<\/div>","protected":false},"author":1,"featured_media":3022,"comment_status":"closed","ping_status":"closed","sticky":false,"template":"","format":"standard","meta":{"footnotes":""},"categories":[4],"tags":[],"class_list":["post-3021","post","type-post","status-publish","format-standard","has-post-thumbnail","hentry","category-vakef"],"_links":{"self":[{"href":"https:\/\/myftinia-shkoder.org\/index.php?rest_route=\/wp\/v2\/posts\/3021","targetHints":{"allow":["GET"]}}],"collection":[{"href":"https:\/\/myftinia-shkoder.org\/index.php?rest_route=\/wp\/v2\/posts"}],"about":[{"href":"https:\/\/myftinia-shkoder.org\/index.php?rest_route=\/wp\/v2\/types\/post"}],"author":[{"embeddable":true,"href":"https:\/\/myftinia-shkoder.org\/index.php?rest_route=\/wp\/v2\/users\/1"}],"replies":[{"embeddable":true,"href":"https:\/\/myftinia-shkoder.org\/index.php?rest_route=%2Fwp%2Fv2%2Fcomments&post=3021"}],"version-history":[{"count":1,"href":"https:\/\/myftinia-shkoder.org\/index.php?rest_route=\/wp\/v2\/posts\/3021\/revisions"}],"predecessor-version":[{"id":3027,"href":"https:\/\/myftinia-shkoder.org\/index.php?rest_route=\/wp\/v2\/posts\/3021\/revisions\/3027"}],"wp:featuredmedia":[{"embeddable":true,"href":"https:\/\/myftinia-shkoder.org\/index.php?rest_route=\/wp\/v2\/media\/3022"}],"wp:attachment":[{"href":"https:\/\/myftinia-shkoder.org\/index.php?rest_route=%2Fwp%2Fv2%2Fmedia&parent=3021"}],"wp:term":[{"taxonomy":"category","embeddable":true,"href":"https:\/\/myftinia-shkoder.org\/index.php?rest_route=%2Fwp%2Fv2%2Fcategories&post=3021"},{"taxonomy":"post_tag","embeddable":true,"href":"https:\/\/myftinia-shkoder.org\/index.php?rest_route=%2Fwp%2Fv2%2Ftags&post=3021"}],"curies":[{"name":"wp","href":"https:\/\/api.w.org\/{rel}","templated":true}]}}