{"id":3194,"date":"2017-11-10T15:53:30","date_gmt":"2017-11-10T15:53:30","guid":{"rendered":"http:\/\/myftinia-shkoder.org\/?p=3194"},"modified":"2017-12-04T15:07:15","modified_gmt":"2017-12-04T15:07:15","slug":"myftiu-i-kosoves-mr-naim-ternava-mbajti-hytben-e-xhumase-ne-xhamine-e-parruces","status":"publish","type":"post","link":"https:\/\/myftinia-shkoder.org\/?p=3194","title":{"rendered":"Myftiu i Kosov\u00ebs, Mr. Naim T\u00ebrnava, mbajti hytben e xhumas\u00eb n\u00eb xhamin\u00eb e Parruc\u00ebs"},"content":{"rendered":"<p style=\"text-align: justify;\">Me ftes\u00eb t\u00eb Myftiut t\u00eb Shkodr\u00ebs, Imam\u00a0Muhamed B. Sytari, dit\u00ebn e xhuma, m\u00eb 10 n\u00ebntor 2017, hytbeja e jav\u00ebs n\u00eb xhamin\u00eb e Parruc\u00ebs u mbajt nga Myftiu i Republik\u00ebs s\u00eb Kosov\u00ebs, Mr. Naim T\u00ebrnava.<\/p>\n<div class=\"text_exposed_show\">\n<p style=\"text-align: justify;\">N\u00eb kuad\u00ebr t\u00eb aktiviteteve n\u00eb p\u00ebrkujtim t\u00eb rilejimit me ligj t\u00eb fes\u00eb n\u00eb vendin ton\u00eb, pas 23 vitesh persekutimi dhe ndalimi t\u00eb aktivitetit fetar n\u00eb Shqip\u00ebri, kjo hytbe e sh\u00ebnuar kishte nj\u00eb vler\u00eb t\u00eb madhe p\u00ebr mesazhet e urta dhe largpam\u00ebse t\u00eb Myftiut T\u00ebrnava.<\/p>\n<p style=\"text-align: justify;\">N\u00eb hytben e tij para besimtar\u00ebve shkodran\u00eb, kreu i Bashk\u00ebsis\u00eb Islame t\u00eb Kosov\u00ebs, nd\u00ebr t\u00eb tjera theksoi: &#8220;Ne jemi t\u00eb irdh\u00ebruar q\u00eb t&#8217;i qendrojm\u00eb besnik\u00eb fjal\u00ebs s\u00eb Zotit (xh.sh), q\u00eb at\u00eb ta shtjellojm\u00eb, ta shpjegojm\u00eb, ta kumtojm\u00eb tek masa e gjer\u00eb, ashtu si na ka porositur i Madhi Zot, ashtu si na ka porositur Hz. Muhammedi (a.s), duke mos lejuar ask\u00eb, q\u00eb p\u00ebr interesa \u00e7far\u00ebdo lloji qofshin, t\u00eb ndikoj\u00eb n\u00eb interpretimin e fjal\u00ebs s\u00eb drejt\u00eb, jo drejt\u00eb dhe jo mir\u00eb!&#8221;<\/p>\n<p style=\"text-align: justify;\">Pastaj, vijoi: &#8220;Islami \u00ebsht\u00eb f\u00e9 e paqes, \u00ebsht\u00eb feja e ardhm\u00ebris\u00eb, \u00ebsht\u00eb f\u00e9 e bujaris\u00eb, \u00ebsht\u00eb f\u00e9 e sinqeritetit, \u00ebsht\u00eb f\u00e9 p\u00ebr individin, \u00ebsht\u00eb f\u00e9 e familjes, e shoq\u00ebris\u00eb, f\u00e9 e cila respekton \u00e7donj\u00ebrin, pavar\u00ebsisht se ku jeton, \u00e7far\u00eb vepron! E shtrin dor\u00ebn e bashk\u00ebpunimit me t\u00eb gjith\u00eb, n\u00eb \u00e7do segment t\u00eb jet\u00ebs!&#8221;<\/p>\n<p style=\"text-align: justify;\">Gjithashtu, duke iu referuar t\u00eb par\u00ebve t\u00eb shkuar, tha: &#8220;T\u00eb par\u00ebt tan\u00eb, t\u00eb nderuar v\u00ebllez\u00ebr e motra, baballar\u00ebt tan\u00eb, gjysh\u00ebrit tan\u00eb, p\u00ebrkund\u00ebr asaj q\u00eb kan\u00eb vuajtur shum\u00eb, n\u00eb zemrat e tyre kishin nj\u00eb besim t\u00eb thell\u00eb n\u00eb porosit\u00eb e t\u00eb Madhit Zot! Ata, p\u00ebrkund\u00ebr asaj trysnie dhe asaj dhune t\u00eb papar\u00eb ata e ruajt\u00ebn besimin!<\/p>\n<p style=\"text-align: justify;\">Me 16 n\u00ebntor 1990, Shkodra u rizgjua, Shkodra e mori veten, u b\u00eb simbol i t\u00ebr\u00eb Shqip\u00ebris\u00eb!&#8221;<\/p>\n<p style=\"text-align: justify;\">Ai fal\u00ebnderoi edhe popullin shkodran p\u00ebr pritjen q\u00eb i b\u00ebri v\u00ebllez\u00ebrve kosovar\u00eb n\u00eb vitin 1999, me rastin e eksodit t\u00eb dhimbsh\u00ebm, si pasoj\u00eb e agresionit serb ndaj popullat\u00ebs shqiptare n\u00eb trojet e tyre etnike.<\/p>\n<\/div>\n<div id='gallery-1' class='gallery galleryid-3194 gallery-columns-5 gallery-size-thumbnail'><figure class='gallery-item'>\n\t\t\t<div class='gallery-icon landscape'>\n\t\t\t\t<a href='https:\/\/myftinia-shkoder.org\/?attachment_id=3199'><img loading=\"lazy\" decoding=\"async\" width=\"150\" height=\"150\" src=\"https:\/\/myftinia-shkoder.org\/wp-content\/uploads\/2017\/11\/FB_IMG_1510394486234-150x150.jpg\" class=\"attachment-thumbnail size-thumbnail\" alt=\"\" \/><\/a>\n\t\t\t<\/div><\/figure><figure class='gallery-item'>\n\t\t\t<div class='gallery-icon landscape'>\n\t\t\t\t<a href='https:\/\/myftinia-shkoder.org\/?attachment_id=3198'><img loading=\"lazy\" decoding=\"async\" width=\"150\" height=\"150\" src=\"https:\/\/myftinia-shkoder.org\/wp-content\/uploads\/2017\/11\/FB_IMG_1510394489823-150x150.jpg\" class=\"attachment-thumbnail size-thumbnail\" alt=\"\" \/><\/a>\n\t\t\t<\/div><\/figure><figure class='gallery-item'>\n\t\t\t<div class='gallery-icon landscape'>\n\t\t\t\t<a href='https:\/\/myftinia-shkoder.org\/?attachment_id=3197'><img loading=\"lazy\" decoding=\"async\" width=\"150\" height=\"150\" src=\"https:\/\/myftinia-shkoder.org\/wp-content\/uploads\/2017\/11\/FB_IMG_1510394493579-150x150.jpg\" class=\"attachment-thumbnail size-thumbnail\" alt=\"\" \/><\/a>\n\t\t\t<\/div><\/figure><figure class='gallery-item'>\n\t\t\t<div class='gallery-icon landscape'>\n\t\t\t\t<a href='https:\/\/myftinia-shkoder.org\/?attachment_id=3196'><img loading=\"lazy\" decoding=\"async\" width=\"150\" height=\"150\" src=\"https:\/\/myftinia-shkoder.org\/wp-content\/uploads\/2017\/11\/FB_IMG_1510394497434-150x150.jpg\" class=\"attachment-thumbnail size-thumbnail\" alt=\"\" \/><\/a>\n\t\t\t<\/div><\/figure><figure class='gallery-item'>\n\t\t\t<div class='gallery-icon landscape'>\n\t\t\t\t<a href='https:\/\/myftinia-shkoder.org\/?attachment_id=3195'><img loading=\"lazy\" decoding=\"async\" width=\"150\" height=\"150\" src=\"https:\/\/myftinia-shkoder.org\/wp-content\/uploads\/2017\/11\/FB_IMG_1510394501289-150x150.jpg\" class=\"attachment-thumbnail size-thumbnail\" alt=\"\" \/><\/a>\n\t\t\t<\/div><\/figure>\n\t\t<\/div>\n\n","protected":false},"excerpt":{"rendered":"<div class=\"mh-excerpt\"><p>Me ftes\u00eb t\u00eb Myftiut t\u00eb Shkodr\u00ebs, Imam\u00a0Muhamed B. Sytari, dit\u00ebn e xhuma, m\u00eb 10 n\u00ebntor 2017, hytbeja e jav\u00ebs n\u00eb xhamin\u00eb e Parruc\u00ebs u mbajt nga Myftiu i Republik\u00ebs s\u00eb Kosov\u00ebs, Mr. Naim T\u00ebrnava. N\u00eb <a class=\"mh-excerpt-more\" href=\"https:\/\/myftinia-shkoder.org\/?p=3194\" title=\"Myftiu i Kosov\u00ebs, Mr. Naim T\u00ebrnava, mbajti hytben e xhumas\u00eb n\u00eb xhamin\u00eb e Parruc\u00ebs\">[&#8230;]<\/a><\/p>\n<\/div>","protected":false},"author":1,"featured_media":3197,"comment_status":"closed","ping_status":"closed","sticky":false,"template":"","format":"standard","meta":{"footnotes":""},"categories":[5],"tags":[],"class_list":["post-3194","post","type-post","status-publish","format-standard","has-post-thumbnail","hentry","category-hytbe"],"_links":{"self":[{"href":"https:\/\/myftinia-shkoder.org\/index.php?rest_route=\/wp\/v2\/posts\/3194","targetHints":{"allow":["GET"]}}],"collection":[{"href":"https:\/\/myftinia-shkoder.org\/index.php?rest_route=\/wp\/v2\/posts"}],"about":[{"href":"https:\/\/myftinia-shkoder.org\/index.php?rest_route=\/wp\/v2\/types\/post"}],"author":[{"embeddable":true,"href":"https:\/\/myftinia-shkoder.org\/index.php?rest_route=\/wp\/v2\/users\/1"}],"replies":[{"embeddable":true,"href":"https:\/\/myftinia-shkoder.org\/index.php?rest_route=%2Fwp%2Fv2%2Fcomments&post=3194"}],"version-history":[{"count":2,"href":"https:\/\/myftinia-shkoder.org\/index.php?rest_route=\/wp\/v2\/posts\/3194\/revisions"}],"predecessor-version":[{"id":3330,"href":"https:\/\/myftinia-shkoder.org\/index.php?rest_route=\/wp\/v2\/posts\/3194\/revisions\/3330"}],"wp:featuredmedia":[{"embeddable":true,"href":"https:\/\/myftinia-shkoder.org\/index.php?rest_route=\/wp\/v2\/media\/3197"}],"wp:attachment":[{"href":"https:\/\/myftinia-shkoder.org\/index.php?rest_route=%2Fwp%2Fv2%2Fmedia&parent=3194"}],"wp:term":[{"taxonomy":"category","embeddable":true,"href":"https:\/\/myftinia-shkoder.org\/index.php?rest_route=%2Fwp%2Fv2%2Fcategories&post=3194"},{"taxonomy":"post_tag","embeddable":true,"href":"https:\/\/myftinia-shkoder.org\/index.php?rest_route=%2Fwp%2Fv2%2Ftags&post=3194"}],"curies":[{"name":"wp","href":"https:\/\/api.w.org\/{rel}","templated":true}]}}