{"id":3573,"date":"2018-02-08T11:41:45","date_gmt":"2018-02-08T11:41:45","guid":{"rendered":"http:\/\/myftinia-shkoder.org\/?p=3573"},"modified":"2018-02-08T11:41:45","modified_gmt":"2018-02-08T11:41:45","slug":"nenshkruhet-marreveshja-per-qendren-e-re-islame","status":"publish","type":"post","link":"https:\/\/myftinia-shkoder.org\/?p=3573","title":{"rendered":"N\u00ebnshkruhet marr\u00ebveshja p\u00ebr Qendr\u00ebn e re Islame"},"content":{"rendered":"<p style=\"text-align: justify;\">Paradit\u00ebn e s\u00eb enjtes, m\u00eb 8 shkurt 2018, Myftiu i Shkodr\u00ebs, Imam\u00a0Muhamed B. Sytari, priti n\u00eb nj\u00eb takim t\u00eb p\u00ebrzem\u00ebrt dhe v\u00ebllaz\u00ebr, z.\u00a0Korab Kaja, Drejtor i Fondacionit &#8220;Mir\u00ebsia&#8221;.<\/p>\n<div class=\"text_exposed_show\">\n<p style=\"text-align: justify;\">Gjat\u00eb k\u00ebtij takimi, Myftiu fal\u00ebnderoi z. Kaja p\u00ebr kontributet e vyera t\u00eb Fondacionit &#8220;Mir\u00ebsia&#8221;, sidomos n\u00eb fush\u00ebn e nd\u00ebrtimit t\u00eb xhamive t\u00eb reja, ku fal\u00eb k\u00ebtij bashk\u00ebpunimi, gjat\u00eb viteve t\u00eb fundit jan\u00eb nd\u00ebrtuar disa xhami n\u00eb Shkod\u00ebr, si: n\u00eb Ku\u00e7, n\u00eb Dom\u00ebn, n\u00eb Kullaj, n\u00eb Mjed\u00eb, n\u00eb Krye-Bushat, n\u00eb Dudas dhe tani n\u00eb lagjen Dra\u00e7in.<\/p>\n<p style=\"text-align: justify;\">Q\u00ebllimi i k\u00ebtij takimi ishte n\u00ebnshkrimi i marr\u00ebveshjes p\u00ebr nd\u00ebrtimin e nj\u00eb qendre t\u00eb re islame n\u00eb fshatin Oblik\u00eb, q\u00eb do t\u00eb ket\u00eb nj\u00eb r\u00ebnd\u00ebsi t\u00eb ve\u00e7ant\u00eb p\u00ebr besimtar\u00ebt dhe rinin\u00eb muslimane t\u00eb An\u00ebs s\u00eb Malit.<\/p>\n<p style=\"text-align: justify;\">Qendra Islame n\u00eb fjal\u00eb \u00ebsht\u00eb pjes\u00eb e kompleksit t\u00eb ri islam q\u00eb nisi me rind\u00ebrtimin e xhamis\u00eb n\u00eb qend\u00ebr t\u00eb An\u00ebs s\u00eb Malit.<\/p>\n<p style=\"text-align: justify;\">Nga ana e tij, z. Korab Kaja fal\u00ebnderoi Myftiun dhe Myftinin\u00eb e Shkodr\u00ebs p\u00ebr frym\u00ebn e bashk\u00ebpunimit dhe theksoi se projekte t\u00eb tilla kan\u00eb nj\u00eb vler\u00eb t\u00eb madhe p\u00ebr komunitetin dhe rim\u00ebk\u00ebmbjen e aktivitetit fetar e kulturor n\u00eb vend.<\/p>\n<div id='gallery-1' class='gallery galleryid-3573 gallery-columns-2 gallery-size-thumbnail'><figure class='gallery-item'>\n\t\t\t<div class='gallery-icon landscape'>\n\t\t\t\t<a href='https:\/\/myftinia-shkoder.org\/?attachment_id=3575'><img loading=\"lazy\" decoding=\"async\" width=\"150\" height=\"150\" src=\"https:\/\/myftinia-shkoder.org\/wp-content\/uploads\/2018\/02\/marreveshja-Miresia-8shkurt2018-150x150.jpg\" class=\"attachment-thumbnail size-thumbnail\" alt=\"\" \/><\/a>\n\t\t\t<\/div><\/figure><figure class='gallery-item'>\n\t\t\t<div class='gallery-icon landscape'>\n\t\t\t\t<a href='https:\/\/myftinia-shkoder.org\/?attachment_id=3574'><img loading=\"lazy\" decoding=\"async\" width=\"150\" height=\"150\" src=\"https:\/\/myftinia-shkoder.org\/wp-content\/uploads\/2018\/02\/marreveshja-Miresia-8shkurt2018-2-150x150.jpg\" class=\"attachment-thumbnail size-thumbnail\" alt=\"\" \/><\/a>\n\t\t\t<\/div><\/figure>\n\t\t<\/div>\n\n<\/div>\n","protected":false},"excerpt":{"rendered":"<div class=\"mh-excerpt\"><p>Paradit\u00ebn e s\u00eb enjtes, m\u00eb 8 shkurt 2018, Myftiu i Shkodr\u00ebs, Imam\u00a0Muhamed B. Sytari, priti n\u00eb nj\u00eb takim t\u00eb p\u00ebrzem\u00ebrt dhe v\u00ebllaz\u00ebr, z.\u00a0Korab Kaja, Drejtor i Fondacionit &#8220;Mir\u00ebsia&#8221;. Gjat\u00eb k\u00ebtij takimi, Myftiu fal\u00ebnderoi z. Kaja <a class=\"mh-excerpt-more\" href=\"https:\/\/myftinia-shkoder.org\/?p=3573\" title=\"N\u00ebnshkruhet marr\u00ebveshja p\u00ebr Qendr\u00ebn e re Islame\">[&#8230;]<\/a><\/p>\n<\/div>","protected":false},"author":1,"featured_media":3574,"comment_status":"closed","ping_status":"closed","sticky":false,"template":"","format":"standard","meta":{"footnotes":""},"categories":[4],"tags":[],"class_list":["post-3573","post","type-post","status-publish","format-standard","has-post-thumbnail","hentry","category-vakef"],"_links":{"self":[{"href":"https:\/\/myftinia-shkoder.org\/index.php?rest_route=\/wp\/v2\/posts\/3573","targetHints":{"allow":["GET"]}}],"collection":[{"href":"https:\/\/myftinia-shkoder.org\/index.php?rest_route=\/wp\/v2\/posts"}],"about":[{"href":"https:\/\/myftinia-shkoder.org\/index.php?rest_route=\/wp\/v2\/types\/post"}],"author":[{"embeddable":true,"href":"https:\/\/myftinia-shkoder.org\/index.php?rest_route=\/wp\/v2\/users\/1"}],"replies":[{"embeddable":true,"href":"https:\/\/myftinia-shkoder.org\/index.php?rest_route=%2Fwp%2Fv2%2Fcomments&post=3573"}],"version-history":[{"count":1,"href":"https:\/\/myftinia-shkoder.org\/index.php?rest_route=\/wp\/v2\/posts\/3573\/revisions"}],"predecessor-version":[{"id":3576,"href":"https:\/\/myftinia-shkoder.org\/index.php?rest_route=\/wp\/v2\/posts\/3573\/revisions\/3576"}],"wp:featuredmedia":[{"embeddable":true,"href":"https:\/\/myftinia-shkoder.org\/index.php?rest_route=\/wp\/v2\/media\/3574"}],"wp:attachment":[{"href":"https:\/\/myftinia-shkoder.org\/index.php?rest_route=%2Fwp%2Fv2%2Fmedia&parent=3573"}],"wp:term":[{"taxonomy":"category","embeddable":true,"href":"https:\/\/myftinia-shkoder.org\/index.php?rest_route=%2Fwp%2Fv2%2Fcategories&post=3573"},{"taxonomy":"post_tag","embeddable":true,"href":"https:\/\/myftinia-shkoder.org\/index.php?rest_route=%2Fwp%2Fv2%2Ftags&post=3573"}],"curies":[{"name":"wp","href":"https:\/\/api.w.org\/{rel}","templated":true}]}}