{"id":3746,"date":"2018-04-11T21:25:52","date_gmt":"2018-04-11T21:25:52","guid":{"rendered":"http:\/\/myftinia-shkoder.org\/?p=3746"},"modified":"2018-04-11T21:27:42","modified_gmt":"2018-04-11T21:27:42","slug":"myftiu-islam-dizdari-studiues-serioz-dhe-kontribues-i-pashembullt","status":"publish","type":"post","link":"https:\/\/myftinia-shkoder.org\/?p=3746","title":{"rendered":"Myftiu: \u201cIslam Dizdari, studiues serioz dhe kontribues i pashembullt!\u201d"},"content":{"rendered":"<p style=\"text-align: justify;\">Dit\u00ebn e m\u00ebrkur\u00eb, m\u00eb 11 prill 2018, pas namazit t\u00eb iqindis\u00eb, n\u00eb ambientet e xhamis\u00eb \u201cEbu Bek\u00ebr\u201d, u zhvillua ceremonia e xhenazes p\u00ebr shpirtin e rahmetliut, z. Islam Dizdari, studiues dhe veprimtar i shquar i rim\u00ebk\u00ebmbjes s\u00eb trash\u00ebgimis\u00eb s\u00eb kultur\u00ebs islame n\u00eb Shkod\u00ebr, pa vitit 1990.<\/p>\n<p style=\"text-align: justify;\">N\u00eb fjal\u00ebn e rastit, para faljes s\u00eb namazit t\u00eb xhenazes s\u00eb tij, Myftiu i Shkodr\u00ebs, Imam\u00a0Muhamed B. Sytari, pasi shprehu ngush\u00ebllime e tij dhe t\u00eb Myftinis\u00eb Shkod\u00ebr p\u00ebr familjar\u00ebt e rahmetliut, theksoi se, kontributet e z. Islam Dizdari p\u00ebr Myftinin\u00eb e Shkodr\u00ebs dhe p\u00ebrtej saj, n\u00eb fush\u00ebn e studimit dhe evidentimit t\u00eb elit\u00ebs se hoxhallar\u00ebve dhe gjurm\u00ebve t\u00eb tyre, jan\u00eb t\u00eb panum\u00ebrta.<\/p>\n<p style=\"text-align: justify;\">\u201cI jemi borxhli prof. Islam Dizdarit, i cili n\u00eb bashk\u00ebpunim me prof. Faik Lulin, Nexhmi Bushatin etj., i b\u00ebri nj\u00eb sh\u00ebrbim t\u00eb jasht\u00ebzakonsh\u00ebm historis\u00eb s\u00eb trash\u00ebgimis\u00eb islame t\u00eb Shkodr\u00ebs dhe p\u00ebrtej. Pun\u00ebn e zot\u00ebris\u00eb s\u00eb tij, jemi t\u00eb paaft\u00eb ta b\u00ebjm\u00eb t\u00eb gjith\u00eb s\u00eb bashku, sot!<\/p>\n<p style=\"text-align: justify;\">Nga njohja personale, gjykoj se, ai ishte nj\u00eb studiues serioz dhe i skrupullt, q\u00eb dha nj\u00eb kontribut shum\u00eb t\u00eb madh, p\u00ebr ne dhe t\u00eb ardhmen e k\u00ebtij qyteti, p\u00ebrsa i p\u00ebrket njohjes s\u00eb t\u00eb shkuar\u00ebs dhe personazheve t\u00eb saj t\u00eb shquar, prej dijetar\u00ebve tan\u00eb.<\/p>\n<p style=\"text-align: justify;\">Emrat e nderuar t\u00eb hoxhallar\u00ebve elitar\u00eb dhe gjurm\u00ebt e tyre, jan\u00eb tashm\u00eb para syve tan\u00eb, fal\u00eb pun\u00ebs s\u00eb palodhur t\u00eb z. Islam Dizdarit!\u201d-, tha nd\u00ebr t\u00eb tjera Myftiu n\u00eb fjal\u00ebn e tij.<\/p>\n<p style=\"text-align: justify;\">M\u00eb pas, ai drejtoi faljen e namazit t\u00eb xhenazes me xhemat, p\u00ebr shpirt t\u00eb tij.<\/p>\n<div class=\"text_exposed_show\" style=\"text-align: justify;\">\n<div id='gallery-1' class='gallery galleryid-3746 gallery-columns-3 gallery-size-thumbnail'><figure class='gallery-item'>\n\t\t\t<div class='gallery-icon landscape'>\n\t\t\t\t<a href='https:\/\/myftinia-shkoder.org\/?attachment_id=3749'><img loading=\"lazy\" decoding=\"async\" width=\"150\" height=\"150\" src=\"https:\/\/myftinia-shkoder.org\/wp-content\/uploads\/2018\/04\/xhenazja-Islam-Dizdari-1-150x150.jpg\" class=\"attachment-thumbnail size-thumbnail\" alt=\"\" \/><\/a>\n\t\t\t<\/div><\/figure><figure class='gallery-item'>\n\t\t\t<div class='gallery-icon landscape'>\n\t\t\t\t<a href='https:\/\/myftinia-shkoder.org\/?attachment_id=3748'><img loading=\"lazy\" decoding=\"async\" width=\"150\" height=\"150\" src=\"https:\/\/myftinia-shkoder.org\/wp-content\/uploads\/2018\/04\/xhenazja-Islam-Dizdari-2-150x150.jpg\" class=\"attachment-thumbnail size-thumbnail\" alt=\"\" \/><\/a>\n\t\t\t<\/div><\/figure><figure class='gallery-item'>\n\t\t\t<div class='gallery-icon landscape'>\n\t\t\t\t<a href='https:\/\/myftinia-shkoder.org\/?attachment_id=3747'><img loading=\"lazy\" decoding=\"async\" width=\"150\" height=\"150\" src=\"https:\/\/myftinia-shkoder.org\/wp-content\/uploads\/2018\/04\/xhenazja-Islam-Dizdari-3-150x150.jpg\" class=\"attachment-thumbnail size-thumbnail\" alt=\"\" \/><\/a>\n\t\t\t<\/div><\/figure>\n\t\t<\/div>\n\n<\/div>\n","protected":false},"excerpt":{"rendered":"<div class=\"mh-excerpt\"><p>Dit\u00ebn e m\u00ebrkur\u00eb, m\u00eb 11 prill 2018, pas namazit t\u00eb iqindis\u00eb, n\u00eb ambientet e xhamis\u00eb \u201cEbu Bek\u00ebr\u201d, u zhvillua ceremonia e xhenazes p\u00ebr shpirtin e rahmetliut, z. Islam Dizdari, studiues dhe veprimtar i shquar i <a class=\"mh-excerpt-more\" href=\"https:\/\/myftinia-shkoder.org\/?p=3746\" title=\"Myftiu: \u201cIslam Dizdari, studiues serioz dhe kontribues i pashembullt!\u201d\">[&#8230;]<\/a><\/p>\n<\/div>","protected":false},"author":1,"featured_media":3748,"comment_status":"closed","ping_status":"closed","sticky":false,"template":"","format":"standard","meta":{"footnotes":""},"categories":[13],"tags":[],"class_list":["post-3746","post","type-post","status-publish","format-standard","has-post-thumbnail","hentry","category-aktualitet"],"_links":{"self":[{"href":"https:\/\/myftinia-shkoder.org\/index.php?rest_route=\/wp\/v2\/posts\/3746","targetHints":{"allow":["GET"]}}],"collection":[{"href":"https:\/\/myftinia-shkoder.org\/index.php?rest_route=\/wp\/v2\/posts"}],"about":[{"href":"https:\/\/myftinia-shkoder.org\/index.php?rest_route=\/wp\/v2\/types\/post"}],"author":[{"embeddable":true,"href":"https:\/\/myftinia-shkoder.org\/index.php?rest_route=\/wp\/v2\/users\/1"}],"replies":[{"embeddable":true,"href":"https:\/\/myftinia-shkoder.org\/index.php?rest_route=%2Fwp%2Fv2%2Fcomments&post=3746"}],"version-history":[{"count":2,"href":"https:\/\/myftinia-shkoder.org\/index.php?rest_route=\/wp\/v2\/posts\/3746\/revisions"}],"predecessor-version":[{"id":3753,"href":"https:\/\/myftinia-shkoder.org\/index.php?rest_route=\/wp\/v2\/posts\/3746\/revisions\/3753"}],"wp:featuredmedia":[{"embeddable":true,"href":"https:\/\/myftinia-shkoder.org\/index.php?rest_route=\/wp\/v2\/media\/3748"}],"wp:attachment":[{"href":"https:\/\/myftinia-shkoder.org\/index.php?rest_route=%2Fwp%2Fv2%2Fmedia&parent=3746"}],"wp:term":[{"taxonomy":"category","embeddable":true,"href":"https:\/\/myftinia-shkoder.org\/index.php?rest_route=%2Fwp%2Fv2%2Fcategories&post=3746"},{"taxonomy":"post_tag","embeddable":true,"href":"https:\/\/myftinia-shkoder.org\/index.php?rest_route=%2Fwp%2Fv2%2Ftags&post=3746"}],"curies":[{"name":"wp","href":"https:\/\/api.w.org\/{rel}","templated":true}]}}