{"id":3945,"date":"2018-05-10T12:10:34","date_gmt":"2018-05-10T12:10:34","guid":{"rendered":"http:\/\/myftinia-shkoder.org\/?p=3945"},"modified":"2018-05-10T12:16:50","modified_gmt":"2018-05-10T12:16:50","slug":"myftiu-vizitoi-kryetarin-e-shoqates-istanbul","status":"publish","type":"post","link":"https:\/\/myftinia-shkoder.org\/?p=3945","title":{"rendered":"Myftiu vizitoi Kryetarin e Shoqat\u00ebs &#8220;Istanbul&#8221;"},"content":{"rendered":"<p style=\"text-align: justify;\">Paradit\u00ebn e s\u00eb enjtes, m\u00eb 10 maj 2018, n\u00eb kuad\u00ebr t\u00eb vizitave t\u00eb prag Ramazanit t\u00eb sivjetsh\u00ebm, Myftiu i Shkodr\u00ebs, Imam\u00a0Muhamed B. Sytari\u00a0zhvilloi nj\u00eb vizit\u00eb n\u00eb zyr\u00ebn e Kryetarit t\u00eb Shoqat\u00ebs &#8220;Istanbul&#8221;, z.\u00a0Ridvan Seferaj.<\/p>\n<p style=\"text-align: justify;\">Gjat\u00eb takimit, dy bashk\u00ebbiseduesit diskutuan rreth rrug\u00ebve t\u00eb bashk\u00ebpunimit t\u00eb m\u00ebtejsh\u00ebm, sidomos n\u00eb dit\u00ebt e Muajit Ramazan, n\u00eb sh\u00ebrbim t\u00eb frym\u00ebs s\u00eb begat\u00eb t\u00eb k\u00ebtij muaji dhe angazhimeve t\u00eb p\u00ebrbashk\u00ebta.<\/p>\n<p style=\"text-align: justify;\">Nga ana e tij, Myfti fal\u00ebnderoi mikprit\u00ebsin p\u00ebr kontributet e m\u00ebdha q\u00eb Shoqata &#8220;Istanbul&#8221; jep n\u00eb Shkod\u00ebr, n\u00eb disa drejtime, duke d\u00ebshmuar rritje t\u00eb vazhdueshme n\u00eb investimet e ndryshme, sidomos n\u00eb arsim dhe bamir\u00ebsi.<\/p>\n<p style=\"text-align: justify;\">Nd\u00ebrkoh\u00eb, z. Seferaj, pasi fal\u00ebnderoi Myftiun p\u00ebr k\u00ebt\u00eb vizit\u00eb, theksoi se ky baahk\u00ebpunim i frytsh\u00ebm me Myftinin\u00eb e Shkodr\u00ebs do t\u00eb vazhdoj\u00eb, edhe n\u00eb sh\u00ebrbim t\u00eb interesave t\u00eb p\u00ebrbashk\u00ebta t\u00eb Thirrjes Islame dhe gjall\u00ebrimit t\u00eb jet\u00ebs fetare islame n\u00eb vend.<\/p>\n","protected":false},"excerpt":{"rendered":"<div class=\"mh-excerpt\"><p>Paradit\u00ebn e s\u00eb enjtes, m\u00eb 10 maj 2018, n\u00eb kuad\u00ebr t\u00eb vizitave t\u00eb prag Ramazanit t\u00eb sivjetsh\u00ebm, Myftiu i Shkodr\u00ebs, Imam\u00a0Muhamed B. Sytari\u00a0zhvilloi nj\u00eb vizit\u00eb n\u00eb zyr\u00ebn e Kryetarit t\u00eb Shoqat\u00ebs &#8220;Istanbul&#8221;, z.\u00a0Ridvan Seferaj. Gjat\u00eb <a class=\"mh-excerpt-more\" href=\"https:\/\/myftinia-shkoder.org\/?p=3945\" title=\"Myftiu vizitoi Kryetarin e Shoqat\u00ebs &#8220;Istanbul&#8221;\">[&#8230;]<\/a><\/p>\n<\/div>","protected":false},"author":1,"featured_media":3946,"comment_status":"closed","ping_status":"closed","sticky":false,"template":"","format":"standard","meta":{"footnotes":""},"categories":[18],"tags":[],"class_list":["post-3945","post","type-post","status-publish","format-standard","has-post-thumbnail","hentry","category-ramazan-1439-2018"],"_links":{"self":[{"href":"https:\/\/myftinia-shkoder.org\/index.php?rest_route=\/wp\/v2\/posts\/3945","targetHints":{"allow":["GET"]}}],"collection":[{"href":"https:\/\/myftinia-shkoder.org\/index.php?rest_route=\/wp\/v2\/posts"}],"about":[{"href":"https:\/\/myftinia-shkoder.org\/index.php?rest_route=\/wp\/v2\/types\/post"}],"author":[{"embeddable":true,"href":"https:\/\/myftinia-shkoder.org\/index.php?rest_route=\/wp\/v2\/users\/1"}],"replies":[{"embeddable":true,"href":"https:\/\/myftinia-shkoder.org\/index.php?rest_route=%2Fwp%2Fv2%2Fcomments&post=3945"}],"version-history":[{"count":3,"href":"https:\/\/myftinia-shkoder.org\/index.php?rest_route=\/wp\/v2\/posts\/3945\/revisions"}],"predecessor-version":[{"id":3949,"href":"https:\/\/myftinia-shkoder.org\/index.php?rest_route=\/wp\/v2\/posts\/3945\/revisions\/3949"}],"wp:featuredmedia":[{"embeddable":true,"href":"https:\/\/myftinia-shkoder.org\/index.php?rest_route=\/wp\/v2\/media\/3946"}],"wp:attachment":[{"href":"https:\/\/myftinia-shkoder.org\/index.php?rest_route=%2Fwp%2Fv2%2Fmedia&parent=3945"}],"wp:term":[{"taxonomy":"category","embeddable":true,"href":"https:\/\/myftinia-shkoder.org\/index.php?rest_route=%2Fwp%2Fv2%2Fcategories&post=3945"},{"taxonomy":"post_tag","embeddable":true,"href":"https:\/\/myftinia-shkoder.org\/index.php?rest_route=%2Fwp%2Fv2%2Ftags&post=3945"}],"curies":[{"name":"wp","href":"https:\/\/api.w.org\/{rel}","templated":true}]}}