{"id":4079,"date":"2018-05-20T23:44:34","date_gmt":"2018-05-20T23:44:34","guid":{"rendered":"http:\/\/myftinia-shkoder.org\/?p=4079"},"modified":"2018-05-21T13:48:44","modified_gmt":"2018-05-21T13:48:44","slug":"sofra-bujare-e-iftarit-ne-xhamine-e-dy-vajzave","status":"publish","type":"post","link":"https:\/\/myftinia-shkoder.org\/?p=4079","title":{"rendered":"Sofra bujare e iftarit n\u00eb xhamin\u00eb e &#8220;Dy Vajzave&#8221;"},"content":{"rendered":"<p style=\"text-align: justify;\">Mbr\u00ebmjen e s\u00eb diel\u00ebs, m\u00eb 20 maj 2018, n\u00eb xhamin\u00eb e &#8220;Dy Vajzave&#8221;, u organizua iftari i par\u00eb me xhematin dhe nj\u00eb grup imam\u00ebsh t\u00eb nderuar t\u00eb Shkodr\u00ebs.<\/p>\n<p style=\"text-align: justify;\">Ky iftar vjen n\u00eb kuad\u00ebr t\u00eb bashk\u00ebpunimit t\u00eb Myftinis\u00eb Shkod\u00ebr me Institutin Shqiptar t\u00eb Mendimit dhe Qytet\u00ebrimit Islam, q\u00eb nd\u00ebrmjet\u00ebsoi p\u00ebr nd\u00ebrtimin e kompleksit fetar n\u00eb vak\u00ebfin e Shaban efendis\u00eb.<\/p>\n<p style=\"text-align: justify;\">Pas faljes s\u00eb namazit t\u00eb akshamit me xhemat\u00eb, sofr\u00ebn e iftarit e p\u00ebrsh\u00ebndeti imami i xhamis\u00eb s\u00eb &#8220;Dy Vajzave&#8221;, teologu\u00a0Lavdrim Hamja, i cili shprehu k\u00ebnaq\u00ebsin\u00eb e tij me rastin e k\u00ebtij tubini v\u00ebllaz\u00ebror.<\/p>\n<p style=\"text-align: justify;\">Nd\u00ebrkoh\u00eb Myftiu i Shkodr\u00ebs, Imam\u00a0Muhamed B. Sytari, fal\u00ebnderoi AIITC-n\u00eb p\u00ebr k\u00ebt\u00eb mir\u00ebsi t\u00eb madhe. Ai shprehu mir\u00ebnjohjen dhe fal\u00ebnderimet e tij edhe p\u00ebr drejtorin e Institutit, Dr.\u00a0Ramiz Zekaj, sikurse u lut p\u00ebr mbar\u00ebsi dhe adhurime t\u00eb pranuara.<\/p>\n<p style=\"text-align: justify;\">N\u00eb fjal\u00ebn e tij p\u00ebrsh\u00ebndet\u00ebse, teologu\u00a0Alban Kodra, vuri theksin te fryma e v\u00ebllaz\u00ebris\u00eb dhe e bashk\u00ebpunimit n\u00eb Muajin Ramazan. Nj\u00ebkoh\u00ebsisht shprehu urimet e tij p\u00ebr krejt agj\u00ebruesit, me lutjen q\u00eb Zoti i Plotfuqish\u00ebm t\u00eb pranoj\u00eb veprat e mira dhe sakrificat e k\u00ebtij Muaji t\u00eb begat\u00eb.<\/p>\n<div id='gallery-1' class='gallery galleryid-4079 gallery-columns-4 gallery-size-thumbnail'><figure class='gallery-item'>\n\t\t\t<div class='gallery-icon landscape'>\n\t\t\t\t<a href='https:\/\/myftinia-shkoder.org\/?attachment_id=4087'><img loading=\"lazy\" decoding=\"async\" width=\"150\" height=\"150\" src=\"https:\/\/myftinia-shkoder.org\/wp-content\/uploads\/2018\/05\/iftari-dy-vajzat-20maj2018-8-150x150.jpg\" class=\"attachment-thumbnail size-thumbnail\" alt=\"\" \/><\/a>\n\t\t\t<\/div><\/figure><figure class='gallery-item'>\n\t\t\t<div class='gallery-icon landscape'>\n\t\t\t\t<a href='https:\/\/myftinia-shkoder.org\/?attachment_id=4086'><img loading=\"lazy\" decoding=\"async\" width=\"150\" height=\"150\" src=\"https:\/\/myftinia-shkoder.org\/wp-content\/uploads\/2018\/05\/iftari-dy-vajzat-20maj2018-7-150x150.jpg\" class=\"attachment-thumbnail size-thumbnail\" alt=\"\" \/><\/a>\n\t\t\t<\/div><\/figure><figure class='gallery-item'>\n\t\t\t<div class='gallery-icon landscape'>\n\t\t\t\t<a href='https:\/\/myftinia-shkoder.org\/?attachment_id=4085'><img loading=\"lazy\" decoding=\"async\" width=\"150\" height=\"150\" src=\"https:\/\/myftinia-shkoder.org\/wp-content\/uploads\/2018\/05\/iftari-dy-vajzat-20maj2018-6-150x150.jpg\" class=\"attachment-thumbnail size-thumbnail\" alt=\"\" \/><\/a>\n\t\t\t<\/div><\/figure><figure class='gallery-item'>\n\t\t\t<div class='gallery-icon landscape'>\n\t\t\t\t<a href='https:\/\/myftinia-shkoder.org\/?attachment_id=4084'><img loading=\"lazy\" decoding=\"async\" width=\"150\" height=\"150\" src=\"https:\/\/myftinia-shkoder.org\/wp-content\/uploads\/2018\/05\/iftari-dy-vajzat-20maj2018-5-150x150.jpg\" class=\"attachment-thumbnail size-thumbnail\" alt=\"\" \/><\/a>\n\t\t\t<\/div><\/figure><figure class='gallery-item'>\n\t\t\t<div class='gallery-icon landscape'>\n\t\t\t\t<a href='https:\/\/myftinia-shkoder.org\/?attachment_id=4083'><img loading=\"lazy\" decoding=\"async\" width=\"150\" height=\"150\" src=\"https:\/\/myftinia-shkoder.org\/wp-content\/uploads\/2018\/05\/iftari-dy-vajzat-20maj2018-4-150x150.jpg\" class=\"attachment-thumbnail size-thumbnail\" alt=\"\" \/><\/a>\n\t\t\t<\/div><\/figure><figure class='gallery-item'>\n\t\t\t<div class='gallery-icon landscape'>\n\t\t\t\t<a href='https:\/\/myftinia-shkoder.org\/?attachment_id=4082'><img loading=\"lazy\" decoding=\"async\" width=\"150\" height=\"150\" src=\"https:\/\/myftinia-shkoder.org\/wp-content\/uploads\/2018\/05\/iftari-dy-vajzat-20maj2018-3-150x150.jpg\" class=\"attachment-thumbnail size-thumbnail\" alt=\"\" \/><\/a>\n\t\t\t<\/div><\/figure><figure class='gallery-item'>\n\t\t\t<div class='gallery-icon landscape'>\n\t\t\t\t<a href='https:\/\/myftinia-shkoder.org\/?attachment_id=4081'><img loading=\"lazy\" decoding=\"async\" width=\"150\" height=\"150\" src=\"https:\/\/myftinia-shkoder.org\/wp-content\/uploads\/2018\/05\/iftari-dy-vajzat-20maj2018-2-150x150.jpg\" class=\"attachment-thumbnail size-thumbnail\" alt=\"\" \/><\/a>\n\t\t\t<\/div><\/figure><figure class='gallery-item'>\n\t\t\t<div class='gallery-icon landscape'>\n\t\t\t\t<a href='https:\/\/myftinia-shkoder.org\/?attachment_id=4080'><img loading=\"lazy\" decoding=\"async\" width=\"150\" height=\"150\" src=\"https:\/\/myftinia-shkoder.org\/wp-content\/uploads\/2018\/05\/iftari-dy-vajzat-20maj2018-1-150x150.jpg\" class=\"attachment-thumbnail size-thumbnail\" alt=\"\" \/><\/a>\n\t\t\t<\/div><\/figure>\n\t\t<\/div>\n\n","protected":false},"excerpt":{"rendered":"<div class=\"mh-excerpt\"><p>Mbr\u00ebmjen e s\u00eb diel\u00ebs, m\u00eb 20 maj 2018, n\u00eb xhamin\u00eb e &#8220;Dy Vajzave&#8221;, u organizua iftari i par\u00eb me xhematin dhe nj\u00eb grup imam\u00ebsh t\u00eb nderuar t\u00eb Shkodr\u00ebs. Ky iftar vjen n\u00eb kuad\u00ebr t\u00eb bashk\u00ebpunimit <a class=\"mh-excerpt-more\" href=\"https:\/\/myftinia-shkoder.org\/?p=4079\" title=\"Sofra bujare e iftarit n\u00eb xhamin\u00eb e &#8220;Dy Vajzave&#8221;\">[&#8230;]<\/a><\/p>\n<\/div>","protected":false},"author":1,"featured_media":4081,"comment_status":"closed","ping_status":"closed","sticky":false,"template":"","format":"standard","meta":{"footnotes":""},"categories":[18],"tags":[],"class_list":["post-4079","post","type-post","status-publish","format-standard","has-post-thumbnail","hentry","category-ramazan-1439-2018"],"_links":{"self":[{"href":"https:\/\/myftinia-shkoder.org\/index.php?rest_route=\/wp\/v2\/posts\/4079","targetHints":{"allow":["GET"]}}],"collection":[{"href":"https:\/\/myftinia-shkoder.org\/index.php?rest_route=\/wp\/v2\/posts"}],"about":[{"href":"https:\/\/myftinia-shkoder.org\/index.php?rest_route=\/wp\/v2\/types\/post"}],"author":[{"embeddable":true,"href":"https:\/\/myftinia-shkoder.org\/index.php?rest_route=\/wp\/v2\/users\/1"}],"replies":[{"embeddable":true,"href":"https:\/\/myftinia-shkoder.org\/index.php?rest_route=%2Fwp%2Fv2%2Fcomments&post=4079"}],"version-history":[{"count":1,"href":"https:\/\/myftinia-shkoder.org\/index.php?rest_route=\/wp\/v2\/posts\/4079\/revisions"}],"predecessor-version":[{"id":4088,"href":"https:\/\/myftinia-shkoder.org\/index.php?rest_route=\/wp\/v2\/posts\/4079\/revisions\/4088"}],"wp:featuredmedia":[{"embeddable":true,"href":"https:\/\/myftinia-shkoder.org\/index.php?rest_route=\/wp\/v2\/media\/4081"}],"wp:attachment":[{"href":"https:\/\/myftinia-shkoder.org\/index.php?rest_route=%2Fwp%2Fv2%2Fmedia&parent=4079"}],"wp:term":[{"taxonomy":"category","embeddable":true,"href":"https:\/\/myftinia-shkoder.org\/index.php?rest_route=%2Fwp%2Fv2%2Fcategories&post=4079"},{"taxonomy":"post_tag","embeddable":true,"href":"https:\/\/myftinia-shkoder.org\/index.php?rest_route=%2Fwp%2Fv2%2Ftags&post=4079"}],"curies":[{"name":"wp","href":"https:\/\/api.w.org\/{rel}","templated":true}]}}