{"id":4103,"date":"2018-05-21T21:59:14","date_gmt":"2018-05-21T21:59:14","guid":{"rendered":"http:\/\/myftinia-shkoder.org\/?p=4103"},"modified":"2018-05-22T07:01:30","modified_gmt":"2018-05-22T07:01:30","slug":"nderi-i-qarkut-shkoder-per-myftiun-imam-muhamed-sytari","status":"publish","type":"post","link":"https:\/\/myftinia-shkoder.org\/?p=4103","title":{"rendered":"&#8220;NDERI I QARKUT SHKOD\u00cbR&#8221; p\u00ebr Myftiun Imam Muhamed Sytari"},"content":{"rendered":"<div id=\"js_5x4\" class=\"_5pbx userContent _3576\" data-ft=\"{&quot;tn&quot;:&quot;K&quot;}\">\n<div id=\"id_5b03bd513db888d58815308\" class=\"text_exposed_root text_exposed\">\n<p style=\"text-align: justify;\">Mbr\u00ebmjen e s\u00eb h\u00ebn\u00ebs, m\u00eb 21 maj 2018, gjat\u00eb ceremonis\u00eb s\u00eb promovimit t\u00eb librit m\u00eb t\u00eb ri nga Myftiu i Shkodr\u00ebs, Imam\u00a0Muhamed B. Sytari, &#8220;300 HADITHE&#8221;, nj\u00eb fjal\u00eb p\u00ebrsh\u00ebndet\u00ebse mbajti edhe znj. Greta Bardeli, Kryetare e K\u00ebshillit t\u00eb Qarkut Shkod\u00ebr.<\/p>\n<div class=\"text_exposed_show\">\n<p style=\"text-align: justify;\">Gjat\u00eb fjal\u00ebs s\u00eb saj, znj. Bardeli vler\u00ebsoi pun\u00ebn e Myftiut dhe misionin e tij, sidomos n\u00eb drejtim t\u00eb p\u00ebrhapjes s\u00eb vlerave t\u00eb harmonis\u00eb nd\u00ebrfetare dhe p\u00ebrkrahjen e shtresave me v\u00ebshtir\u00ebsi t\u00eb ndryshme.<\/p>\n<p style=\"text-align: justify;\">Me k\u00ebt\u00eb rast, ajo lajm\u00ebroi se, n\u00eb mbledhjen e dat\u00ebs 19 maj 2018, K\u00ebshilli i Qarkut Shkod\u00ebr vendosi t&#8217;i akordoj\u00eb titullin: &#8220;NDERI I QARKUT SHKOD\u00cbR&#8221;, Imam Muhamed Sytarit, me motivacionin: &#8220;Si veprimtar i shquar p\u00ebr forcimin e m\u00ebtejsh\u00ebm t\u00eb harmonis\u00eb dhe bashk\u00ebjetes\u00ebs nd\u00ebrfetare n\u00eb Qarkun Shkod\u00ebr. P\u00ebr mb\u00ebshtetjen shpirt\u00ebrore dhe p\u00ebrkrahjen e njer\u00ebzve dhe n\u00eb ve\u00e7anti t\u00eb atyre q\u00eb p\u00ebrballen me v\u00ebshtir\u00ebsi.&#8221;<\/p>\n<p style=\"text-align: justify;\">Pas marrjes n\u00eb dor\u00ebzim t\u00eb k\u00ebtij titulli t\u00eb lart\u00eb, Myftiu tha se ky vler\u00ebsim \u00ebsht\u00eb p\u00ebrgjegj\u00ebsi, por mbi t\u00eb gjitha, ai i p\u00ebrket angazhimit t\u00eb imam\u00ebve, prij\u00ebsve fetar\u00eb t\u00eb Shkodr\u00ebs dhe besimtar\u00ebve, q\u00eb dijn\u00eb t\u00eb ruajn\u00eb vlerat e besimit dhe n\u00eb ve\u00e7anti frym\u00ebn e harmonis\u00eb n\u00eb mesin e besimeve.<\/p>\n<p style=\"text-align: justify;\">Ai tha se kjo vler\u00eb \u00ebsht\u00eb nj\u00eb amanet shekullor, q\u00eb duhet ta ruajm\u00eb e ta kultivojm\u00eb tek breznit\u00eb e ardhshme, si nj\u00eb mir\u00ebsi e paqes dhe bashk\u00ebjetes\u00ebs n\u00eb vendin ton\u00eb.<\/p>\n<p style=\"text-align: justify;\">T\u00eb pranish\u00ebm n\u00eb k\u00ebt\u00eb mbr\u00ebmje ishin autoritetet m\u00eb t\u00eb larta t\u00eb Shkodr\u00ebs, si: Kryetarja e Bashkis\u00eb Shkod\u00ebr, Prefekti i Qarkut Shkod\u00ebr, Kryetarja e K\u00ebshillit t\u00eb Qarkut Shkod\u00ebr, Kryetari i K\u00ebshillit t\u00eb Bashkis\u00eb Shkod\u00ebr, Kryetari i Gjykat\u00ebs, Kryetari i Gjykat\u00ebs s\u00eb Apelit, Myftiu i Mal\u00ebsis\u00eb s\u00eb Madhe, p\u00ebrfaq\u00ebsues t\u00eb Kish\u00ebs Katolike dhe asaj Ortodokse, drejtues t\u00eb shoqatave, antar\u00ebt e K\u00ebshillit t\u00eb Myftinis\u00eb Shkod\u00ebr, imam\u00eb, teolog\u00eb, drejtues t\u00eb Medreses\u00eb &#8220;Haxhi Sheh Shamia&#8221;, intelektual\u00eb dhe familjar\u00eb t\u00eb autorit.<\/p>\n<div id='gallery-1' class='gallery galleryid-4103 gallery-columns-3 gallery-size-thumbnail'><figure class='gallery-item'>\n\t\t\t<div class='gallery-icon landscape'>\n\t\t\t\t<a href='https:\/\/myftinia-shkoder.org\/?attachment_id=4106'><img loading=\"lazy\" decoding=\"async\" width=\"150\" height=\"150\" src=\"https:\/\/myftinia-shkoder.org\/wp-content\/uploads\/2018\/05\/myftiu-shkodres-nderi-qarkut-shkoder-3-150x150.jpg\" class=\"attachment-thumbnail size-thumbnail\" alt=\"\" \/><\/a>\n\t\t\t<\/div><\/figure><figure class='gallery-item'>\n\t\t\t<div class='gallery-icon landscape'>\n\t\t\t\t<a href='https:\/\/myftinia-shkoder.org\/?attachment_id=4105'><img loading=\"lazy\" decoding=\"async\" width=\"150\" height=\"150\" src=\"https:\/\/myftinia-shkoder.org\/wp-content\/uploads\/2018\/05\/myftiu-shkodres-nderi-qarkut-shkoder-2-150x150.jpg\" class=\"attachment-thumbnail size-thumbnail\" alt=\"\" \/><\/a>\n\t\t\t<\/div><\/figure><figure class='gallery-item'>\n\t\t\t<div class='gallery-icon landscape'>\n\t\t\t\t<a href='https:\/\/myftinia-shkoder.org\/?attachment_id=4104'><img loading=\"lazy\" decoding=\"async\" width=\"150\" height=\"150\" src=\"https:\/\/myftinia-shkoder.org\/wp-content\/uploads\/2018\/05\/myftiu-shkodres-nderi-qarkut-shkoder-1-150x150.jpg\" class=\"attachment-thumbnail size-thumbnail\" alt=\"\" \/><\/a>\n\t\t\t<\/div><\/figure>\n\t\t<\/div>\n\n<\/div>\n<\/div>\n<\/div>\n","protected":false},"excerpt":{"rendered":"<div class=\"mh-excerpt\"><p>Mbr\u00ebmjen e s\u00eb h\u00ebn\u00ebs, m\u00eb 21 maj 2018, gjat\u00eb ceremonis\u00eb s\u00eb promovimit t\u00eb librit m\u00eb t\u00eb ri nga Myftiu i Shkodr\u00ebs, Imam\u00a0Muhamed B. Sytari, &#8220;300 HADITHE&#8221;, nj\u00eb fjal\u00eb p\u00ebrsh\u00ebndet\u00ebse mbajti edhe znj. Greta Bardeli, Kryetare <a class=\"mh-excerpt-more\" href=\"https:\/\/myftinia-shkoder.org\/?p=4103\" title=\"&#8220;NDERI I QARKUT SHKOD\u00cbR&#8221; p\u00ebr Myftiun Imam Muhamed Sytari\">[&#8230;]<\/a><\/p>\n<\/div>","protected":false},"author":1,"featured_media":4106,"comment_status":"closed","ping_status":"closed","sticky":false,"template":"","format":"standard","meta":{"footnotes":""},"categories":[18],"tags":[],"class_list":["post-4103","post","type-post","status-publish","format-standard","has-post-thumbnail","hentry","category-ramazan-1439-2018"],"_links":{"self":[{"href":"https:\/\/myftinia-shkoder.org\/index.php?rest_route=\/wp\/v2\/posts\/4103","targetHints":{"allow":["GET"]}}],"collection":[{"href":"https:\/\/myftinia-shkoder.org\/index.php?rest_route=\/wp\/v2\/posts"}],"about":[{"href":"https:\/\/myftinia-shkoder.org\/index.php?rest_route=\/wp\/v2\/types\/post"}],"author":[{"embeddable":true,"href":"https:\/\/myftinia-shkoder.org\/index.php?rest_route=\/wp\/v2\/users\/1"}],"replies":[{"embeddable":true,"href":"https:\/\/myftinia-shkoder.org\/index.php?rest_route=%2Fwp%2Fv2%2Fcomments&post=4103"}],"version-history":[{"count":1,"href":"https:\/\/myftinia-shkoder.org\/index.php?rest_route=\/wp\/v2\/posts\/4103\/revisions"}],"predecessor-version":[{"id":4107,"href":"https:\/\/myftinia-shkoder.org\/index.php?rest_route=\/wp\/v2\/posts\/4103\/revisions\/4107"}],"wp:featuredmedia":[{"embeddable":true,"href":"https:\/\/myftinia-shkoder.org\/index.php?rest_route=\/wp\/v2\/media\/4106"}],"wp:attachment":[{"href":"https:\/\/myftinia-shkoder.org\/index.php?rest_route=%2Fwp%2Fv2%2Fmedia&parent=4103"}],"wp:term":[{"taxonomy":"category","embeddable":true,"href":"https:\/\/myftinia-shkoder.org\/index.php?rest_route=%2Fwp%2Fv2%2Fcategories&post=4103"},{"taxonomy":"post_tag","embeddable":true,"href":"https:\/\/myftinia-shkoder.org\/index.php?rest_route=%2Fwp%2Fv2%2Ftags&post=4103"}],"curies":[{"name":"wp","href":"https:\/\/api.w.org\/{rel}","templated":true}]}}