{"id":4137,"date":"2018-05-27T09:54:13","date_gmt":"2018-05-27T09:54:13","guid":{"rendered":"http:\/\/myftinia-shkoder.org\/?p=4137"},"modified":"2018-05-27T21:56:45","modified_gmt":"2018-05-27T21:56:45","slug":"ndihma-bujare-e-shtetit-te-kuvajtit-ne-ditet-e-ramazanit-1439","status":"publish","type":"post","link":"https:\/\/myftinia-shkoder.org\/?p=4137","title":{"rendered":"Ndihma bujare e Shtetit t\u00eb Kuvajtit n\u00eb dit\u00ebt e Ramazanit 1439"},"content":{"rendered":"<p style=\"text-align: justify;\">Paradit\u00ebn e s\u00eb diel\u00ebs, m\u00eb 27 maj 2018, Myftiu i Shkodr\u00ebs, Imam\u00a0Muhamed B.Sytari, priti n\u00eb nj\u00eb takim t\u00eb p\u00ebrzem\u00ebrt konsullin e ambasad\u00ebs s\u00eb Kuvajtit n\u00eb vendin ton\u00eb, z. Jaser El-Bedr.<\/p>\n<div class=\"text_exposed_show\">\n<p style=\"text-align: justify;\">Me rastin e k\u00ebsaj vizite, z. El-Bedr uroi Myftiun p\u00ebr Muajin e agj\u00ebrimit, ku theksoi se Ramazani \u00ebsht\u00eb mund\u00ebsia m\u00eb e mir\u00eb p\u00ebr t&#8217;u takuar e afruar m\u00eb shum\u00eb, duke d\u00ebshmuar vlerat e besimit, solidaritetit dhe humanizmit.<\/p>\n<p style=\"text-align: justify;\">Ai e lajm\u00ebroi Myftiun se me rastin e k\u00ebsaj vizite, ambasada e Shtetit t\u00eb Kuvajtit, do t\u00eb dor\u00ebzoj\u00eb nj\u00eb sasi t\u00eb konsiderueshme me pako ushqimore p\u00ebr njer\u00ebz n\u00eb nevoj\u00eb, si nj\u00eb tradit\u00eb e p\u00ebrvitshme e bujaris\u00eb kuvajtiane n\u00eb mbar\u00eb bot\u00ebn.<\/p>\n<p style=\"text-align: justify;\">Nga ana e tij, Myftiu e fal\u00ebnderoi konsullin kuvajtian p\u00ebr vizit\u00ebn dhe shprehu mir\u00ebnjohjen e tij p\u00ebr kontributet e shumta q\u00eb Shteti i Kuvajtit ka dh\u00ebn\u00eb p\u00ebr vendin ton\u00eb.<\/p>\n<p style=\"text-align: justify;\">Nj\u00ebkoh\u00ebsisht fal\u00ebnderoi q\u00ebndrimet fisnike t\u00eb Emirit t\u00eb Kuvajtit n\u00eb realitetet n\u00ebp\u00ebr t\u00eb cilat kalon bota arabe dhe ymeti islam, ku theksoi se historia do t\u00eb rregjistroj\u00eb k\u00ebto p\u00ebrpjekje n\u00eb rrug\u00ebn e bashkimit t\u00eb musliman\u00ebve dhe forcimit t\u00eb k\u00ebtij uniteti p\u00ebr t\u00eb mir\u00ebn e mbar\u00eb njer\u00ebzimit.<\/p>\n<p style=\"text-align: justify;\">M\u00eb pas, u shp\u00ebrnda nj\u00eb pjes\u00eb e kontigjentit t\u00eb ndihmave p\u00ebr besimtar\u00eb dhe njer\u00ebz n\u00eb nevoj\u00eb.<\/p>\n<p style=\"text-align: justify;\">Myftinia Shkod\u00ebr shpreh mir\u00ebnjohjen dhe fal\u00ebnderimet e saj p\u00ebr Shtetin e Kuvajtit dhe ambasad\u00ebn e tij n\u00eb Tiran\u00eb, p\u00ebr kontributet e vazhdueshme n\u00eb sh\u00ebrbim t\u00eb komunitetit dhe njer\u00ebzve n\u00eb nevoj\u00eb.<\/p>\n<div id='gallery-1' class='gallery galleryid-4137 gallery-columns-3 gallery-size-thumbnail'><figure class='gallery-item'>\n\t\t\t<div class='gallery-icon landscape'>\n\t\t\t\t<a href='https:\/\/myftinia-shkoder.org\/?attachment_id=4143'><img loading=\"lazy\" decoding=\"async\" width=\"150\" height=\"150\" src=\"https:\/\/myftinia-shkoder.org\/wp-content\/uploads\/2018\/05\/ndihma-kuvajtiane-ramazan2018-1-150x150.jpg\" class=\"attachment-thumbnail size-thumbnail\" alt=\"\" \/><\/a>\n\t\t\t<\/div><\/figure><figure class='gallery-item'>\n\t\t\t<div class='gallery-icon landscape'>\n\t\t\t\t<a href='https:\/\/myftinia-shkoder.org\/?attachment_id=4142'><img loading=\"lazy\" decoding=\"async\" width=\"150\" height=\"150\" src=\"https:\/\/myftinia-shkoder.org\/wp-content\/uploads\/2018\/05\/ndihma-kuvajtiane-ramazan2018-2-150x150.jpg\" class=\"attachment-thumbnail size-thumbnail\" alt=\"\" \/><\/a>\n\t\t\t<\/div><\/figure><figure class='gallery-item'>\n\t\t\t<div class='gallery-icon landscape'>\n\t\t\t\t<a href='https:\/\/myftinia-shkoder.org\/?attachment_id=4141'><img loading=\"lazy\" decoding=\"async\" width=\"150\" height=\"150\" src=\"https:\/\/myftinia-shkoder.org\/wp-content\/uploads\/2018\/05\/ndihma-kuvajtiane-ramazan2018-3-150x150.jpg\" class=\"attachment-thumbnail size-thumbnail\" alt=\"\" \/><\/a>\n\t\t\t<\/div><\/figure><figure class='gallery-item'>\n\t\t\t<div class='gallery-icon landscape'>\n\t\t\t\t<a href='https:\/\/myftinia-shkoder.org\/?attachment_id=4140'><img loading=\"lazy\" decoding=\"async\" width=\"150\" height=\"150\" src=\"https:\/\/myftinia-shkoder.org\/wp-content\/uploads\/2018\/05\/ndihma-kuvajtiane-ramazan2018-4-150x150.jpg\" class=\"attachment-thumbnail size-thumbnail\" alt=\"\" \/><\/a>\n\t\t\t<\/div><\/figure><figure class='gallery-item'>\n\t\t\t<div class='gallery-icon landscape'>\n\t\t\t\t<a href='https:\/\/myftinia-shkoder.org\/?attachment_id=4139'><img loading=\"lazy\" decoding=\"async\" width=\"150\" height=\"150\" src=\"https:\/\/myftinia-shkoder.org\/wp-content\/uploads\/2018\/05\/ndihma-kuvajtiane-ramazan2018-5-150x150.jpg\" class=\"attachment-thumbnail size-thumbnail\" alt=\"\" \/><\/a>\n\t\t\t<\/div><\/figure><figure class='gallery-item'>\n\t\t\t<div class='gallery-icon landscape'>\n\t\t\t\t<a href='https:\/\/myftinia-shkoder.org\/?attachment_id=4138'><img loading=\"lazy\" decoding=\"async\" width=\"150\" height=\"150\" src=\"https:\/\/myftinia-shkoder.org\/wp-content\/uploads\/2018\/05\/ndihma-kuvajtiane-ramazan2018-6-150x150.jpg\" class=\"attachment-thumbnail size-thumbnail\" alt=\"\" \/><\/a>\n\t\t\t<\/div><\/figure>\n\t\t<\/div>\n\n<\/div>\n","protected":false},"excerpt":{"rendered":"<div class=\"mh-excerpt\"><p>Paradit\u00ebn e s\u00eb diel\u00ebs, m\u00eb 27 maj 2018, Myftiu i Shkodr\u00ebs, Imam\u00a0Muhamed B.Sytari, priti n\u00eb nj\u00eb takim t\u00eb p\u00ebrzem\u00ebrt konsullin e ambasad\u00ebs s\u00eb Kuvajtit n\u00eb vendin ton\u00eb, z. Jaser El-Bedr. Me rastin e k\u00ebsaj vizite, <a class=\"mh-excerpt-more\" href=\"https:\/\/myftinia-shkoder.org\/?p=4137\" title=\"Ndihma bujare e Shtetit t\u00eb Kuvajtit n\u00eb dit\u00ebt e Ramazanit 1439\">[&#8230;]<\/a><\/p>\n<\/div>","protected":false},"author":1,"featured_media":4138,"comment_status":"closed","ping_status":"closed","sticky":false,"template":"","format":"standard","meta":{"footnotes":""},"categories":[18],"tags":[],"class_list":["post-4137","post","type-post","status-publish","format-standard","has-post-thumbnail","hentry","category-ramazan-1439-2018"],"_links":{"self":[{"href":"https:\/\/myftinia-shkoder.org\/index.php?rest_route=\/wp\/v2\/posts\/4137","targetHints":{"allow":["GET"]}}],"collection":[{"href":"https:\/\/myftinia-shkoder.org\/index.php?rest_route=\/wp\/v2\/posts"}],"about":[{"href":"https:\/\/myftinia-shkoder.org\/index.php?rest_route=\/wp\/v2\/types\/post"}],"author":[{"embeddable":true,"href":"https:\/\/myftinia-shkoder.org\/index.php?rest_route=\/wp\/v2\/users\/1"}],"replies":[{"embeddable":true,"href":"https:\/\/myftinia-shkoder.org\/index.php?rest_route=%2Fwp%2Fv2%2Fcomments&post=4137"}],"version-history":[{"count":1,"href":"https:\/\/myftinia-shkoder.org\/index.php?rest_route=\/wp\/v2\/posts\/4137\/revisions"}],"predecessor-version":[{"id":4144,"href":"https:\/\/myftinia-shkoder.org\/index.php?rest_route=\/wp\/v2\/posts\/4137\/revisions\/4144"}],"wp:featuredmedia":[{"embeddable":true,"href":"https:\/\/myftinia-shkoder.org\/index.php?rest_route=\/wp\/v2\/media\/4138"}],"wp:attachment":[{"href":"https:\/\/myftinia-shkoder.org\/index.php?rest_route=%2Fwp%2Fv2%2Fmedia&parent=4137"}],"wp:term":[{"taxonomy":"category","embeddable":true,"href":"https:\/\/myftinia-shkoder.org\/index.php?rest_route=%2Fwp%2Fv2%2Fcategories&post=4137"},{"taxonomy":"post_tag","embeddable":true,"href":"https:\/\/myftinia-shkoder.org\/index.php?rest_route=%2Fwp%2Fv2%2Ftags&post=4137"}],"curies":[{"name":"wp","href":"https:\/\/api.w.org\/{rel}","templated":true}]}}