{"id":4214,"date":"2018-06-08T17:27:02","date_gmt":"2018-06-08T17:27:02","guid":{"rendered":"http:\/\/myftinia-shkoder.org\/?p=4214"},"modified":"2018-06-09T17:32:47","modified_gmt":"2018-06-09T17:32:47","slug":"myftiu-besnikeria-ndaj-ramazanit-nis-pas-fiter-bajramit","status":"publish","type":"post","link":"https:\/\/myftinia-shkoder.org\/?p=4214","title":{"rendered":"Myftiu: \u201cBesnik\u00ebria ndaj Ramazanit nis pas Fit\u00ebr Bajramit!\u201d"},"content":{"rendered":"<p style=\"text-align: justify;\">N\u00eb kuad\u00ebr t\u00eb ciklit t\u00eb hytbeve t\u00eb Ramazanit 1439 q\u00eb Myftiu i Shkodr\u00ebs, Imam Muhamed\u00a0Muhamed B. Sytari\u00a0po mban n\u00eb xhamin\u00eb e \u201cDy Vajzave\u201d, t\u00eb xhuman\u00eb e fundit p\u00ebr k\u00ebt\u00eb Ramazan, m\u00eb 8 qershor 2018, u p\u00ebrqendrua tek vlera e Nat\u00ebs s\u00eb Kadrit dhe madh\u00ebshtis\u00eb s\u00eb Kur\u2019anit Fam\u00eblart\u00eb.<\/p>\n<div class=\"text_exposed_show\">\n<p style=\"text-align: justify;\">Mytiu theksoi se Kur\u2019ani nuk ka zbritur p\u00ebr t\u00eb zbukuruar mexhliset me leximin e tij dhe librotekat me botimet e tij t\u00eb larmishme, porse ai \u00ebsht\u00eb udh\u00ebzim i drejt\u00ebp\u00ebrdrejt\u00eb p\u00ebr rac\u00ebn njer\u00ebzore, p\u00ebr ta nxjerr\u00eb nga err\u00ebsira n\u00eb drit\u00eb.<\/p>\n<p style=\"text-align: justify;\">Ai iu referua ajeteve t\u00eb sures s\u00eb Nat\u00ebs s\u00eb Kadrit, ku hodhi drit\u00eb mbi shpjegimin e saj, si dhe nxiti shtimin e adhuri eve dhe lutjeve n\u00eb pjes\u00ebn e mbetur nga Ramazani i sivjetsh\u00ebm.<\/p>\n<p style=\"text-align: justify;\">\u201cN\u00eb tefsirin e tij, Imam Kurtubiu shpjegon se Nata e Kadrit \u00ebsht\u00eb nata e madhe e vendimeve, nata e p\u00ebrcaktimeve, \u201csepse All-llahu i Madh\u00ebruar p\u00ebrcakton n\u00eb t\u00eb, at\u00eb q\u00eb d\u00ebshiron p\u00ebr \u00e7do gj\u00eb, deri n\u00eb vitin e ardhsh\u00ebm; qoft\u00eb vdekje, rizk, etj\u2026 Transmetohet nga Ibn Abbasi (r.a.) q\u00eb thoshte: \u201cShkruhet at\u00eb Nat\u00eb nga Libri i Zanafill\u00ebs, \u00e7do gj\u00eb q\u00eb do t\u00eb ndodh\u00eb gjat\u00eb vitit vijues prej rizkut, shiut, jet\u00ebs e vdekjes, deri haxhiler\u00ebt!\u201d.<\/p>\n<p style=\"text-align: justify;\">Nd\u00ebrsa Ikrime e plot\u00ebson e thot\u00eb: \u201cDo t\u00eb shkruhen emrat e haxhiler\u00ebve t\u00eb Sht\u00ebpis\u00eb s\u00eb All-llahut t\u00eb Madh\u00ebruar n\u00eb Nat\u00ebn e Kadrit, me emrat e tyre dhe emrat e baballar\u00ebve t\u00eb tyre, nuk pak\u00ebsohet as shtohet asnj\u00eb prej tyre!\u201d&#8230;\u201d, shpjegoi nd\u00ebr t\u00eb tjera.<\/p>\n<p style=\"text-align: justify;\">Gjithashtu, Myftiu u lut p\u00ebr pranimin e k\u00ebtij Muaji dhe rim\u00ebk\u00ebmbjen e ymetit islam n\u00eb mbar\u00eb bot\u00ebn, si nj\u00eb sihariq i madh p\u00ebr t\u00eb ardhmen e njer\u00ebzimit.<\/p>\n<p style=\"text-align: justify;\">Duke p\u00ebrmendur atmosfer\u00ebn dhe shpirtin e besimit, q\u00eb gjall\u00ebron n\u00eb Ramazan, Myftiu tha se besnik\u00ebria e v\u00ebrtet\u00eb ndaj Muajit Ramazan, d\u00ebshmohet m\u00eb s\u00eb miri me fillimin e Fit\u00ebr Bajramit.<\/p>\n<div id='gallery-1' class='gallery galleryid-4214 gallery-columns-3 gallery-size-thumbnail'><figure class='gallery-item'>\n\t\t\t<div class='gallery-icon landscape'>\n\t\t\t\t<a href='https:\/\/myftinia-shkoder.org\/?attachment_id=4217'><img loading=\"lazy\" decoding=\"async\" width=\"150\" height=\"150\" src=\"https:\/\/myftinia-shkoder.org\/wp-content\/uploads\/2018\/06\/Dy-Vajzat-8qershor2018-1-150x150.jpg\" class=\"attachment-thumbnail size-thumbnail\" alt=\"\" \/><\/a>\n\t\t\t<\/div><\/figure><figure class='gallery-item'>\n\t\t\t<div class='gallery-icon landscape'>\n\t\t\t\t<a href='https:\/\/myftinia-shkoder.org\/?attachment_id=4216'><img loading=\"lazy\" decoding=\"async\" width=\"150\" height=\"150\" src=\"https:\/\/myftinia-shkoder.org\/wp-content\/uploads\/2018\/06\/Dy-Vajzat-8qershor2018-3-150x150.jpg\" class=\"attachment-thumbnail size-thumbnail\" alt=\"\" \/><\/a>\n\t\t\t<\/div><\/figure><figure class='gallery-item'>\n\t\t\t<div class='gallery-icon landscape'>\n\t\t\t\t<a href='https:\/\/myftinia-shkoder.org\/?attachment_id=4215'><img loading=\"lazy\" decoding=\"async\" width=\"150\" height=\"150\" src=\"https:\/\/myftinia-shkoder.org\/wp-content\/uploads\/2018\/06\/Dy-Vajzat-8qershor2018-2-150x150.jpg\" class=\"attachment-thumbnail size-thumbnail\" alt=\"\" \/><\/a>\n\t\t\t<\/div><\/figure>\n\t\t<\/div>\n\n<\/div>\n","protected":false},"excerpt":{"rendered":"<div class=\"mh-excerpt\"><p>N\u00eb kuad\u00ebr t\u00eb ciklit t\u00eb hytbeve t\u00eb Ramazanit 1439 q\u00eb Myftiu i Shkodr\u00ebs, Imam Muhamed\u00a0Muhamed B. Sytari\u00a0po mban n\u00eb xhamin\u00eb e \u201cDy Vajzave\u201d, t\u00eb xhuman\u00eb e fundit p\u00ebr k\u00ebt\u00eb Ramazan, m\u00eb 8 qershor 2018, u <a class=\"mh-excerpt-more\" href=\"https:\/\/myftinia-shkoder.org\/?p=4214\" title=\"Myftiu: \u201cBesnik\u00ebria ndaj Ramazanit nis pas Fit\u00ebr Bajramit!\u201d\">[&#8230;]<\/a><\/p>\n<\/div>","protected":false},"author":1,"featured_media":4217,"comment_status":"closed","ping_status":"closed","sticky":false,"template":"","format":"standard","meta":{"footnotes":""},"categories":[5,18],"tags":[],"class_list":["post-4214","post","type-post","status-publish","format-standard","has-post-thumbnail","hentry","category-hytbe","category-ramazan-1439-2018"],"_links":{"self":[{"href":"https:\/\/myftinia-shkoder.org\/index.php?rest_route=\/wp\/v2\/posts\/4214","targetHints":{"allow":["GET"]}}],"collection":[{"href":"https:\/\/myftinia-shkoder.org\/index.php?rest_route=\/wp\/v2\/posts"}],"about":[{"href":"https:\/\/myftinia-shkoder.org\/index.php?rest_route=\/wp\/v2\/types\/post"}],"author":[{"embeddable":true,"href":"https:\/\/myftinia-shkoder.org\/index.php?rest_route=\/wp\/v2\/users\/1"}],"replies":[{"embeddable":true,"href":"https:\/\/myftinia-shkoder.org\/index.php?rest_route=%2Fwp%2Fv2%2Fcomments&post=4214"}],"version-history":[{"count":1,"href":"https:\/\/myftinia-shkoder.org\/index.php?rest_route=\/wp\/v2\/posts\/4214\/revisions"}],"predecessor-version":[{"id":4218,"href":"https:\/\/myftinia-shkoder.org\/index.php?rest_route=\/wp\/v2\/posts\/4214\/revisions\/4218"}],"wp:featuredmedia":[{"embeddable":true,"href":"https:\/\/myftinia-shkoder.org\/index.php?rest_route=\/wp\/v2\/media\/4217"}],"wp:attachment":[{"href":"https:\/\/myftinia-shkoder.org\/index.php?rest_route=%2Fwp%2Fv2%2Fmedia&parent=4214"}],"wp:term":[{"taxonomy":"category","embeddable":true,"href":"https:\/\/myftinia-shkoder.org\/index.php?rest_route=%2Fwp%2Fv2%2Fcategories&post=4214"},{"taxonomy":"post_tag","embeddable":true,"href":"https:\/\/myftinia-shkoder.org\/index.php?rest_route=%2Fwp%2Fv2%2Ftags&post=4214"}],"curies":[{"name":"wp","href":"https:\/\/api.w.org\/{rel}","templated":true}]}}