{"id":485,"date":"2016-06-06T02:14:58","date_gmt":"2016-06-06T02:14:58","guid":{"rendered":"http:\/\/myftinia-shkoder.org\/?p=485"},"modified":"2016-06-06T02:21:24","modified_gmt":"2016-06-06T02:21:24","slug":"xhamite-e-shkodres-hapin-dyert-per-namazin-e-teravise","status":"publish","type":"post","link":"https:\/\/myftinia-shkoder.org\/?p=485","title":{"rendered":"Xhamit\u00eb e Shkodr\u00ebs hapin dyert p\u00ebr namazin e teravis\u00eb"},"content":{"rendered":"<p style=\"text-align: justify;\">Me k\u00ebndimin e ezanit t\u00eb akshamit t\u00eb dit\u00ebs s\u00eb diel\u00eb, m\u00eb 5 qershor 2016, \u00ebsht\u00eb sinjalizuar edhe hyrja e H\u00ebn\u00ebs s\u00eb re t\u00eb Muajit Ramazan 1437.<\/p>\n<div class=\"text_exposed_show\">\n<p style=\"text-align: justify;\">K\u00ebshtu, nata e par\u00eb e teravis\u00eb ka t\u00ebrhequr drejt xhamive t\u00eb Shkodr\u00ebs besimtar\u00eb t\u00eb shumt\u00eb, q\u00eb kan\u00eb nisur k\u00ebshtu adhurimet e nat\u00ebs s\u00eb par\u00eb t\u00eb Ramazanit t\u00eb sivjetsh\u00ebm, agj\u00ebrimi i t\u00eb cilit fillon dit\u00ebn e h\u00ebn\u00eb, m\u00eb 6 qershor 2016.<\/p>\n<p style=\"text-align: justify;\">Myftiu i Shkodr\u00ebs, Imam Muhamed B. Sytari, k\u00ebt\u00eb vit zgjodhi xhamin\u00eb e re t\u00eb fshatit Kullaj, si stacionin e tij t\u00eb par\u00eb t\u00eb namazit t\u00eb teravis\u00eb.<\/p>\n<p style=\"text-align: justify;\">Ndon\u00ebse nuk \u00ebsht\u00eb inauguruar ende, xhamia e re n\u00eb fshatin Kullaj ka hapur sonte dyert e faltores s\u00eb saj p\u00ebr besimtar\u00ebt musliman\u00eb, q\u00eb prej shum\u00eb koh\u00ebsh e kan\u00eb pritur k\u00ebt\u00eb dit\u00eb t\u00eb g\u00ebzuar.<\/p>\n<p style=\"text-align: justify;\">Myftiu mbajti edhe nj\u00eb bised\u00eb fetare, ku vuri theksin te vlerat e m\u00ebdha t\u00eb agj\u00ebrimit dhe muajit Ramazan, si dhe ve\u00e7orit\u00eb, me t\u00eb cilat Zoti i gjith\u00ebsis\u00eb ka dalluar ymmetin islam nga popujt e tjer\u00eb.<\/p>\n<p style=\"text-align: justify;\">I pranish\u00ebm n\u00eb faljen e teravis\u00eb n\u00eb xhamin\u00eb e re n\u00eb Kullaj ishte edhe Imam\u00a0Didmar Faja, prij\u00ebs i Qendr\u00ebs s\u00eb Bashkuar Islame t\u00eb Arizon\u00ebs. N\u00eb fjal\u00ebn e tij para xhematit, imami i nderuar k\u00ebshilloi t\u00eb pranishmit q\u00eb ta vler\u00ebsojn\u00eb mir\u00ebsin\u00eb e k\u00ebsaj xhamie dhe t\u00eb punojn\u00eb p\u00ebr ruajtjen dhe konsolidimin e unitetit dhe v\u00ebllaz\u00ebris\u00eb islame n\u00eb mes vete.<\/p>\n<p style=\"text-align: justify;\">Namazi i teravis\u00eb \u00ebsht\u00eb nj\u00eb tradit\u00eb profetike e ve\u00e7ant\u00eb p\u00ebr muajin Ramazan. Teravia falet pas namazit t\u00eb jacis\u00eb dhe ka nj\u00ebzet rekate.<\/p>\n<div id='gallery-1' class='gallery galleryid-485 gallery-columns-4 gallery-size-thumbnail'><figure class='gallery-item'>\n\t\t\t<div class='gallery-icon landscape'>\n\t\t\t\t<a href='https:\/\/myftinia-shkoder.org\/?attachment_id=493'><img loading=\"lazy\" decoding=\"async\" width=\"150\" height=\"150\" src=\"https:\/\/myftinia-shkoder.org\/wp-content\/uploads\/2016\/06\/teravia-Kullaj-8-150x150.jpg\" class=\"attachment-thumbnail size-thumbnail\" alt=\"\" \/><\/a>\n\t\t\t<\/div><\/figure><figure class='gallery-item'>\n\t\t\t<div class='gallery-icon landscape'>\n\t\t\t\t<a href='https:\/\/myftinia-shkoder.org\/?attachment_id=492'><img loading=\"lazy\" decoding=\"async\" width=\"150\" height=\"150\" src=\"https:\/\/myftinia-shkoder.org\/wp-content\/uploads\/2016\/06\/teravia-Kullaj-7-150x150.jpg\" class=\"attachment-thumbnail size-thumbnail\" alt=\"\" \/><\/a>\n\t\t\t<\/div><\/figure><figure class='gallery-item'>\n\t\t\t<div class='gallery-icon landscape'>\n\t\t\t\t<a href='https:\/\/myftinia-shkoder.org\/?attachment_id=491'><img loading=\"lazy\" decoding=\"async\" width=\"150\" height=\"150\" src=\"https:\/\/myftinia-shkoder.org\/wp-content\/uploads\/2016\/06\/teravia-Kullaj-6-150x150.jpg\" class=\"attachment-thumbnail size-thumbnail\" alt=\"\" \/><\/a>\n\t\t\t<\/div><\/figure><figure class='gallery-item'>\n\t\t\t<div class='gallery-icon landscape'>\n\t\t\t\t<a href='https:\/\/myftinia-shkoder.org\/?attachment_id=490'><img loading=\"lazy\" decoding=\"async\" width=\"150\" height=\"150\" src=\"https:\/\/myftinia-shkoder.org\/wp-content\/uploads\/2016\/06\/teravia-Kullaj-5-150x150.jpg\" class=\"attachment-thumbnail size-thumbnail\" alt=\"\" \/><\/a>\n\t\t\t<\/div><\/figure><figure class='gallery-item'>\n\t\t\t<div class='gallery-icon landscape'>\n\t\t\t\t<a href='https:\/\/myftinia-shkoder.org\/?attachment_id=489'><img loading=\"lazy\" decoding=\"async\" width=\"150\" height=\"150\" src=\"https:\/\/myftinia-shkoder.org\/wp-content\/uploads\/2016\/06\/teravia-Kullaj-4-150x150.jpg\" class=\"attachment-thumbnail size-thumbnail\" alt=\"\" \/><\/a>\n\t\t\t<\/div><\/figure><figure class='gallery-item'>\n\t\t\t<div class='gallery-icon landscape'>\n\t\t\t\t<a href='https:\/\/myftinia-shkoder.org\/?attachment_id=488'><img loading=\"lazy\" decoding=\"async\" width=\"150\" height=\"150\" src=\"https:\/\/myftinia-shkoder.org\/wp-content\/uploads\/2016\/06\/teravia-Kullaj-3-150x150.jpg\" class=\"attachment-thumbnail size-thumbnail\" alt=\"\" \/><\/a>\n\t\t\t<\/div><\/figure><figure class='gallery-item'>\n\t\t\t<div class='gallery-icon landscape'>\n\t\t\t\t<a href='https:\/\/myftinia-shkoder.org\/?attachment_id=487'><img loading=\"lazy\" decoding=\"async\" width=\"150\" height=\"150\" src=\"https:\/\/myftinia-shkoder.org\/wp-content\/uploads\/2016\/06\/teravia-Kullaj-2-150x150.jpg\" class=\"attachment-thumbnail size-thumbnail\" alt=\"\" \/><\/a>\n\t\t\t<\/div><\/figure><figure class='gallery-item'>\n\t\t\t<div class='gallery-icon landscape'>\n\t\t\t\t<a href='https:\/\/myftinia-shkoder.org\/?attachment_id=486'><img loading=\"lazy\" decoding=\"async\" width=\"150\" height=\"150\" src=\"https:\/\/myftinia-shkoder.org\/wp-content\/uploads\/2016\/06\/teravia-Kullaj-1-150x150.jpg\" class=\"attachment-thumbnail size-thumbnail\" alt=\"\" \/><\/a>\n\t\t\t<\/div><\/figure>\n\t\t<\/div>\n\n<\/div>\n","protected":false},"excerpt":{"rendered":"<div class=\"mh-excerpt\"><p>Me k\u00ebndimin e ezanit t\u00eb akshamit t\u00eb dit\u00ebs s\u00eb diel\u00eb, m\u00eb 5 qershor 2016, \u00ebsht\u00eb sinjalizuar edhe hyrja e H\u00ebn\u00ebs s\u00eb re t\u00eb Muajit Ramazan 1437. K\u00ebshtu, nata e par\u00eb e teravis\u00eb ka t\u00ebrhequr drejt <a class=\"mh-excerpt-more\" href=\"https:\/\/myftinia-shkoder.org\/?p=485\" title=\"Xhamit\u00eb e Shkodr\u00ebs hapin dyert p\u00ebr namazin e teravis\u00eb\">[&#8230;]<\/a><\/p>\n<\/div>","protected":false},"author":1,"featured_media":487,"comment_status":"closed","ping_status":"closed","sticky":false,"template":"","format":"standard","meta":{"footnotes":""},"categories":[13,14],"tags":[],"class_list":["post-485","post","type-post","status-publish","format-standard","has-post-thumbnail","hentry","category-aktualitet","category-ramazan-1437-2016"],"_links":{"self":[{"href":"https:\/\/myftinia-shkoder.org\/index.php?rest_route=\/wp\/v2\/posts\/485","targetHints":{"allow":["GET"]}}],"collection":[{"href":"https:\/\/myftinia-shkoder.org\/index.php?rest_route=\/wp\/v2\/posts"}],"about":[{"href":"https:\/\/myftinia-shkoder.org\/index.php?rest_route=\/wp\/v2\/types\/post"}],"author":[{"embeddable":true,"href":"https:\/\/myftinia-shkoder.org\/index.php?rest_route=\/wp\/v2\/users\/1"}],"replies":[{"embeddable":true,"href":"https:\/\/myftinia-shkoder.org\/index.php?rest_route=%2Fwp%2Fv2%2Fcomments&post=485"}],"version-history":[{"count":1,"href":"https:\/\/myftinia-shkoder.org\/index.php?rest_route=\/wp\/v2\/posts\/485\/revisions"}],"predecessor-version":[{"id":494,"href":"https:\/\/myftinia-shkoder.org\/index.php?rest_route=\/wp\/v2\/posts\/485\/revisions\/494"}],"wp:featuredmedia":[{"embeddable":true,"href":"https:\/\/myftinia-shkoder.org\/index.php?rest_route=\/wp\/v2\/media\/487"}],"wp:attachment":[{"href":"https:\/\/myftinia-shkoder.org\/index.php?rest_route=%2Fwp%2Fv2%2Fmedia&parent=485"}],"wp:term":[{"taxonomy":"category","embeddable":true,"href":"https:\/\/myftinia-shkoder.org\/index.php?rest_route=%2Fwp%2Fv2%2Fcategories&post=485"},{"taxonomy":"post_tag","embeddable":true,"href":"https:\/\/myftinia-shkoder.org\/index.php?rest_route=%2Fwp%2Fv2%2Ftags&post=485"}],"curies":[{"name":"wp","href":"https:\/\/api.w.org\/{rel}","templated":true}]}}