{"id":5058,"date":"2018-11-26T15:58:45","date_gmt":"2018-11-26T15:58:45","guid":{"rendered":"http:\/\/myftinia-shkoder.org\/?p=5058"},"modified":"2018-12-02T05:30:53","modified_gmt":"2018-12-02T05:30:53","slug":"myftiu-ligjeroi-ne-mevludin-e-b-i-al-shems","status":"publish","type":"post","link":"https:\/\/myftinia-shkoder.org\/?p=5058","title":{"rendered":"Myftiu ligj\u00ebroi n\u00eb Mevludin e B.I. &#8220;Al-Shems&#8221;"},"content":{"rendered":"<p style=\"text-align: justify;\">Me ftes\u00eb t\u00eb Bashk\u00ebsis\u00eb Islame &#8220;Al-Shems&#8221;, n\u00eb Rebstein t\u00eb Zvicr\u00ebs, Myftiu i Shkodr\u00ebs, Imam Muhamed B. Sytari, ligj\u00ebroi n\u00eb aktivitetin e p\u00ebrvitsh\u00ebm q\u00eb organizoi xhamia &#8220;Al-Shems&#8221;, me rastin e p\u00ebrkujtimit t\u00eb Lindjes s\u00eb Hz. Muhammedit (a.s.), t\u00eb diel\u00ebn e m\u00eb 25 n\u00ebntorit 2018.<\/p>\n<p style=\"text-align: justify;\">Gjat\u00eb k\u00ebtij aktiviteti, Myftiu hodhi drit\u00eb mbi pozit\u00ebn e lart\u00eb t\u00eb D\u00ebrguarit t\u00eb All-llahut, sikurse theksoi se, p\u00ebrtej sfidave t\u00eb ndryshme t\u00eb jet\u00ebs, besi<span class=\"text_exposed_show\">mtari musliman \u00ebsht\u00eb njeri optimist, i mbushur me besim dhe shpres\u00eb n\u00eb m\u00ebshir\u00ebn e All-llahut t\u00eb Madh\u00ebruar.<\/span><\/p>\n<div class=\"text_exposed_show\">\n<p style=\"text-align: justify;\">Nd\u00ebr t\u00eb tjera, tha se: &#8220;All-llahu i Madh\u00ebruar \u00ebsht\u00eb betuar n\u00eb Kur\u2019anin Fam\u00eblart\u00eb: \u201cPasha jet\u00ebn t\u00ebnde (o Muhammed)!\u201d, prandaj, edhe sikur shkruan Hafizi Ebu Shame (v. 665), m\u00ebsuesi i Imam Neveviut: \u201cNd\u00ebr risit\u00eb m\u00eb t\u00eb mira n\u00eb koh\u00ebn ton\u00eb, \u00ebsht\u00eb edhe ajo q\u00eb b\u00ebhet p\u00ebr \u00e7do vit n\u00eb dit\u00ebn p\u00ebrkat\u00ebse t\u00eb Lindjes s\u00eb tij (a.s), si ndarja e sadekave dhe shtimi i veprave t\u00eb mira, shfaqja e zbukurimeve dhe e g\u00ebzimit. Kjo nxit dashurin\u00eb dhe madh\u00ebrimin e tij (a.s) n\u00eb zemr\u00ebn e atij q\u00eb e b\u00ebn k\u00ebt\u00eb vep\u00ebr, si dhe fal\u00ebnderim ndaj All-llahut t\u00eb Madh\u00ebruar p\u00ebr mir\u00ebsin\u00eb e madhe t\u00eb krijimit t\u00eb d\u00ebrguarit t\u00eb Tij, q\u00eb e d\u00ebrgoi m\u00ebshir\u00eb p\u00ebr krejt botrat\u201d.<\/p>\n<p style=\"text-align: justify;\">Myftiu fal\u00ebnderoi edhe imamin e xhamis\u00eb shqiptare t\u00eb Rebsteinit, H. Enes ef. Koshi, si dhe kryesin\u00eb, p\u00ebr organizimin madh\u00ebshtor, si shenj\u00eb dashnie ndaj t\u00eb D\u00ebrguarit t\u00eb All-llahut (xh.sh.).<\/p>\n<p style=\"text-align: justify;\">N\u00eb k\u00ebt\u00eb aktivitet t\u00eb sh\u00ebnuar, ligj\u00ebroi edhe Hoxha i nderuar, Nexhmedin Ademi, nga Presheva, nd\u00ebrsa t\u00eb pranishmit pat\u00ebn mund\u00ebsi t\u00eb d\u00ebgjonin ilahit\u00eb dhe recitimet e p\u00ebrzgjedhura nga Hfz.\u00a0Ajdin Aliji.<\/p>\n<div id='gallery-1' class='gallery galleryid-5058 gallery-columns-6 gallery-size-thumbnail'><figure class='gallery-item'>\n\t\t\t<div class='gallery-icon landscape'>\n\t\t\t\t<a href='https:\/\/myftinia-shkoder.org\/?attachment_id=5069'><img loading=\"lazy\" decoding=\"async\" width=\"150\" height=\"150\" src=\"https:\/\/myftinia-shkoder.org\/wp-content\/uploads\/2018\/12\/Myftiu-Al-Shems-Rebstein-1-150x150.jpg\" class=\"attachment-thumbnail size-thumbnail\" alt=\"\" \/><\/a>\n\t\t\t<\/div><\/figure><figure class='gallery-item'>\n\t\t\t<div class='gallery-icon landscape'>\n\t\t\t\t<a href='https:\/\/myftinia-shkoder.org\/?attachment_id=5068'><img loading=\"lazy\" decoding=\"async\" width=\"150\" height=\"150\" src=\"https:\/\/myftinia-shkoder.org\/wp-content\/uploads\/2018\/12\/Myftiu-Al-Shems-Rebstein-2-150x150.jpg\" class=\"attachment-thumbnail size-thumbnail\" alt=\"\" \/><\/a>\n\t\t\t<\/div><\/figure><figure class='gallery-item'>\n\t\t\t<div class='gallery-icon landscape'>\n\t\t\t\t<a href='https:\/\/myftinia-shkoder.org\/?attachment_id=5067'><img loading=\"lazy\" decoding=\"async\" width=\"150\" height=\"150\" src=\"https:\/\/myftinia-shkoder.org\/wp-content\/uploads\/2018\/12\/Myftiu-Al-Shems-Rebstein-3-150x150.jpg\" class=\"attachment-thumbnail size-thumbnail\" alt=\"\" \/><\/a>\n\t\t\t<\/div><\/figure><figure class='gallery-item'>\n\t\t\t<div class='gallery-icon landscape'>\n\t\t\t\t<a href='https:\/\/myftinia-shkoder.org\/?attachment_id=5066'><img loading=\"lazy\" decoding=\"async\" width=\"150\" height=\"150\" src=\"https:\/\/myftinia-shkoder.org\/wp-content\/uploads\/2018\/12\/Myftiu-Al-Shems-Rebstein-4-150x150.jpg\" class=\"attachment-thumbnail size-thumbnail\" alt=\"\" \/><\/a>\n\t\t\t<\/div><\/figure><figure class='gallery-item'>\n\t\t\t<div class='gallery-icon landscape'>\n\t\t\t\t<a href='https:\/\/myftinia-shkoder.org\/?attachment_id=5065'><img loading=\"lazy\" decoding=\"async\" width=\"150\" height=\"150\" src=\"https:\/\/myftinia-shkoder.org\/wp-content\/uploads\/2018\/12\/Myftiu-Al-Shems-Rebstein-5-150x150.jpg\" class=\"attachment-thumbnail size-thumbnail\" alt=\"\" \/><\/a>\n\t\t\t<\/div><\/figure><figure class='gallery-item'>\n\t\t\t<div class='gallery-icon landscape'>\n\t\t\t\t<a href='https:\/\/myftinia-shkoder.org\/?attachment_id=5064'><img loading=\"lazy\" decoding=\"async\" width=\"150\" height=\"150\" src=\"https:\/\/myftinia-shkoder.org\/wp-content\/uploads\/2018\/12\/Myftiu-Al-Shems-Rebstein-6-150x150.jpg\" class=\"attachment-thumbnail size-thumbnail\" alt=\"\" \/><\/a>\n\t\t\t<\/div><\/figure><figure class='gallery-item'>\n\t\t\t<div class='gallery-icon landscape'>\n\t\t\t\t<a href='https:\/\/myftinia-shkoder.org\/?attachment_id=5063'><img loading=\"lazy\" decoding=\"async\" width=\"150\" height=\"150\" src=\"https:\/\/myftinia-shkoder.org\/wp-content\/uploads\/2018\/12\/Myftiu-Al-Shems-Rebstein-7-150x150.jpg\" class=\"attachment-thumbnail size-thumbnail\" alt=\"\" \/><\/a>\n\t\t\t<\/div><\/figure><figure class='gallery-item'>\n\t\t\t<div class='gallery-icon landscape'>\n\t\t\t\t<a href='https:\/\/myftinia-shkoder.org\/?attachment_id=5062'><img loading=\"lazy\" decoding=\"async\" width=\"150\" height=\"150\" src=\"https:\/\/myftinia-shkoder.org\/wp-content\/uploads\/2018\/12\/Myftiu-Al-Shems-Rebstein-8-150x150.jpg\" class=\"attachment-thumbnail size-thumbnail\" alt=\"\" \/><\/a>\n\t\t\t<\/div><\/figure><figure class='gallery-item'>\n\t\t\t<div class='gallery-icon landscape'>\n\t\t\t\t<a href='https:\/\/myftinia-shkoder.org\/?attachment_id=5061'><img loading=\"lazy\" decoding=\"async\" width=\"150\" height=\"150\" src=\"https:\/\/myftinia-shkoder.org\/wp-content\/uploads\/2018\/12\/Myftiu-Al-Shems-Rebstein-9-150x150.jpg\" class=\"attachment-thumbnail size-thumbnail\" alt=\"\" \/><\/a>\n\t\t\t<\/div><\/figure><figure class='gallery-item'>\n\t\t\t<div class='gallery-icon landscape'>\n\t\t\t\t<a href='https:\/\/myftinia-shkoder.org\/?attachment_id=5060'><img loading=\"lazy\" decoding=\"async\" width=\"150\" height=\"150\" src=\"https:\/\/myftinia-shkoder.org\/wp-content\/uploads\/2018\/12\/Myftiu-Al-Shems-Rebstein-10-150x150.jpg\" class=\"attachment-thumbnail size-thumbnail\" alt=\"\" \/><\/a>\n\t\t\t<\/div><\/figure><figure class='gallery-item'>\n\t\t\t<div class='gallery-icon landscape'>\n\t\t\t\t<a href='https:\/\/myftinia-shkoder.org\/?attachment_id=5059'><img loading=\"lazy\" decoding=\"async\" width=\"150\" height=\"150\" src=\"https:\/\/myftinia-shkoder.org\/wp-content\/uploads\/2018\/12\/Myftiu-Al-Shems-Rebstein-11-150x150.jpg\" class=\"attachment-thumbnail size-thumbnail\" alt=\"\" \/><\/a>\n\t\t\t<\/div><\/figure>\n\t\t<\/div>\n\n<\/div>\n","protected":false},"excerpt":{"rendered":"<div class=\"mh-excerpt\"><p>Me ftes\u00eb t\u00eb Bashk\u00ebsis\u00eb Islame &#8220;Al-Shems&#8221;, n\u00eb Rebstein t\u00eb Zvicr\u00ebs, Myftiu i Shkodr\u00ebs, Imam Muhamed B. Sytari, ligj\u00ebroi n\u00eb aktivitetin e p\u00ebrvitsh\u00ebm q\u00eb organizoi xhamia &#8220;Al-Shems&#8221;, me rastin e p\u00ebrkujtimit t\u00eb Lindjes s\u00eb Hz. Muhammedit <a class=\"mh-excerpt-more\" href=\"https:\/\/myftinia-shkoder.org\/?p=5058\" title=\"Myftiu ligj\u00ebroi n\u00eb Mevludin e B.I. &#8220;Al-Shems&#8221;\">[&#8230;]<\/a><\/p>\n<\/div>","protected":false},"author":1,"featured_media":5065,"comment_status":"closed","ping_status":"closed","sticky":false,"template":"","format":"standard","meta":{"footnotes":""},"categories":[16],"tags":[],"class_list":["post-5058","post","type-post","status-publish","format-standard","has-post-thumbnail","hentry","category-bota-islame"],"_links":{"self":[{"href":"https:\/\/myftinia-shkoder.org\/index.php?rest_route=\/wp\/v2\/posts\/5058","targetHints":{"allow":["GET"]}}],"collection":[{"href":"https:\/\/myftinia-shkoder.org\/index.php?rest_route=\/wp\/v2\/posts"}],"about":[{"href":"https:\/\/myftinia-shkoder.org\/index.php?rest_route=\/wp\/v2\/types\/post"}],"author":[{"embeddable":true,"href":"https:\/\/myftinia-shkoder.org\/index.php?rest_route=\/wp\/v2\/users\/1"}],"replies":[{"embeddable":true,"href":"https:\/\/myftinia-shkoder.org\/index.php?rest_route=%2Fwp%2Fv2%2Fcomments&post=5058"}],"version-history":[{"count":2,"href":"https:\/\/myftinia-shkoder.org\/index.php?rest_route=\/wp\/v2\/posts\/5058\/revisions"}],"predecessor-version":[{"id":5091,"href":"https:\/\/myftinia-shkoder.org\/index.php?rest_route=\/wp\/v2\/posts\/5058\/revisions\/5091"}],"wp:featuredmedia":[{"embeddable":true,"href":"https:\/\/myftinia-shkoder.org\/index.php?rest_route=\/wp\/v2\/media\/5065"}],"wp:attachment":[{"href":"https:\/\/myftinia-shkoder.org\/index.php?rest_route=%2Fwp%2Fv2%2Fmedia&parent=5058"}],"wp:term":[{"taxonomy":"category","embeddable":true,"href":"https:\/\/myftinia-shkoder.org\/index.php?rest_route=%2Fwp%2Fv2%2Fcategories&post=5058"},{"taxonomy":"post_tag","embeddable":true,"href":"https:\/\/myftinia-shkoder.org\/index.php?rest_route=%2Fwp%2Fv2%2Ftags&post=5058"}],"curies":[{"name":"wp","href":"https:\/\/api.w.org\/{rel}","templated":true}]}}