{"id":5264,"date":"2019-01-18T07:04:56","date_gmt":"2019-01-18T07:04:56","guid":{"rendered":"http:\/\/myftinia-shkoder.org\/?p=5264"},"modified":"2019-01-18T13:07:00","modified_gmt":"2019-01-18T13:07:00","slug":"nje-grup-besimtaresh-shkodrane-vizitojne-kudsi-sherifin","status":"publish","type":"post","link":"https:\/\/myftinia-shkoder.org\/?p=5264","title":{"rendered":"Nj\u00eb grup besimtar\u00ebsh shkodran\u00eb vizitojn\u00eb Kudsi Sherifin"},"content":{"rendered":"<p style=\"text-align: justify;\">Dit\u00ebn e enjte, m\u00eb 17 janar 2019, nj\u00eb grup besimtar\u00ebsh shkodran\u00eb, n\u00ebn drejtimin e teologut\u00a0Naim Drijaj, imam i xhamis\u00eb Parruc\u00eb, u nis\u00ebn p\u00ebr t\u00eb vizituar Kudsi Sherifin, ku ndodhet edhe xhamia Aksa, e treta e vendeve t\u00eb shenjta islame.<\/p>\n<div class=\"text_exposed_show\">\n<p style=\"text-align: justify;\">Grupi i vizitor\u00ebve t\u00eb Aksas\u00eb u prit\u00ebn edhe nga Myftiu i Shkodr\u00ebs, Imam\u00a0Muhamed B. Sytari, i cili i uroi me rastin e k\u00ebsaj vizite historike.<\/p>\n<p style=\"text-align: justify;\">Myftiu foli mbi vler\u00ebn e k\u00ebtij vendi dhe stacioneve t\u00eb ndryshme, n\u00ebp\u00ebr t\u00eb cilat ia vlen t\u00eb ndalesh e t\u00eb p\u00ebrkujtosh nj\u00eb histori shekullore t\u00eb mbushur me gjurm\u00eb pejgamber\u00ebsh, ngjarjesh t\u00eb shenjta e lutjesh t\u00eb shumta q\u00eb mbushin at\u00eb atmosfer\u00eb t\u00eb bekuar.<\/p>\n<p style=\"text-align: justify;\">Sipas kontakteve, grupi i besimtar\u00ebve shkodran\u00eb kan\u00eb mb\u00ebrritur sh\u00ebndosh e mir\u00eb n\u00eb Kudsi Sherif\u00eb dhe sot do t\u00eb falin namazin e xhumas\u00eb n\u00eb xhamin\u00eb e shenjt\u00eb t\u00eb Aksas\u00eb.<\/p>\n<div id='gallery-1' class='gallery galleryid-5264 gallery-columns-3 gallery-size-thumbnail'><figure class='gallery-item'>\n\t\t\t<div class='gallery-icon landscape'>\n\t\t\t\t<a href='https:\/\/myftinia-shkoder.org\/?attachment_id=5267'><img loading=\"lazy\" decoding=\"async\" width=\"150\" height=\"150\" src=\"https:\/\/myftinia-shkoder.org\/wp-content\/uploads\/2019\/01\/shkodrane-kuds-sherife-3-150x150.jpg\" class=\"attachment-thumbnail size-thumbnail\" alt=\"\" \/><\/a>\n\t\t\t<\/div><\/figure><figure class='gallery-item'>\n\t\t\t<div class='gallery-icon landscape'>\n\t\t\t\t<a href='https:\/\/myftinia-shkoder.org\/?attachment_id=5266'><img loading=\"lazy\" decoding=\"async\" width=\"150\" height=\"150\" src=\"https:\/\/myftinia-shkoder.org\/wp-content\/uploads\/2019\/01\/shkodrane-kuds-sherife-2-150x150.jpg\" class=\"attachment-thumbnail size-thumbnail\" alt=\"\" \/><\/a>\n\t\t\t<\/div><\/figure><figure class='gallery-item'>\n\t\t\t<div class='gallery-icon landscape'>\n\t\t\t\t<a href='https:\/\/myftinia-shkoder.org\/?attachment_id=5265'><img loading=\"lazy\" decoding=\"async\" width=\"150\" height=\"150\" src=\"https:\/\/myftinia-shkoder.org\/wp-content\/uploads\/2019\/01\/shkodrane-kuds-sherife-1-150x150.jpg\" class=\"attachment-thumbnail size-thumbnail\" alt=\"\" \/><\/a>\n\t\t\t<\/div><\/figure>\n\t\t<\/div>\n\n<\/div>\n","protected":false},"excerpt":{"rendered":"<div class=\"mh-excerpt\"><p>Dit\u00ebn e enjte, m\u00eb 17 janar 2019, nj\u00eb grup besimtar\u00ebsh shkodran\u00eb, n\u00ebn drejtimin e teologut\u00a0Naim Drijaj, imam i xhamis\u00eb Parruc\u00eb, u nis\u00ebn p\u00ebr t\u00eb vizituar Kudsi Sherifin, ku ndodhet edhe xhamia Aksa, e treta e <a class=\"mh-excerpt-more\" href=\"https:\/\/myftinia-shkoder.org\/?p=5264\" title=\"Nj\u00eb grup besimtar\u00ebsh shkodran\u00eb vizitojn\u00eb Kudsi Sherifin\">[&#8230;]<\/a><\/p>\n<\/div>","protected":false},"author":1,"featured_media":5266,"comment_status":"closed","ping_status":"closed","sticky":false,"template":"","format":"standard","meta":{"footnotes":""},"categories":[13],"tags":[],"class_list":["post-5264","post","type-post","status-publish","format-standard","has-post-thumbnail","hentry","category-aktualitet"],"_links":{"self":[{"href":"https:\/\/myftinia-shkoder.org\/index.php?rest_route=\/wp\/v2\/posts\/5264","targetHints":{"allow":["GET"]}}],"collection":[{"href":"https:\/\/myftinia-shkoder.org\/index.php?rest_route=\/wp\/v2\/posts"}],"about":[{"href":"https:\/\/myftinia-shkoder.org\/index.php?rest_route=\/wp\/v2\/types\/post"}],"author":[{"embeddable":true,"href":"https:\/\/myftinia-shkoder.org\/index.php?rest_route=\/wp\/v2\/users\/1"}],"replies":[{"embeddable":true,"href":"https:\/\/myftinia-shkoder.org\/index.php?rest_route=%2Fwp%2Fv2%2Fcomments&post=5264"}],"version-history":[{"count":1,"href":"https:\/\/myftinia-shkoder.org\/index.php?rest_route=\/wp\/v2\/posts\/5264\/revisions"}],"predecessor-version":[{"id":5268,"href":"https:\/\/myftinia-shkoder.org\/index.php?rest_route=\/wp\/v2\/posts\/5264\/revisions\/5268"}],"wp:featuredmedia":[{"embeddable":true,"href":"https:\/\/myftinia-shkoder.org\/index.php?rest_route=\/wp\/v2\/media\/5266"}],"wp:attachment":[{"href":"https:\/\/myftinia-shkoder.org\/index.php?rest_route=%2Fwp%2Fv2%2Fmedia&parent=5264"}],"wp:term":[{"taxonomy":"category","embeddable":true,"href":"https:\/\/myftinia-shkoder.org\/index.php?rest_route=%2Fwp%2Fv2%2Fcategories&post=5264"},{"taxonomy":"post_tag","embeddable":true,"href":"https:\/\/myftinia-shkoder.org\/index.php?rest_route=%2Fwp%2Fv2%2Ftags&post=5264"}],"curies":[{"name":"wp","href":"https:\/\/api.w.org\/{rel}","templated":true}]}}