{"id":5616,"date":"2019-03-13T14:57:29","date_gmt":"2019-03-13T14:57:29","guid":{"rendered":"http:\/\/myftinia-shkoder.org\/?p=5616"},"modified":"2019-03-13T18:00:14","modified_gmt":"2019-03-13T18:00:14","slug":"myftinia-shkoder-uron-kryetarin-e-ri-te-kmsh","status":"publish","type":"post","link":"https:\/\/myftinia-shkoder.org\/?p=5616","title":{"rendered":"Myftinia Shkod\u00ebr uron kryetarin e ri t\u00eb KMSh"},"content":{"rendered":"<div id=\"u_0_n\" class=\"_li\">\n<div id=\"globalContainer\" class=\"uiContextualLayerParent\">\n<div id=\"content\" class=\"fb_content clearfix \" role=\"\" data-referrer=\"content\">\n<div id=\"mainContainer\">\n<div id=\"contentCol\" class=\"clearfix\">\n<div id=\"contentArea\" role=\"main\">\n<div id=\"pagelet_timeline_main_column\" class=\"_5h60\" data-referrer=\"pagelet_timeline_main_column\" data-gt=\"{&quot;profile_owner&quot;:&quot;100006346868517&quot;,&quot;ref&quot;:&quot;timeline:timeline&quot;}\">\n<div id=\"pagelet_main_column_personal\" class=\"_5h60\" data-referrer=\"pagelet_main_column_personal_timeline\">\n<div id=\"timeline_tab_content\">\n<div class=\"clearfix _ikh _3-8y\">\n<div class=\"_4bl7 _3-96\">\n<div id=\"timeline_story_column\">\n<div id=\"timeline_story_container_100006346868517\" data-referrer=\"timeline_story_container_100006346868517\">\n<div id=\"jumper_1552485527_S:_I100006346868517:2270786086476265\" class=\"_5pcb _4b0l _2q8l\" data-store=\"{&quot;timestamp&quot;:1552485527}\">\n<div id=\"tl_unit_-8827198869756688110\" class=\"_4-u2 mbm _4mrt _5jmm _5pat _5v3q _7cqq _4-u8\" role=\"article\" aria-describedby=\"js_2a js_2b\" aria-labelledby=\"js_29\" data-ftr=\"1\" data-fte=\"1\" data-insertion-position=\"3\" data-time=\"1552485527\">\n<div id=\"u_jsonp_6_i\" class=\"_3ccb\" data-gt=\"{&quot;type&quot;:&quot;click2canvas&quot;,&quot;fbsource&quot;:703,&quot;ref&quot;:&quot;nf_generic&quot;}\" data-ft=\"{&quot;tn&quot;:&quot;-R&quot;}\">\n<div class=\"_5pcr userContentWrapper\" data-ft=\"{&quot;tn&quot;:&quot;-R&quot;}\">\n<div class=\"_1dwg _1w_m _q7o\">\n<div id=\"js_2b\" class=\"_5pbx userContent _3576\" data-ft=\"{&quot;tn&quot;:&quot;K&quot;}\">\n<div id=\"id_5c8944cb279d78449173372\" class=\"text_exposed_root text_exposed\">\n<p style=\"text-align: justify;\">Dit\u00ebn e mart\u00eb, m\u00eb 12 mars 2019, Myftiu i Shkodr\u00ebs, Imam <a class=\"profileLink\" href=\"https:\/\/www.facebook.com\/profile.php?id=100008293066207&amp;__tn__=%2CdK-R-R&amp;eid=ARA4zpnLEPFzOuBM0285PEXHfxXNrqksqMdN1j329Sl3CyyiEBBCZRRBkJDYQ7nnpnBGdJkgR2Udbomo&amp;fref=mentions\" data-hovercard-prefer-more-content-show=\"1\" data-hovercard=\"\/ajax\/hovercard\/user.php?id=100008293066207&amp;extragetparams=%7B%22__tn__%22%3A%22%2CdK-R-R%22%2C%22eid%22%3A%22ARA4zpnLEPFzOuBM0285PEXHfxXNrqksqMdN1j329Sl3CyyiEBBCZRRBkJDYQ7nnpnBGdJkgR2Udbomo%22%2C%22fref%22%3A%22mentions%22%7D\">Muhamed B. Sytari<\/a>, s\u00eb bashku me nj\u00eb grup imam\u00ebsh t\u00eb Myftinis\u00eb Shkod\u00ebr, p\u00ebrcolli urimet protokollare p\u00ebr kryetarin e ri t\u00eb Komunitetit Mysliman t\u00eb Shqip\u00ebris\u00eb, H. Bujar Spahiu.<\/p>\n<div class=\"text_exposed_show\">\n<p style=\"text-align: justify;\">Gjat\u00eb takimit, u theksua vlera e institucionit t\u00eb KMSh-s\u00eb si dhe angazhimi maksimal p\u00ebr t\u00eb sh\u00ebrbyer me sinqeritet p\u00ebr t\u00eb mir\u00ebn e Thirrjes Islame dhe p\u00ebrhapjes s\u00eb saj n\u00eb \u00e7do cep t\u00eb vendit dhe p\u00ebrtej tij.<\/p>\n<p style=\"text-align: justify;\">N\u00eb urimin e tij, Myftiu vuri theksin te domosdoshm\u00ebria e bashk\u00ebpunimit t\u00eb elementit musliman shqiptar p\u00ebr t\u00eb ruajtur amanetin e Thirrjes dhe p\u00ebr t\u00eb sh\u00ebrbyer me p\u00ebrkushtim p\u00ebr p\u00ebrhapjen e vlerave t\u00eb fes\u00eb islame, p\u00ebrtej axhendave t\u00eb huaja, q\u00eb punojn\u00eb dit\u00eb-nat\u00eb, me t\u00eb gjitha format, kund\u00ebr Islamit dhe musliman\u00ebve.<\/p>\n<div id='gallery-1' class='gallery galleryid-5616 gallery-columns-5 gallery-size-thumbnail'><figure class='gallery-item'>\n\t\t\t<div class='gallery-icon landscape'>\n\t\t\t\t<a href='https:\/\/myftinia-shkoder.org\/?attachment_id=5615'><img loading=\"lazy\" decoding=\"async\" width=\"150\" height=\"150\" src=\"https:\/\/myftinia-shkoder.org\/wp-content\/uploads\/2019\/03\/vizite_kryetari_te_ri_KMSH-1-150x150.jpg\" class=\"attachment-thumbnail size-thumbnail\" alt=\"\" \/><\/a>\n\t\t\t<\/div><\/figure><figure class='gallery-item'>\n\t\t\t<div class='gallery-icon landscape'>\n\t\t\t\t<a href='https:\/\/myftinia-shkoder.org\/?attachment_id=5614'><img loading=\"lazy\" decoding=\"async\" width=\"150\" height=\"150\" src=\"https:\/\/myftinia-shkoder.org\/wp-content\/uploads\/2019\/03\/vizite_kryetari_te_ri_KMSH-5-150x150.jpg\" class=\"attachment-thumbnail size-thumbnail\" alt=\"\" \/><\/a>\n\t\t\t<\/div><\/figure><figure class='gallery-item'>\n\t\t\t<div class='gallery-icon landscape'>\n\t\t\t\t<a href='https:\/\/myftinia-shkoder.org\/?attachment_id=5613'><img loading=\"lazy\" decoding=\"async\" width=\"150\" height=\"150\" src=\"https:\/\/myftinia-shkoder.org\/wp-content\/uploads\/2019\/03\/vizite_kryetari_te_ri_KMSH-4-150x150.jpg\" class=\"attachment-thumbnail size-thumbnail\" alt=\"\" \/><\/a>\n\t\t\t<\/div><\/figure><figure class='gallery-item'>\n\t\t\t<div class='gallery-icon landscape'>\n\t\t\t\t<a href='https:\/\/myftinia-shkoder.org\/?attachment_id=5612'><img loading=\"lazy\" decoding=\"async\" width=\"150\" height=\"150\" src=\"https:\/\/myftinia-shkoder.org\/wp-content\/uploads\/2019\/03\/vizite_kryetari_te_ri_KMSH-3-150x150.jpg\" class=\"attachment-thumbnail size-thumbnail\" alt=\"\" \/><\/a>\n\t\t\t<\/div><\/figure><figure class='gallery-item'>\n\t\t\t<div class='gallery-icon landscape'>\n\t\t\t\t<a href='https:\/\/myftinia-shkoder.org\/?attachment_id=5611'><img loading=\"lazy\" decoding=\"async\" width=\"150\" height=\"150\" src=\"https:\/\/myftinia-shkoder.org\/wp-content\/uploads\/2019\/03\/vizite_kryetari_te_ri_KMSH-2-150x150.jpg\" class=\"attachment-thumbnail size-thumbnail\" alt=\"\" \/><\/a>\n\t\t\t<\/div><\/figure>\n\t\t<\/div>\n\n<\/div>\n<\/div>\n<\/div>\n<\/div>\n<\/div>\n<\/div>\n<\/div>\n<\/div>\n<\/div>\n<\/div>\n<\/div>\n<\/div>\n<\/div>\n<\/div>\n<\/div>\n<\/div>\n<\/div>\n<\/div>\n<\/div>\n<\/div>\n<\/div>\n","protected":false},"excerpt":{"rendered":"<div class=\"mh-excerpt\"><p>Dit\u00ebn e mart\u00eb, m\u00eb 12 mars 2019, Myftiu i Shkodr\u00ebs, Imam Muhamed B. Sytari, s\u00eb bashku me nj\u00eb grup imam\u00ebsh t\u00eb Myftinis\u00eb Shkod\u00ebr, p\u00ebrcolli urimet protokollare p\u00ebr kryetarin e ri t\u00eb Komunitetit Mysliman t\u00eb Shqip\u00ebris\u00eb, <a class=\"mh-excerpt-more\" href=\"https:\/\/myftinia-shkoder.org\/?p=5616\" title=\"Myftinia Shkod\u00ebr uron kryetarin e ri t\u00eb KMSh\">[&#8230;]<\/a><\/p>\n<\/div>","protected":false},"author":1,"featured_media":5615,"comment_status":"closed","ping_status":"closed","sticky":false,"template":"","format":"standard","meta":{"footnotes":""},"categories":[13],"tags":[],"class_list":["post-5616","post","type-post","status-publish","format-standard","has-post-thumbnail","hentry","category-aktualitet"],"_links":{"self":[{"href":"https:\/\/myftinia-shkoder.org\/index.php?rest_route=\/wp\/v2\/posts\/5616","targetHints":{"allow":["GET"]}}],"collection":[{"href":"https:\/\/myftinia-shkoder.org\/index.php?rest_route=\/wp\/v2\/posts"}],"about":[{"href":"https:\/\/myftinia-shkoder.org\/index.php?rest_route=\/wp\/v2\/types\/post"}],"author":[{"embeddable":true,"href":"https:\/\/myftinia-shkoder.org\/index.php?rest_route=\/wp\/v2\/users\/1"}],"replies":[{"embeddable":true,"href":"https:\/\/myftinia-shkoder.org\/index.php?rest_route=%2Fwp%2Fv2%2Fcomments&post=5616"}],"version-history":[{"count":1,"href":"https:\/\/myftinia-shkoder.org\/index.php?rest_route=\/wp\/v2\/posts\/5616\/revisions"}],"predecessor-version":[{"id":5617,"href":"https:\/\/myftinia-shkoder.org\/index.php?rest_route=\/wp\/v2\/posts\/5616\/revisions\/5617"}],"wp:featuredmedia":[{"embeddable":true,"href":"https:\/\/myftinia-shkoder.org\/index.php?rest_route=\/wp\/v2\/media\/5615"}],"wp:attachment":[{"href":"https:\/\/myftinia-shkoder.org\/index.php?rest_route=%2Fwp%2Fv2%2Fmedia&parent=5616"}],"wp:term":[{"taxonomy":"category","embeddable":true,"href":"https:\/\/myftinia-shkoder.org\/index.php?rest_route=%2Fwp%2Fv2%2Fcategories&post=5616"},{"taxonomy":"post_tag","embeddable":true,"href":"https:\/\/myftinia-shkoder.org\/index.php?rest_route=%2Fwp%2Fv2%2Ftags&post=5616"}],"curies":[{"name":"wp","href":"https:\/\/api.w.org\/{rel}","templated":true}]}}