{"id":5946,"date":"2019-04-16T18:36:50","date_gmt":"2019-04-16T18:36:50","guid":{"rendered":"http:\/\/myftinia-shkoder.org\/?p=5946"},"modified":"2019-04-16T19:30:42","modified_gmt":"2019-04-16T19:30:42","slug":"myftiu-priti-nje-delegacion-nga-mbreteria-e-bahrejnit","status":"publish","type":"post","link":"https:\/\/myftinia-shkoder.org\/?p=5946","title":{"rendered":"Myftiu priti nj\u00eb delegacion nga Mbret\u00ebria e Bahrejnit"},"content":{"rendered":"<p>Paradit\u00ebn e s\u00eb mart\u00ebs, m\u00eb 16 prill 2019, Myftiu i Shkodr\u00ebs, Imam Muhamed B. Sytari, priti n\u00eb nj\u00eb takim t\u00eb p\u00ebrzem\u00ebrt z. Halid Muhammed Ali, Kryetar i K\u00ebshillit drejtues t\u00eb Komisionit p\u00ebr Veprat e Bamir\u00ebsis\u00eb n\u00eb Mbret\u00ebrin\u00eb e Bahrejnit, q\u00eb shoq\u00ebrohej nga Shejkh Nebil Muhammed Salih, Drejtor i sektorit t\u00eb Ballkanit.<\/p>\n<p>Gjat\u00eb takimit t\u00eb p\u00ebrzem\u00ebrt, Myftiu fal\u00ebnderoi vizitor\u00ebt p\u00ebr kontributet e vyera t\u00eb dh\u00ebna n\u00eb Shqip\u00ebri dhe ve\u00e7an\u00ebrisht n\u00eb Shkod\u00ebr, ku p\u00ebrmendet nd\u00ebrtimi i xhamis\u00eb s\u00eb re n\u00eb fshatin Ku\u00e7, qendra kulturore islame n\u00eb Postrib\u00eb, etj., q\u00eb jan\u00eb pjes\u00eb e r\u00ebnd\u00ebsishme e gjall\u00ebrimit t\u00eb aktivitetit islam n\u00eb Shkod\u00ebr.<\/p>\n<p>Myftiu theksoi se, sfidat e shumta me t\u00eb cilat p\u00ebrballen musliman\u00ebt sot, jan\u00eb nj\u00eb shtys\u00eb akoma m\u00eb e madhe p\u00ebr ta shtuar bashk\u00ebpunimin dhe nd\u00ebrveprimin n\u00eb mesin e institucioneve islame kudo n\u00eb bot\u00eb, p\u00ebr t\u00eb p\u00ebrhapur vlerat dhe drit\u00ebn e Thirrjes Islame, si m\u00ebnyra m\u00eb e mir\u00eb p\u00ebr ta paraqitur k\u00ebt\u00eb f\u00e9 t\u00eb begat\u00eb islame n\u00eb origjinalitetin e saj.<\/p>\n<p>Myftiu tha se, duhen vler\u00ebsuar kontributet e v\u00ebllez\u00ebrve nga Mbret\u00ebria e Bahrejnit, p\u00ebr gjall\u00ebrimim e aktivitetit fetar e kulturor n\u00eb rrafsh bot\u00ebror, si dhe kontributet bamir\u00ebse edhe n\u00eb vendin ton\u00eb.<\/p>\n<p>Gjat\u00eb takimit u diskutua edhe p\u00ebr mund\u00ebsin\u00eb e bashk\u00ebpunimit t\u00eb m\u00ebtejsh\u00ebm n\u00eb fusha me interes t\u00eb p\u00ebrbashk\u00ebt.<\/p>\n<p>Delegacioni nga Mbret\u00ebria e Bahrejnit shoq\u00ebrohej edhe nga z. Korab Kaja, drejtor i Fondacionit &#8220;Mir\u00ebsia&#8221;.<\/p>\n<p><img loading=\"lazy\" decoding=\"async\" src=\"https:\/\/myftinia-shkoder.org\/wp-content\/uploads\/2019\/04\/img_1511-1.jpg\" class=\"size-full wp-image-5944\" width=\"960\" height=\"640\" srcset=\"https:\/\/myftinia-shkoder.org\/wp-content\/uploads\/2019\/04\/img_1511-1.jpg 960w, https:\/\/myftinia-shkoder.org\/wp-content\/uploads\/2019\/04\/img_1511-1-300x200.jpg 300w, https:\/\/myftinia-shkoder.org\/wp-content\/uploads\/2019\/04\/img_1511-1-768x512.jpg 768w\" sizes=\"auto, (max-width: 960px) 100vw, 960px\" \/><img loading=\"lazy\" decoding=\"async\" src=\"https:\/\/myftinia-shkoder.org\/wp-content\/uploads\/2019\/04\/img_1510.jpg\" class=\"size-full wp-image-5943\" width=\"960\" height=\"640\" srcset=\"https:\/\/myftinia-shkoder.org\/wp-content\/uploads\/2019\/04\/img_1510.jpg 960w, https:\/\/myftinia-shkoder.org\/wp-content\/uploads\/2019\/04\/img_1510-300x200.jpg 300w, https:\/\/myftinia-shkoder.org\/wp-content\/uploads\/2019\/04\/img_1510-768x512.jpg 768w\" sizes=\"auto, (max-width: 960px) 100vw, 960px\" \/><img loading=\"lazy\" decoding=\"async\" src=\"https:\/\/myftinia-shkoder.org\/wp-content\/uploads\/2019\/04\/img_1509.jpg\" class=\"size-full wp-image-5945\" width=\"960\" height=\"640\" srcset=\"https:\/\/myftinia-shkoder.org\/wp-content\/uploads\/2019\/04\/img_1509.jpg 960w, https:\/\/myftinia-shkoder.org\/wp-content\/uploads\/2019\/04\/img_1509-300x200.jpg 300w, https:\/\/myftinia-shkoder.org\/wp-content\/uploads\/2019\/04\/img_1509-768x512.jpg 768w\" sizes=\"auto, (max-width: 960px) 100vw, 960px\" \/><\/p>\n","protected":false},"excerpt":{"rendered":"<div class=\"mh-excerpt\"><p>Paradit\u00ebn e s\u00eb mart\u00ebs, m\u00eb 16 prill 2019, Myftiu i Shkodr\u00ebs, Imam Muhamed B. Sytari, priti n\u00eb nj\u00eb takim t\u00eb p\u00ebrzem\u00ebrt z. Halid Muhammed Ali, Kryetar i K\u00ebshillit drejtues t\u00eb Komisionit p\u00ebr Veprat e Bamir\u00ebsis\u00eb <a class=\"mh-excerpt-more\" href=\"https:\/\/myftinia-shkoder.org\/?p=5946\" title=\"Myftiu priti nj\u00eb delegacion nga Mbret\u00ebria e Bahrejnit\">[&#8230;]<\/a><\/p>\n<\/div>","protected":false},"author":1,"featured_media":5945,"comment_status":"closed","ping_status":"closed","sticky":false,"template":"","format":"standard","meta":{"footnotes":""},"categories":[2],"tags":[],"class_list":["post-5946","post","type-post","status-publish","format-standard","has-post-thumbnail","hentry","category-vizitore"],"_links":{"self":[{"href":"https:\/\/myftinia-shkoder.org\/index.php?rest_route=\/wp\/v2\/posts\/5946","targetHints":{"allow":["GET"]}}],"collection":[{"href":"https:\/\/myftinia-shkoder.org\/index.php?rest_route=\/wp\/v2\/posts"}],"about":[{"href":"https:\/\/myftinia-shkoder.org\/index.php?rest_route=\/wp\/v2\/types\/post"}],"author":[{"embeddable":true,"href":"https:\/\/myftinia-shkoder.org\/index.php?rest_route=\/wp\/v2\/users\/1"}],"replies":[{"embeddable":true,"href":"https:\/\/myftinia-shkoder.org\/index.php?rest_route=%2Fwp%2Fv2%2Fcomments&post=5946"}],"version-history":[{"count":2,"href":"https:\/\/myftinia-shkoder.org\/index.php?rest_route=\/wp\/v2\/posts\/5946\/revisions"}],"predecessor-version":[{"id":5948,"href":"https:\/\/myftinia-shkoder.org\/index.php?rest_route=\/wp\/v2\/posts\/5946\/revisions\/5948"}],"wp:featuredmedia":[{"embeddable":true,"href":"https:\/\/myftinia-shkoder.org\/index.php?rest_route=\/wp\/v2\/media\/5945"}],"wp:attachment":[{"href":"https:\/\/myftinia-shkoder.org\/index.php?rest_route=%2Fwp%2Fv2%2Fmedia&parent=5946"}],"wp:term":[{"taxonomy":"category","embeddable":true,"href":"https:\/\/myftinia-shkoder.org\/index.php?rest_route=%2Fwp%2Fv2%2Fcategories&post=5946"},{"taxonomy":"post_tag","embeddable":true,"href":"https:\/\/myftinia-shkoder.org\/index.php?rest_route=%2Fwp%2Fv2%2Ftags&post=5946"}],"curies":[{"name":"wp","href":"https:\/\/api.w.org\/{rel}","templated":true}]}}