{"id":66,"date":"2015-10-20T21:34:08","date_gmt":"2015-10-20T21:34:08","guid":{"rendered":"http:\/\/myftinia-shkoder.org\/?p=66"},"modified":"2016-04-18T21:37:05","modified_gmt":"2016-04-18T21:37:05","slug":"myftiu-priti-kryetarin-e-shoqates-rida-nga-konja-e-turqise","status":"publish","type":"post","link":"https:\/\/myftinia-shkoder.org\/?p=66","title":{"rendered":"Myftiu priti Kryetarin e Shoqat\u00ebs &#8220;RIDA&#8221;, nga Konja e Turqis\u00eb"},"content":{"rendered":"<p style=\"text-align: justify;\">Paraditen e s\u00eb mart\u00ebs, m\u00eb 20 tetor 2015, Myftiu i Shkodr\u00ebs, Imam Muhamed B. Sytari, priti n\u00eb nj\u00eb takim prezantimi, nj\u00eb p\u00ebrfaq\u00ebsi t\u00eb Shoqat\u00ebs &#8220;RIDA&#8221;, me qend\u00ebr n\u00eb Konja t\u00eb Turqis\u00eb, n\u00ebn drejtimin e Kryetarit t\u00eb saj, z. Tamer Kalender.<\/p>\n<p>Gjat\u00eb takimit t\u00eb p\u00ebrzem\u00ebrt, Myftiu uroi mir\u00ebseardhjen e v\u00ebllez\u00ebrve nga Konja, duke theksuar se n\u00eb Shkod\u00ebr, ju nuk jeni miq, por v\u00ebllez\u00ebr, sikurse ne, sa her\u00eb q\u00eb vijm\u00eb n\u00eb Turqi, vijm\u00eb n\u00eb tok\u00ebn ton\u00eb, pasi shekujt e kalifatit osman, ishin d\u00ebshmi historike sesi shqiptar\u00ebt e turqit (por edhe shum\u00eb komb\u00ebsi t\u00eb tjera), ishim nj\u00eb mish\u00ebrim i nj\u00eb kalifati, nd\u00ebr m\u00eb t\u00eb qytet\u00ebruarit e shekujve t\u00eb historis\u00eb islame.<\/p>\n<p>Nga ana e tij, z. Kalender, e informoi Myftiun p\u00ebr aktivitetin e zgjeruar t\u00eb k\u00ebsaj shoqate n\u00eb shum\u00eb vende t\u00eb bot\u00ebs, sidomos n\u00eb fush\u00ebn e arsimit dhe p\u00ebrkujdesjes p\u00ebr jetim\u00ebt. Ai tha se &#8220;RIDA&#8221; ka d\u00ebshir\u00eb t\u00eb ket\u00eb aktivitetin e vet edhe n\u00eb Shkod\u00ebr, d\u00ebshir\u00eb p\u00ebr t\u00eb cil\u00ebn mori edhe miratimin dhe vullnetin e mir\u00eb t\u00eb bashk\u00ebpunimit edhe nga Myftiu i Shkodr\u00ebs.<\/p>\n<p>Gjat\u00eb k\u00ebsaj pritje, Myftiu dha edhe nj\u00eb intervist\u00eb t\u00eb zgjeruar p\u00ebr Tv Konya, ku iu p\u00ebrgjigj pyetjeve t\u00eb shumta t\u00eb gazetarit n\u00eb lidhje me aktivitetin e Myftinis\u00eb Shkod\u00ebr, sfidat, pengesat, t\u00eb ardhmen.<\/p>\n<p>Gjat\u00eb k\u00ebsaj interviste, Myftiu theksoi se stabiliteti dhe ecuria e Turqis\u00eb, \u00ebsht\u00eb n\u00eb vetvete stabilitet dhe p\u00ebrparim p\u00ebr krejt ymmetin islam. P\u00ebr k\u00ebt\u00eb, ai u lut q\u00eb Zoti ta ruaj\u00eb Turqin\u00eb nga sfidat, me t\u00eb cilat po p\u00ebrballet mbar\u00eb ymmeti islam, sidomos n\u00eb zonat e nxehta t\u00eb Lindjes s\u00eb Mesme.<\/p>\n<p>Delegacioni i Shoqat\u00ebs &#8220;RIDA&#8221;, shoq\u00ebrohej edhe nga Kryetari i Shoqat\u00ebs &#8220;Ihja&#8221;, z. Jetmir Braqi.<\/p>\n<div id='gallery-1' class='gallery galleryid-66 gallery-columns-3 gallery-size-thumbnail'><figure class='gallery-item'>\n\t\t\t<div class='gallery-icon landscape'>\n\t\t\t\t<a href='https:\/\/myftinia-shkoder.org\/?attachment_id=69'><img loading=\"lazy\" decoding=\"async\" width=\"150\" height=\"150\" src=\"https:\/\/myftinia-shkoder.org\/wp-content\/uploads\/2016\/04\/fondacioni-Rida2-150x150.jpg\" class=\"attachment-thumbnail size-thumbnail\" alt=\"\" \/><\/a>\n\t\t\t<\/div><\/figure><figure class='gallery-item'>\n\t\t\t<div class='gallery-icon landscape'>\n\t\t\t\t<a href='https:\/\/myftinia-shkoder.org\/?attachment_id=68'><img loading=\"lazy\" decoding=\"async\" width=\"150\" height=\"150\" src=\"https:\/\/myftinia-shkoder.org\/wp-content\/uploads\/2016\/04\/fondacioni-Rida1-150x150.jpg\" class=\"attachment-thumbnail size-thumbnail\" alt=\"\" \/><\/a>\n\t\t\t<\/div><\/figure><figure class='gallery-item'>\n\t\t\t<div class='gallery-icon landscape'>\n\t\t\t\t<a href='https:\/\/myftinia-shkoder.org\/?attachment_id=67'><img loading=\"lazy\" decoding=\"async\" width=\"150\" height=\"150\" src=\"https:\/\/myftinia-shkoder.org\/wp-content\/uploads\/2016\/04\/fondacioni-Rida-150x150.jpg\" class=\"attachment-thumbnail size-thumbnail\" alt=\"\" \/><\/a>\n\t\t\t<\/div><\/figure>\n\t\t<\/div>\n\n","protected":false},"excerpt":{"rendered":"<div class=\"mh-excerpt\"><p>Paraditen e s\u00eb mart\u00ebs, m\u00eb 20 tetor 2015, Myftiu i Shkodr\u00ebs, Imam Muhamed B. Sytari, priti n\u00eb nj\u00eb takim prezantimi, nj\u00eb p\u00ebrfaq\u00ebsi t\u00eb Shoqat\u00ebs &#8220;RIDA&#8221;, me qend\u00ebr n\u00eb Konja t\u00eb Turqis\u00eb, n\u00ebn drejtimin e Kryetarit <a class=\"mh-excerpt-more\" href=\"https:\/\/myftinia-shkoder.org\/?p=66\" title=\"Myftiu priti Kryetarin e Shoqat\u00ebs &#8220;RIDA&#8221;, nga Konja e Turqis\u00eb\">[&#8230;]<\/a><\/p>\n<\/div>","protected":false},"author":1,"featured_media":67,"comment_status":"closed","ping_status":"closed","sticky":false,"template":"","format":"standard","meta":{"footnotes":""},"categories":[2],"tags":[],"class_list":["post-66","post","type-post","status-publish","format-standard","has-post-thumbnail","hentry","category-vizitore"],"_links":{"self":[{"href":"https:\/\/myftinia-shkoder.org\/index.php?rest_route=\/wp\/v2\/posts\/66","targetHints":{"allow":["GET"]}}],"collection":[{"href":"https:\/\/myftinia-shkoder.org\/index.php?rest_route=\/wp\/v2\/posts"}],"about":[{"href":"https:\/\/myftinia-shkoder.org\/index.php?rest_route=\/wp\/v2\/types\/post"}],"author":[{"embeddable":true,"href":"https:\/\/myftinia-shkoder.org\/index.php?rest_route=\/wp\/v2\/users\/1"}],"replies":[{"embeddable":true,"href":"https:\/\/myftinia-shkoder.org\/index.php?rest_route=%2Fwp%2Fv2%2Fcomments&post=66"}],"version-history":[{"count":1,"href":"https:\/\/myftinia-shkoder.org\/index.php?rest_route=\/wp\/v2\/posts\/66\/revisions"}],"predecessor-version":[{"id":70,"href":"https:\/\/myftinia-shkoder.org\/index.php?rest_route=\/wp\/v2\/posts\/66\/revisions\/70"}],"wp:featuredmedia":[{"embeddable":true,"href":"https:\/\/myftinia-shkoder.org\/index.php?rest_route=\/wp\/v2\/media\/67"}],"wp:attachment":[{"href":"https:\/\/myftinia-shkoder.org\/index.php?rest_route=%2Fwp%2Fv2%2Fmedia&parent=66"}],"wp:term":[{"taxonomy":"category","embeddable":true,"href":"https:\/\/myftinia-shkoder.org\/index.php?rest_route=%2Fwp%2Fv2%2Fcategories&post=66"},{"taxonomy":"post_tag","embeddable":true,"href":"https:\/\/myftinia-shkoder.org\/index.php?rest_route=%2Fwp%2Fv2%2Ftags&post=66"}],"curies":[{"name":"wp","href":"https:\/\/api.w.org\/{rel}","templated":true}]}}