{"id":6705,"date":"2019-07-08T15:27:35","date_gmt":"2019-07-08T15:27:35","guid":{"rendered":"http:\/\/myftinia-shkoder.org\/?p=6705"},"modified":"2019-07-08T15:27:39","modified_gmt":"2019-07-08T15:27:39","slug":"myftiu-imameve-te-mos-biem-ne-batakun-e-provokimeve-primitive-islamofobe","status":"publish","type":"post","link":"https:\/\/myftinia-shkoder.org\/?p=6705","title":{"rendered":"Myftiu, imam\u00ebve: &#8220;T\u00eb mos biem n\u00eb batakun e provokimeve primitive islamofobe!&#8221;"},"content":{"rendered":"\n<p>Paradit\u00ebn e s\u00eb h\u00ebn\u00ebs, m\u00eb 8 korrik 2019, Myftiu i Shkodr\u00ebs, Imam&nbsp;<a href=\"https:\/\/www.facebook.com\/profile.php?id=100008293066207&amp;__tn__=%2CdK-R-R&amp;eid=ARAg5YEig4qWpGQawECrJx_irKu7cMQAklEBfhJ_X_cZ1E2hCLd5UyBAqx5isWcaxMhjEwXF9LEugznA&amp;fref=mentions\">Muhamed B. Sytari<\/a>, zhvilloi nj\u00eb takim pune me nj\u00eb grup imam\u00ebsh t\u00eb qytetit e fshatit.<\/p>\n\n\n\n<p>N\u00eb qend\u00ebr t\u00eb v\u00ebmendjes ishte situata aktuale, n\u00ebp\u00ebr t\u00eb cil\u00ebn kalon vendi dhe p\u00ebrpjekja e qarqeve t\u00eb caktuar p\u00ebr t\u00eb mbuluar katrahur\u00ebn ku \u00ebsht\u00eb zhytur vendi, me provokime banale me bosht islam, si cytjet e disave p\u00ebr t\u00eb provokuar debate shterp\u00eb rreth ezanit, hixhabit, \u00e7\u00ebshtjeve t\u00eb ndryshme islame, etj.<\/p>\n\n\n\n<p>Myftiu k\u00ebrkoi nga imam\u00ebt t\u00eb mos bien n\u00eb nivelin e ul\u00ebt t\u00eb k\u00ebtyre provokimeve islamofobe, q\u00eb duan t\u00eb largojn\u00eb v\u00ebmendjen e mas\u00ebs nga realiteti ku gjendet vendi, mjerisht.<\/p>\n\n\n\n<p>Myftiu lajm\u00ebroi edhe p\u00ebr incidentin e radh\u00ebs me zaptuesin e vak\u00ebfit n\u00eb Zogaj. Ai shprehu vullnetin e tij p\u00ebr ta \u00e7uar deri n\u00eb fund rrethimin e vak\u00ebfit dhe k\u00ebputjen e tentakulave t\u00eb s\u00eb keqes q\u00eb pengojn\u00eb zhvillimin e tij n\u00eb Zogaj dhe p\u00ebrtej saj!<\/p>\n\n\n\n<p>M\u00eb pas, u diskutua edhe p\u00ebr disa \u00e7\u00ebshtje q\u00eb lidhen me aktivitetin e brendsh\u00ebm t\u00eb xhamive dhe Myftinis\u00eb Shkod\u00ebr, inaugurimin e xhamis\u00eb n\u00eb lagjen Dra\u00e7in, vazhdimin e punimeve p\u00ebr xhamit\u00eb e reja n\u00eb Kiras e Shirq, angazhimin p\u00ebr projektin e xhamis\u00eb s\u00eb re n\u00eb Rus, interesimin p\u00ebr gjetjen e nj\u00eb hap\u00ebsire p\u00ebr xhamin\u00eb e munguar n\u00eb Dobra\u00e7, si dhe shfryt\u00ebzimin e disa vak\u00ebfeve n\u00eb Shkod\u00ebr.<\/p>\n\n\n\n<ul class=\"wp-block-gallery columns-4 is-cropped wp-block-gallery-1 is-layout-flex wp-block-gallery-is-layout-flex\"><li class=\"blocks-gallery-item\"><figure><img loading=\"lazy\" decoding=\"async\" width=\"960\" height=\"720\" src=\"https:\/\/myftinia-shkoder.org\/wp-content\/uploads\/2019\/07\/Myftiu_me_imamet_8korrik2019-4.jpg\" alt=\"\" data-id=\"6709\" data-link=\"https:\/\/myftinia-shkoder.org\/?attachment_id=6709\" class=\"wp-image-6709\" srcset=\"https:\/\/myftinia-shkoder.org\/wp-content\/uploads\/2019\/07\/Myftiu_me_imamet_8korrik2019-4.jpg 960w, https:\/\/myftinia-shkoder.org\/wp-content\/uploads\/2019\/07\/Myftiu_me_imamet_8korrik2019-4-300x225.jpg 300w, https:\/\/myftinia-shkoder.org\/wp-content\/uploads\/2019\/07\/Myftiu_me_imamet_8korrik2019-4-768x576.jpg 768w, https:\/\/myftinia-shkoder.org\/wp-content\/uploads\/2019\/07\/Myftiu_me_imamet_8korrik2019-4-678x509.jpg 678w, https:\/\/myftinia-shkoder.org\/wp-content\/uploads\/2019\/07\/Myftiu_me_imamet_8korrik2019-4-326x245.jpg 326w, https:\/\/myftinia-shkoder.org\/wp-content\/uploads\/2019\/07\/Myftiu_me_imamet_8korrik2019-4-80x60.jpg 80w\" sizes=\"auto, (max-width: 960px) 100vw, 960px\" \/><\/figure><\/li><li class=\"blocks-gallery-item\"><figure><img loading=\"lazy\" decoding=\"async\" width=\"960\" height=\"720\" src=\"https:\/\/myftinia-shkoder.org\/wp-content\/uploads\/2019\/07\/Myftiu_me_imamet_8korrik2019-3.jpg\" alt=\"\" data-id=\"6708\" data-link=\"https:\/\/myftinia-shkoder.org\/?attachment_id=6708\" class=\"wp-image-6708\" srcset=\"https:\/\/myftinia-shkoder.org\/wp-content\/uploads\/2019\/07\/Myftiu_me_imamet_8korrik2019-3.jpg 960w, https:\/\/myftinia-shkoder.org\/wp-content\/uploads\/2019\/07\/Myftiu_me_imamet_8korrik2019-3-300x225.jpg 300w, https:\/\/myftinia-shkoder.org\/wp-content\/uploads\/2019\/07\/Myftiu_me_imamet_8korrik2019-3-768x576.jpg 768w, https:\/\/myftinia-shkoder.org\/wp-content\/uploads\/2019\/07\/Myftiu_me_imamet_8korrik2019-3-678x509.jpg 678w, https:\/\/myftinia-shkoder.org\/wp-content\/uploads\/2019\/07\/Myftiu_me_imamet_8korrik2019-3-326x245.jpg 326w, https:\/\/myftinia-shkoder.org\/wp-content\/uploads\/2019\/07\/Myftiu_me_imamet_8korrik2019-3-80x60.jpg 80w\" sizes=\"auto, (max-width: 960px) 100vw, 960px\" \/><\/figure><\/li><li class=\"blocks-gallery-item\"><figure><img loading=\"lazy\" decoding=\"async\" width=\"960\" height=\"720\" src=\"https:\/\/myftinia-shkoder.org\/wp-content\/uploads\/2019\/07\/Myftiu_me_imamet_8korrik2019-2.jpg\" alt=\"\" data-id=\"6707\" data-link=\"https:\/\/myftinia-shkoder.org\/?attachment_id=6707\" class=\"wp-image-6707\" srcset=\"https:\/\/myftinia-shkoder.org\/wp-content\/uploads\/2019\/07\/Myftiu_me_imamet_8korrik2019-2.jpg 960w, https:\/\/myftinia-shkoder.org\/wp-content\/uploads\/2019\/07\/Myftiu_me_imamet_8korrik2019-2-300x225.jpg 300w, https:\/\/myftinia-shkoder.org\/wp-content\/uploads\/2019\/07\/Myftiu_me_imamet_8korrik2019-2-768x576.jpg 768w, https:\/\/myftinia-shkoder.org\/wp-content\/uploads\/2019\/07\/Myftiu_me_imamet_8korrik2019-2-678x509.jpg 678w, https:\/\/myftinia-shkoder.org\/wp-content\/uploads\/2019\/07\/Myftiu_me_imamet_8korrik2019-2-326x245.jpg 326w, https:\/\/myftinia-shkoder.org\/wp-content\/uploads\/2019\/07\/Myftiu_me_imamet_8korrik2019-2-80x60.jpg 80w\" sizes=\"auto, (max-width: 960px) 100vw, 960px\" \/><\/figure><\/li><li class=\"blocks-gallery-item\"><figure><img loading=\"lazy\" decoding=\"async\" width=\"960\" height=\"720\" src=\"https:\/\/myftinia-shkoder.org\/wp-content\/uploads\/2019\/07\/Myftiu_me_imamet_8korrik2019-1.jpg\" alt=\"\" data-id=\"6706\" data-link=\"https:\/\/myftinia-shkoder.org\/?attachment_id=6706\" class=\"wp-image-6706\" srcset=\"https:\/\/myftinia-shkoder.org\/wp-content\/uploads\/2019\/07\/Myftiu_me_imamet_8korrik2019-1.jpg 960w, https:\/\/myftinia-shkoder.org\/wp-content\/uploads\/2019\/07\/Myftiu_me_imamet_8korrik2019-1-300x225.jpg 300w, https:\/\/myftinia-shkoder.org\/wp-content\/uploads\/2019\/07\/Myftiu_me_imamet_8korrik2019-1-768x576.jpg 768w, https:\/\/myftinia-shkoder.org\/wp-content\/uploads\/2019\/07\/Myftiu_me_imamet_8korrik2019-1-678x509.jpg 678w, https:\/\/myftinia-shkoder.org\/wp-content\/uploads\/2019\/07\/Myftiu_me_imamet_8korrik2019-1-326x245.jpg 326w, https:\/\/myftinia-shkoder.org\/wp-content\/uploads\/2019\/07\/Myftiu_me_imamet_8korrik2019-1-80x60.jpg 80w\" sizes=\"auto, (max-width: 960px) 100vw, 960px\" \/><\/figure><\/li><\/ul>\n","protected":false},"excerpt":{"rendered":"<div class=\"mh-excerpt\"><p>Paradit\u00ebn e s\u00eb h\u00ebn\u00ebs, m\u00eb 8 korrik 2019, Myftiu i Shkodr\u00ebs, Imam&nbsp;Muhamed B. Sytari, zhvilloi nj\u00eb takim pune me nj\u00eb grup imam\u00ebsh t\u00eb qytetit e fshatit. N\u00eb qend\u00ebr t\u00eb v\u00ebmendjes ishte situata aktuale, n\u00ebp\u00ebr t\u00eb <a class=\"mh-excerpt-more\" href=\"https:\/\/myftinia-shkoder.org\/?p=6705\" title=\"Myftiu, imam\u00ebve: &#8220;T\u00eb mos biem n\u00eb batakun e provokimeve primitive islamofobe!&#8221;\">[&#8230;]<\/a><\/p>\n<\/div>","protected":false},"author":1,"featured_media":6707,"comment_status":"closed","ping_status":"closed","sticky":false,"template":"","format":"standard","meta":{"footnotes":""},"categories":[13],"tags":[],"class_list":["post-6705","post","type-post","status-publish","format-standard","has-post-thumbnail","hentry","category-aktualitet"],"_links":{"self":[{"href":"https:\/\/myftinia-shkoder.org\/index.php?rest_route=\/wp\/v2\/posts\/6705","targetHints":{"allow":["GET"]}}],"collection":[{"href":"https:\/\/myftinia-shkoder.org\/index.php?rest_route=\/wp\/v2\/posts"}],"about":[{"href":"https:\/\/myftinia-shkoder.org\/index.php?rest_route=\/wp\/v2\/types\/post"}],"author":[{"embeddable":true,"href":"https:\/\/myftinia-shkoder.org\/index.php?rest_route=\/wp\/v2\/users\/1"}],"replies":[{"embeddable":true,"href":"https:\/\/myftinia-shkoder.org\/index.php?rest_route=%2Fwp%2Fv2%2Fcomments&post=6705"}],"version-history":[{"count":1,"href":"https:\/\/myftinia-shkoder.org\/index.php?rest_route=\/wp\/v2\/posts\/6705\/revisions"}],"predecessor-version":[{"id":6710,"href":"https:\/\/myftinia-shkoder.org\/index.php?rest_route=\/wp\/v2\/posts\/6705\/revisions\/6710"}],"wp:featuredmedia":[{"embeddable":true,"href":"https:\/\/myftinia-shkoder.org\/index.php?rest_route=\/wp\/v2\/media\/6707"}],"wp:attachment":[{"href":"https:\/\/myftinia-shkoder.org\/index.php?rest_route=%2Fwp%2Fv2%2Fmedia&parent=6705"}],"wp:term":[{"taxonomy":"category","embeddable":true,"href":"https:\/\/myftinia-shkoder.org\/index.php?rest_route=%2Fwp%2Fv2%2Fcategories&post=6705"},{"taxonomy":"post_tag","embeddable":true,"href":"https:\/\/myftinia-shkoder.org\/index.php?rest_route=%2Fwp%2Fv2%2Ftags&post=6705"}],"curies":[{"name":"wp","href":"https:\/\/api.w.org\/{rel}","templated":true}]}}