{"id":7250,"date":"2019-10-13T05:34:30","date_gmt":"2019-10-13T05:34:30","guid":{"rendered":"http:\/\/myftinia-shkoder.org\/?p=7250"},"modified":"2019-10-13T05:35:12","modified_gmt":"2019-10-13T05:35:12","slug":"nis-punimet-konferenca-nderkombetare-edukimi-joformal-islam-ne-gjuhen-shqipe","status":"publish","type":"post","link":"https:\/\/myftinia-shkoder.org\/?p=7250","title":{"rendered":"Nis punimet Konferenca Nd\u00ebrkomb\u00ebtare: \u201cEdukimi joformal islam n\u00eb gjuh\u00ebn shqipe\u201d"},"content":{"rendered":"\n<h2 class=\"itemTitle wp-block-heading\"><\/h2>\n\n\n\n<p>Podgoric\u00eb, 12-13.10.2019<\/p>\n\n\n\n<p>Ka nisur punimet Konferenca Nd\u00ebrkomb\u00ebtare me tem\u00eb: \u201cEdukimi joformal islam n\u00eb gjuh\u00ebn shqipe\u201d, organizuar nga Instituti Shqiptar i Mendimit dhe i Qytet\u00ebrimit Islam, n\u00eb bashk\u00ebpunim me Institutin Nd\u00ebrkomb\u00ebtar t\u00eb Mendimit Islam. Q\u00ebllimi i saj \u00ebsht\u00eb konsolidimi i infrastruktur\u00ebs dhe kurrikulave t\u00eb nevojshme p\u00ebr arsimimin islam t\u00eb brezave t\u00eb rinj. Konferenca mbahet n\u00eb Podgoric\u00eb t\u00eb Malit t\u00eb Zi, n\u00eb datat 12-13 tetor, dhe n\u00eb t\u00eb do t\u00eb referojn\u00eb 25, akademik\u00eb, profesor\u00eb universitetesh e medresesh, apo intelektual\u00eb q\u00eb kan\u00eb kontribute t\u00eb njohura n\u00eb fush\u00ebn e arsimit islam.<\/p>\n\n\n\n<p>Konferenca u hap me fjal\u00ebt p\u00ebrsh\u00ebndet\u00ebse nga Rifat Fejzi\u00e7, Reis i Bashk\u00ebsis\u00eb Islame t\u00eb Malit t\u00eb Zi; Dr. Ardian Muhaj, Drejtor i AIITC dhe Prof. Dr. Ahmet Aliba\u0161i\u0107, Drejtor i Qendr\u00ebs p\u00ebr Studime t\u00eb Avancuara, Sarajev\u00eb. \u201cKoordinimi i m\u00ebsimit islam joformal me m\u00ebsimet n\u00eb shkollat publike\u201d ishte tema e referatit kryesor mbajtur nga Prof. As. Dr. Ramiz Zekaj, Drejtor i Institutit t\u00eb Edukimit, Trash\u00ebgimis\u00eb dhe Turizmit, Tiran\u00eb. Fillimisht, ai b\u00ebri nj\u00eb qasje krahasuese p\u00ebr rrug\u00ebtimin e m\u00ebsim-besimit n\u00eb dy sisteme, gjat\u00eb diktatur\u00ebs dhe n\u00eb dit\u00ebt e sotme. Duke i m\u00ebshuar interesit n\u00eb rritje p\u00ebr edukimin me parimet islame t\u00eb brezit t\u00eb ri, ai propozoi krijimin e shkollave fetare alternative, t\u00eb ndara n\u00eb 4 cikle, ku f\u00ebmij\u00ebve do t&#8217;u ofrohen dije rreth Islamit, sipas moshave dhe stadit t\u00eb zhvillimit.<\/p>\n\n\n\n<p>Me interes ishte edhe ligj\u00ebrata e Myftiut t\u00eb Shkodr\u00ebs, Imam Muhamed Sytarit, i cili vuri theksin n\u00eb ndikimin e hytbes dhe vasit, si mediume t\u00eb edukimit islam n\u00eb rajonin e Shkodr\u00ebs. Referuesit shk\u00ebmbyen eksperiencat n\u00eb fush\u00ebn e arsimit joformal islam n\u00eb gjuh\u00ebn shqipe dhe sfidat me t\u00eb cilat ata p\u00ebrballen \u00e7do dit\u00eb gjat\u00eb m\u00ebsimdh\u00ebnies.<\/p>\n\n\n\n<p>Emra t\u00eb tjer\u00eb t\u00eb njohur, si Prof. Dr. Naser Ramadani, Dr. Valon Myrta, Hafiz Safet Hoxha, Prof. Dr. Shaban Sulejmani, Doc. Dr. Ziber Lata, Omer Kajoshaj, Mr. Vaxhide Bunjaku, Mr. Muzaqete Kosumi, Prof. As. Dr. Fahrush Rexhepi, Asoc. Prof. Dr. Muhamed Ali etj., ishin pjes\u00eb e dit\u00ebs s\u00eb par\u00eb t\u00eb Konferenc\u00ebs Nd\u00ebrkomb\u00ebtare me punimet e tyre cil\u00ebsore dhe shum\u00eb t\u00eb thelluara. Ligj\u00ebratat dhe diskutimet do t\u00eb vazhdojn\u00eb edhe n\u00eb dat\u00ebn 13 tetor, ku n\u00eb fund t\u00eb konferenc\u00ebs do t\u00eb dilet me p\u00ebrfundimet dhe sugjerimet p\u00ebrkat\u00ebse.<\/p>\n\n\n\n<p>(www.aiitc.net)<\/p>\n\n\n\n<figure class=\"wp-block-image\"><img loading=\"lazy\" decoding=\"async\" width=\"1280\" height=\"960\" src=\"https:\/\/myftinia-shkoder.org\/wp-content\/uploads\/2019\/10\/7c73d209-2a43-466e-9741-15d0caf507b0-2.jpg\" alt=\"\" class=\"wp-image-7247\" srcset=\"https:\/\/myftinia-shkoder.org\/wp-content\/uploads\/2019\/10\/7c73d209-2a43-466e-9741-15d0caf507b0-2.jpg 1280w, https:\/\/myftinia-shkoder.org\/wp-content\/uploads\/2019\/10\/7c73d209-2a43-466e-9741-15d0caf507b0-2-300x225.jpg 300w, https:\/\/myftinia-shkoder.org\/wp-content\/uploads\/2019\/10\/7c73d209-2a43-466e-9741-15d0caf507b0-2-768x576.jpg 768w, https:\/\/myftinia-shkoder.org\/wp-content\/uploads\/2019\/10\/7c73d209-2a43-466e-9741-15d0caf507b0-2-1024x768.jpg 1024w, https:\/\/myftinia-shkoder.org\/wp-content\/uploads\/2019\/10\/7c73d209-2a43-466e-9741-15d0caf507b0-2-678x509.jpg 678w, https:\/\/myftinia-shkoder.org\/wp-content\/uploads\/2019\/10\/7c73d209-2a43-466e-9741-15d0caf507b0-2-326x245.jpg 326w, https:\/\/myftinia-shkoder.org\/wp-content\/uploads\/2019\/10\/7c73d209-2a43-466e-9741-15d0caf507b0-2-80x60.jpg 80w\" sizes=\"auto, (max-width: 1280px) 100vw, 1280px\" \/><\/figure>\n\n\n\n<figure class=\"wp-block-image\"><img loading=\"lazy\" decoding=\"async\" width=\"1280\" height=\"960\" src=\"https:\/\/myftinia-shkoder.org\/wp-content\/uploads\/2019\/10\/561854c6-335e-42cb-8077-a80e8cc0e4b9.jpg\" alt=\"\" class=\"wp-image-7248\" srcset=\"https:\/\/myftinia-shkoder.org\/wp-content\/uploads\/2019\/10\/561854c6-335e-42cb-8077-a80e8cc0e4b9.jpg 1280w, https:\/\/myftinia-shkoder.org\/wp-content\/uploads\/2019\/10\/561854c6-335e-42cb-8077-a80e8cc0e4b9-300x225.jpg 300w, https:\/\/myftinia-shkoder.org\/wp-content\/uploads\/2019\/10\/561854c6-335e-42cb-8077-a80e8cc0e4b9-768x576.jpg 768w, https:\/\/myftinia-shkoder.org\/wp-content\/uploads\/2019\/10\/561854c6-335e-42cb-8077-a80e8cc0e4b9-1024x768.jpg 1024w, https:\/\/myftinia-shkoder.org\/wp-content\/uploads\/2019\/10\/561854c6-335e-42cb-8077-a80e8cc0e4b9-678x509.jpg 678w, https:\/\/myftinia-shkoder.org\/wp-content\/uploads\/2019\/10\/561854c6-335e-42cb-8077-a80e8cc0e4b9-326x245.jpg 326w, https:\/\/myftinia-shkoder.org\/wp-content\/uploads\/2019\/10\/561854c6-335e-42cb-8077-a80e8cc0e4b9-80x60.jpg 80w\" sizes=\"auto, (max-width: 1280px) 100vw, 1280px\" \/><\/figure>\n","protected":false},"excerpt":{"rendered":"<div class=\"mh-excerpt\"><p>Podgoric\u00eb, 12-13.10.2019 Ka nisur punimet Konferenca Nd\u00ebrkomb\u00ebtare me tem\u00eb: \u201cEdukimi joformal islam n\u00eb gjuh\u00ebn shqipe\u201d, organizuar nga Instituti Shqiptar i Mendimit dhe i Qytet\u00ebrimit Islam, n\u00eb bashk\u00ebpunim me Institutin Nd\u00ebrkomb\u00ebtar t\u00eb Mendimit Islam. Q\u00ebllimi i <a class=\"mh-excerpt-more\" href=\"https:\/\/myftinia-shkoder.org\/?p=7250\" title=\"Nis punimet Konferenca Nd\u00ebrkomb\u00ebtare: \u201cEdukimi joformal islam n\u00eb gjuh\u00ebn shqipe\u201d\">[&#8230;]<\/a><\/p>\n<\/div>","protected":false},"author":1,"featured_media":7246,"comment_status":"closed","ping_status":"closed","sticky":false,"template":"","format":"standard","meta":{"footnotes":""},"categories":[16],"tags":[],"class_list":["post-7250","post","type-post","status-publish","format-standard","has-post-thumbnail","hentry","category-bota-islame"],"_links":{"self":[{"href":"https:\/\/myftinia-shkoder.org\/index.php?rest_route=\/wp\/v2\/posts\/7250","targetHints":{"allow":["GET"]}}],"collection":[{"href":"https:\/\/myftinia-shkoder.org\/index.php?rest_route=\/wp\/v2\/posts"}],"about":[{"href":"https:\/\/myftinia-shkoder.org\/index.php?rest_route=\/wp\/v2\/types\/post"}],"author":[{"embeddable":true,"href":"https:\/\/myftinia-shkoder.org\/index.php?rest_route=\/wp\/v2\/users\/1"}],"replies":[{"embeddable":true,"href":"https:\/\/myftinia-shkoder.org\/index.php?rest_route=%2Fwp%2Fv2%2Fcomments&post=7250"}],"version-history":[{"count":2,"href":"https:\/\/myftinia-shkoder.org\/index.php?rest_route=\/wp\/v2\/posts\/7250\/revisions"}],"predecessor-version":[{"id":7252,"href":"https:\/\/myftinia-shkoder.org\/index.php?rest_route=\/wp\/v2\/posts\/7250\/revisions\/7252"}],"wp:featuredmedia":[{"embeddable":true,"href":"https:\/\/myftinia-shkoder.org\/index.php?rest_route=\/wp\/v2\/media\/7246"}],"wp:attachment":[{"href":"https:\/\/myftinia-shkoder.org\/index.php?rest_route=%2Fwp%2Fv2%2Fmedia&parent=7250"}],"wp:term":[{"taxonomy":"category","embeddable":true,"href":"https:\/\/myftinia-shkoder.org\/index.php?rest_route=%2Fwp%2Fv2%2Fcategories&post=7250"},{"taxonomy":"post_tag","embeddable":true,"href":"https:\/\/myftinia-shkoder.org\/index.php?rest_route=%2Fwp%2Fv2%2Ftags&post=7250"}],"curies":[{"name":"wp","href":"https:\/\/api.w.org\/{rel}","templated":true}]}}