{"id":7382,"date":"2019-11-06T14:33:06","date_gmt":"2019-11-06T14:33:06","guid":{"rendered":"http:\/\/myftinia-shkoder.org\/?p=7382"},"modified":"2019-11-06T14:33:11","modified_gmt":"2019-11-06T14:33:11","slug":"myftiu-takoi-imamet-ne-atmosferen-e-mevludit-sherife","status":"publish","type":"post","link":"https:\/\/myftinia-shkoder.org\/?p=7382","title":{"rendered":"Myftiu takoi imam\u00ebt n\u00eb atmosfer\u00ebn e Mevludit Sherif\u00eb"},"content":{"rendered":"\n<p>Paradit\u00ebn e s\u00eb m\u00ebrkur\u00ebs, m\u00eb 6 n\u00ebntor 2019, Myftiu i Shkodr\u00ebs, Imam\u00a0<a href=\"https:\/\/www.facebook.com\/profile.php?id=100008293066207&amp;__tn__=%2CdK-R-R&amp;eid=ARB9_w72jDDZG5jHn1yQD5k-AZgiCd2PGC5SD3JG4_Dmio88-grd14wH2FXbyd8xVXViDXhUV0v3L_-C&amp;fref=mentions\">Muhamed B. Sytari<\/a>, takoi imam\u00ebt e Shkodr\u00ebs n\u00eb mbledhjen e tyre t\u00eb radh\u00ebs, q\u00eb p\u00ebrkon edhe me atmosfer\u00ebn e muajit Rebiul-evvel, n\u00eb t\u00eb cilin mbar\u00eb bota islame e p\u00ebrkujton dit\u00ebn e Lindjes s\u00eb Begat\u00eb t\u00eb M\u00ebshir\u00ebs s\u00eb dhuruar p\u00ebr gjith\u00ebsin\u00eb, Hz. Muhammedin (a.s.).<\/p>\n\n\n\n<p>Gjat\u00eb takimit u dhan\u00eb disa udh\u00ebzime, q\u00eb lidhen me aktivitetin dhe gjall\u00ebrimin e xhamis\u00eb, sidomos m\u00eb koh\u00ebt e sfidave t\u00eb m\u00ebdha, sh\u00ebrimi i t\u00eb cilave gjendet i garantuar n\u00eb fjal\u00ebt dhe shembullin e Hz. Muhammedit (a.s.).<\/p>\n\n\n\n<p>Myftiu udh\u00ebzoi q\u00eb hytbeja e xhumas\u00eb s\u00eb dat\u00ebs 8 n\u00ebntor 2019 t\u00eb jet\u00eb unike n\u00eb t\u00eb gjitha xhamit\u00eb e Shkodr\u00ebs, kushtuar shembullit t\u00eb p\u00ebrsosur t\u00eb Hz. Muhammedit (a.s.) dhe d\u00ebrges\u00ebs s\u00eb tij m\u00ebshir\u00eb p\u00ebr bot\u00ebt.<\/p>\n\n\n\n<p>U diskutua edhe aktiviteti i xhamive n\u00eb fshat, rrug\u00ebt p\u00ebr afrimin e m\u00ebtejsh\u00ebm t\u00eb rinis\u00eb dhe shtimin e takimeve me dobi p\u00ebr brezin e ri.<\/p>\n\n\n\n<p>U lajm\u00ebrua edhe fillimi i ciklit 9 javor t\u00eb hytbeve q\u00eb do t\u00eb mbahen nga H. Bashkim Bajraktari, n\u00eb disa xhami t\u00eb qytetit dhe fshatit, sipas nj\u00eb programi t\u00eb p\u00ebrgatitur nga Myftinia Shkod\u00ebr.<\/p>\n\n\n\n<figure class=\"wp-block-gallery columns-3 is-cropped wp-block-gallery-1 is-layout-flex wp-block-gallery-is-layout-flex\"><ul class=\"blocks-gallery-grid\"><li class=\"blocks-gallery-item\"><figure><img loading=\"lazy\" decoding=\"async\" width=\"960\" height=\"639\" src=\"https:\/\/myftinia-shkoder.org\/wp-content\/uploads\/2019\/11\/imamet_6nentor2019-7.jpg\" alt=\"\" data-id=\"7388\" data-full-url=\"https:\/\/myftinia-shkoder.org\/wp-content\/uploads\/2019\/11\/imamet_6nentor2019-7.jpg\" data-link=\"https:\/\/myftinia-shkoder.org\/?attachment_id=7388\" class=\"wp-image-7388\" srcset=\"https:\/\/myftinia-shkoder.org\/wp-content\/uploads\/2019\/11\/imamet_6nentor2019-7.jpg 960w, https:\/\/myftinia-shkoder.org\/wp-content\/uploads\/2019\/11\/imamet_6nentor2019-7-300x200.jpg 300w, https:\/\/myftinia-shkoder.org\/wp-content\/uploads\/2019\/11\/imamet_6nentor2019-7-768x511.jpg 768w\" sizes=\"auto, (max-width: 960px) 100vw, 960px\" \/><\/figure><\/li><li class=\"blocks-gallery-item\"><figure><img loading=\"lazy\" decoding=\"async\" width=\"960\" height=\"639\" src=\"https:\/\/myftinia-shkoder.org\/wp-content\/uploads\/2019\/11\/imamet_6nentor2019-6.jpg\" alt=\"\" data-id=\"7387\" data-full-url=\"https:\/\/myftinia-shkoder.org\/wp-content\/uploads\/2019\/11\/imamet_6nentor2019-6.jpg\" data-link=\"https:\/\/myftinia-shkoder.org\/?attachment_id=7387\" class=\"wp-image-7387\" srcset=\"https:\/\/myftinia-shkoder.org\/wp-content\/uploads\/2019\/11\/imamet_6nentor2019-6.jpg 960w, https:\/\/myftinia-shkoder.org\/wp-content\/uploads\/2019\/11\/imamet_6nentor2019-6-300x200.jpg 300w, https:\/\/myftinia-shkoder.org\/wp-content\/uploads\/2019\/11\/imamet_6nentor2019-6-768x511.jpg 768w\" sizes=\"auto, (max-width: 960px) 100vw, 960px\" \/><\/figure><\/li><li class=\"blocks-gallery-item\"><figure><img loading=\"lazy\" decoding=\"async\" width=\"960\" height=\"639\" src=\"https:\/\/myftinia-shkoder.org\/wp-content\/uploads\/2019\/11\/imamet_6nentor2019-5.jpg\" alt=\"\" data-id=\"7386\" data-full-url=\"https:\/\/myftinia-shkoder.org\/wp-content\/uploads\/2019\/11\/imamet_6nentor2019-5.jpg\" data-link=\"https:\/\/myftinia-shkoder.org\/?attachment_id=7386\" class=\"wp-image-7386\" srcset=\"https:\/\/myftinia-shkoder.org\/wp-content\/uploads\/2019\/11\/imamet_6nentor2019-5.jpg 960w, https:\/\/myftinia-shkoder.org\/wp-content\/uploads\/2019\/11\/imamet_6nentor2019-5-300x200.jpg 300w, https:\/\/myftinia-shkoder.org\/wp-content\/uploads\/2019\/11\/imamet_6nentor2019-5-768x511.jpg 768w\" sizes=\"auto, (max-width: 960px) 100vw, 960px\" \/><\/figure><\/li><li class=\"blocks-gallery-item\"><figure><img loading=\"lazy\" decoding=\"async\" width=\"960\" height=\"639\" src=\"https:\/\/myftinia-shkoder.org\/wp-content\/uploads\/2019\/11\/imamet_6nentor2019-4.jpg\" alt=\"\" data-id=\"7385\" data-full-url=\"https:\/\/myftinia-shkoder.org\/wp-content\/uploads\/2019\/11\/imamet_6nentor2019-4.jpg\" data-link=\"https:\/\/myftinia-shkoder.org\/?attachment_id=7385\" class=\"wp-image-7385\" srcset=\"https:\/\/myftinia-shkoder.org\/wp-content\/uploads\/2019\/11\/imamet_6nentor2019-4.jpg 960w, https:\/\/myftinia-shkoder.org\/wp-content\/uploads\/2019\/11\/imamet_6nentor2019-4-300x200.jpg 300w, https:\/\/myftinia-shkoder.org\/wp-content\/uploads\/2019\/11\/imamet_6nentor2019-4-768x511.jpg 768w\" sizes=\"auto, (max-width: 960px) 100vw, 960px\" \/><\/figure><\/li><li class=\"blocks-gallery-item\"><figure><img loading=\"lazy\" decoding=\"async\" width=\"960\" height=\"639\" src=\"https:\/\/myftinia-shkoder.org\/wp-content\/uploads\/2019\/11\/imamet_6nentor2019-3.jpg\" alt=\"\" data-id=\"7384\" data-full-url=\"https:\/\/myftinia-shkoder.org\/wp-content\/uploads\/2019\/11\/imamet_6nentor2019-3.jpg\" data-link=\"https:\/\/myftinia-shkoder.org\/?attachment_id=7384\" class=\"wp-image-7384\" srcset=\"https:\/\/myftinia-shkoder.org\/wp-content\/uploads\/2019\/11\/imamet_6nentor2019-3.jpg 960w, https:\/\/myftinia-shkoder.org\/wp-content\/uploads\/2019\/11\/imamet_6nentor2019-3-300x200.jpg 300w, https:\/\/myftinia-shkoder.org\/wp-content\/uploads\/2019\/11\/imamet_6nentor2019-3-768x511.jpg 768w\" sizes=\"auto, (max-width: 960px) 100vw, 960px\" \/><\/figure><\/li><li class=\"blocks-gallery-item\"><figure><img loading=\"lazy\" decoding=\"async\" width=\"960\" height=\"639\" src=\"https:\/\/myftinia-shkoder.org\/wp-content\/uploads\/2019\/11\/imamet_6nentor2019-2.jpg\" alt=\"\" data-id=\"7383\" data-full-url=\"https:\/\/myftinia-shkoder.org\/wp-content\/uploads\/2019\/11\/imamet_6nentor2019-2.jpg\" data-link=\"https:\/\/myftinia-shkoder.org\/?attachment_id=7383\" class=\"wp-image-7383\" srcset=\"https:\/\/myftinia-shkoder.org\/wp-content\/uploads\/2019\/11\/imamet_6nentor2019-2.jpg 960w, https:\/\/myftinia-shkoder.org\/wp-content\/uploads\/2019\/11\/imamet_6nentor2019-2-300x200.jpg 300w, https:\/\/myftinia-shkoder.org\/wp-content\/uploads\/2019\/11\/imamet_6nentor2019-2-768x511.jpg 768w\" sizes=\"auto, (max-width: 960px) 100vw, 960px\" \/><\/figure><\/li><\/ul><\/figure>\n","protected":false},"excerpt":{"rendered":"<div class=\"mh-excerpt\"><p>Paradit\u00ebn e s\u00eb m\u00ebrkur\u00ebs, m\u00eb 6 n\u00ebntor 2019, Myftiu i Shkodr\u00ebs, Imam\u00a0Muhamed B. Sytari, takoi imam\u00ebt e Shkodr\u00ebs n\u00eb mbledhjen e tyre t\u00eb radh\u00ebs, q\u00eb p\u00ebrkon edhe me atmosfer\u00ebn e muajit Rebiul-evvel, n\u00eb t\u00eb cilin <a class=\"mh-excerpt-more\" href=\"https:\/\/myftinia-shkoder.org\/?p=7382\" title=\"Myftiu takoi imam\u00ebt n\u00eb atmosfer\u00ebn e Mevludit Sherif\u00eb\">[&#8230;]<\/a><\/p>\n<\/div>","protected":false},"author":1,"featured_media":7383,"comment_status":"closed","ping_status":"closed","sticky":false,"template":"","format":"standard","meta":{"footnotes":""},"categories":[13],"tags":[],"class_list":["post-7382","post","type-post","status-publish","format-standard","has-post-thumbnail","hentry","category-aktualitet"],"_links":{"self":[{"href":"https:\/\/myftinia-shkoder.org\/index.php?rest_route=\/wp\/v2\/posts\/7382","targetHints":{"allow":["GET"]}}],"collection":[{"href":"https:\/\/myftinia-shkoder.org\/index.php?rest_route=\/wp\/v2\/posts"}],"about":[{"href":"https:\/\/myftinia-shkoder.org\/index.php?rest_route=\/wp\/v2\/types\/post"}],"author":[{"embeddable":true,"href":"https:\/\/myftinia-shkoder.org\/index.php?rest_route=\/wp\/v2\/users\/1"}],"replies":[{"embeddable":true,"href":"https:\/\/myftinia-shkoder.org\/index.php?rest_route=%2Fwp%2Fv2%2Fcomments&post=7382"}],"version-history":[{"count":1,"href":"https:\/\/myftinia-shkoder.org\/index.php?rest_route=\/wp\/v2\/posts\/7382\/revisions"}],"predecessor-version":[{"id":7390,"href":"https:\/\/myftinia-shkoder.org\/index.php?rest_route=\/wp\/v2\/posts\/7382\/revisions\/7390"}],"wp:featuredmedia":[{"embeddable":true,"href":"https:\/\/myftinia-shkoder.org\/index.php?rest_route=\/wp\/v2\/media\/7383"}],"wp:attachment":[{"href":"https:\/\/myftinia-shkoder.org\/index.php?rest_route=%2Fwp%2Fv2%2Fmedia&parent=7382"}],"wp:term":[{"taxonomy":"category","embeddable":true,"href":"https:\/\/myftinia-shkoder.org\/index.php?rest_route=%2Fwp%2Fv2%2Fcategories&post=7382"},{"taxonomy":"post_tag","embeddable":true,"href":"https:\/\/myftinia-shkoder.org\/index.php?rest_route=%2Fwp%2Fv2%2Ftags&post=7382"}],"curies":[{"name":"wp","href":"https:\/\/api.w.org\/{rel}","templated":true}]}}