{"id":7530,"date":"2019-11-29T15:29:24","date_gmt":"2019-11-29T15:29:24","guid":{"rendered":"http:\/\/myftinia-shkoder.org\/?p=7530"},"modified":"2019-11-30T05:31:01","modified_gmt":"2019-11-30T05:31:01","slug":"myftiu-koha-per-te-reflektuar-rreth-meshires-se-zotit-per-ne","status":"publish","type":"post","link":"https:\/\/myftinia-shkoder.org\/?p=7530","title":{"rendered":"Myftiu: &#8220;Koha p\u00ebr t\u00eb reflektuar rreth m\u00ebshir\u00ebs s\u00eb Zotit p\u00ebr ne!&#8221;"},"content":{"rendered":"<p style=\"text-align: justify;\">N\u00ebp\u00ebrmjet minberit t\u00eb xhamis\u00eb s\u00eb Parruc\u00ebs, Myftiu i Shkodr\u00ebs, Imam Muhamed B. Sytari, drejtoi disa mesazhe, q\u00eb vijn\u00eb si reflektime rreth situat\u00ebs s\u00eb v\u00ebshtir\u00eb t\u00eb termeteve t\u00eb dit\u00ebve t\u00eb fundit n\u00eb vendin ton\u00eb.<\/p>\n<div class=\"text_exposed_show\">\n<p style=\"text-align: justify;\">Fillimisht Myftiu shprehu ngush\u00ebllimet e tij p\u00ebr krejt kombin shqiptar, p\u00ebr humbjen e jet\u00ebve t\u00eb v\u00ebllez\u00ebrve dhe motrave, q\u00eb u larguan nga kjo jet\u00eb, si pasoj\u00eb e t\u00ebrmeteve q\u00eb ran\u00eb k\u00ebto dit\u00eb.<\/p>\n<p style=\"text-align: justify;\">Myftiu ftoi besimtar\u00ebt p\u00ebr t\u00eb reflektuar rreth m\u00ebshir\u00ebs s\u00eb All-llahut p\u00ebr krijesat e Tij, m\u00ebshir\u00eb q\u00eb ka p\u00ebrfshir\u00eb \u00e7do gj\u00eb dhe q\u00eb ndjehet n\u00eb \u00e7do prekje e frym\u00eb.<\/p>\n<p style=\"text-align: justify;\">Ai citoi hadithin e Resulull-llahut (a.s.): &#8220;Kushdo prej jush q\u00eb zgjohet i siguruar n\u00eb sht\u00ebpin\u00eb dhe familjen e tij, i sh\u00ebndosh\u00eb n\u00eb trupin e tij, i pajisur me kafshat\u00ebn e dit\u00ebs s\u00eb tij, \u00ebsht\u00eb si t\u00eb kishte krejt bot\u00ebn!&#8221;, n\u00ebp\u00ebrmjet t\u00eb cilit b\u00ebri thirrje p\u00ebr fal\u00ebnderim e p\u00ebrulje para duarve t\u00eb Zotit, p\u00ebr mir\u00ebsit\u00eb e panum\u00ebrta me t\u00eb cilat ka begatuar secilin prej nesh dhe vendin ton\u00eb!<\/p>\n<p style=\"text-align: justify;\">Myftiu shprehu mir\u00ebnjohjen dhe fal\u00ebnderimet e tij p\u00ebr v\u00ebllez\u00ebrit shqiptar\u00eb, sidomos nga qytetet e Kosov\u00ebs dhe t\u00eb krejt trojeve t\u00eb tjera, q\u00eb d\u00ebshmuan harmonin\u00eb dhe v\u00ebllaz\u00ebrin\u00eb e madhe komb\u00ebtare e njer\u00ebzore, me rastin e t\u00ebrmeteve.<\/p>\n<p style=\"text-align: justify;\">Ai tha se, kjo dhimbje e madhe komb\u00ebtare e njer\u00ebzore, nxori n\u00eb pah gjithashtu se, shqiptar\u00ebt jan\u00eb besimtar\u00eb, zem\u00ebrmir\u00eb, solidar\u00eb e pran\u00eb nj\u00ebri-tjetrit!<\/p>\n<p style=\"text-align: justify;\">Ai tha se, \u00ebsht\u00eb gjynah i madh q\u00eb ky popull e ky komb, t\u00eb detyrohet t\u00eb largohet nga toka e tij, p\u00ebr shkak t\u00eb keqadministrimit t\u00eb pasurive t\u00eb m\u00ebdha natyrore, me t\u00eb cilat e ka bekuar Zoti!<\/p>\n<p style=\"text-align: justify;\">Nj\u00ebkoh\u00ebsisht b\u00ebri thirrje q\u00eb njer\u00ebzit t\u00eb kthehen nga Zoti, t\u00eb paqtohen me T\u00eb, t\u00eb pendohen e t\u00eb k\u00ebrkojn\u00eb m\u00ebshir\u00ebn e Tij, sepse Ai \u00ebsht\u00eb M\u00ebshiruesi M\u00ebshir\u00ebb\u00ebr\u00ebsi!<\/p>\n<p style=\"text-align: justify;\">M\u00eb par\u00eb, Myftinia Shkod\u00ebr lajm\u00ebroi udh\u00ebzimin e Myftiut q\u00eb hytbeja e xhumas\u00eb s\u00eb dat\u00ebs 29 n\u00ebntor 2019, t&#8217;i kushtohet k\u00ebsaj situate, duke b\u00ebr\u00eb thirrje p\u00ebr lutje e solidaritet me njer\u00ebzit n\u00eb nevoj\u00eb, t\u00eb pastreh\u00ebt dhe t\u00eb l\u00ebnduarit nga t\u00ebrmetet.<\/p>\n<p style=\"text-align: justify;\">Gjithashtu, n\u00eb t\u00eb gjitha xhamit\u00eb e Shkodr\u00ebs u fal namazi i xhenazes n\u00eb mosprani p\u00ebr shpirtrat e v\u00ebllez\u00ebrve dhe motrave q\u00eb humb\u00ebn jet\u00ebn si pasoj\u00eb e t\u00ebrmeteve.<\/p>\n<\/div>\n","protected":false},"excerpt":{"rendered":"<div class=\"mh-excerpt\"><p>N\u00ebp\u00ebrmjet minberit t\u00eb xhamis\u00eb s\u00eb Parruc\u00ebs, Myftiu i Shkodr\u00ebs, Imam Muhamed B. Sytari, drejtoi disa mesazhe, q\u00eb vijn\u00eb si reflektime rreth situat\u00ebs s\u00eb v\u00ebshtir\u00eb t\u00eb termeteve t\u00eb dit\u00ebve t\u00eb fundit n\u00eb vendin ton\u00eb. Fillimisht Myftiu <a class=\"mh-excerpt-more\" href=\"https:\/\/myftinia-shkoder.org\/?p=7530\" title=\"Myftiu: &#8220;Koha p\u00ebr t\u00eb reflektuar rreth m\u00ebshir\u00ebs s\u00eb Zotit p\u00ebr ne!&#8221;\">[&#8230;]<\/a><\/p>\n<\/div>","protected":false},"author":1,"featured_media":7531,"comment_status":"closed","ping_status":"closed","sticky":false,"template":"","format":"standard","meta":{"footnotes":""},"categories":[5],"tags":[],"class_list":["post-7530","post","type-post","status-publish","format-standard","has-post-thumbnail","hentry","category-hytbe"],"_links":{"self":[{"href":"https:\/\/myftinia-shkoder.org\/index.php?rest_route=\/wp\/v2\/posts\/7530","targetHints":{"allow":["GET"]}}],"collection":[{"href":"https:\/\/myftinia-shkoder.org\/index.php?rest_route=\/wp\/v2\/posts"}],"about":[{"href":"https:\/\/myftinia-shkoder.org\/index.php?rest_route=\/wp\/v2\/types\/post"}],"author":[{"embeddable":true,"href":"https:\/\/myftinia-shkoder.org\/index.php?rest_route=\/wp\/v2\/users\/1"}],"replies":[{"embeddable":true,"href":"https:\/\/myftinia-shkoder.org\/index.php?rest_route=%2Fwp%2Fv2%2Fcomments&post=7530"}],"version-history":[{"count":1,"href":"https:\/\/myftinia-shkoder.org\/index.php?rest_route=\/wp\/v2\/posts\/7530\/revisions"}],"predecessor-version":[{"id":7532,"href":"https:\/\/myftinia-shkoder.org\/index.php?rest_route=\/wp\/v2\/posts\/7530\/revisions\/7532"}],"wp:featuredmedia":[{"embeddable":true,"href":"https:\/\/myftinia-shkoder.org\/index.php?rest_route=\/wp\/v2\/media\/7531"}],"wp:attachment":[{"href":"https:\/\/myftinia-shkoder.org\/index.php?rest_route=%2Fwp%2Fv2%2Fmedia&parent=7530"}],"wp:term":[{"taxonomy":"category","embeddable":true,"href":"https:\/\/myftinia-shkoder.org\/index.php?rest_route=%2Fwp%2Fv2%2Fcategories&post=7530"},{"taxonomy":"post_tag","embeddable":true,"href":"https:\/\/myftinia-shkoder.org\/index.php?rest_route=%2Fwp%2Fv2%2Ftags&post=7530"}],"curies":[{"name":"wp","href":"https:\/\/api.w.org\/{rel}","templated":true}]}}