{"id":754,"date":"2016-06-30T07:21:53","date_gmt":"2016-06-30T07:21:53","guid":{"rendered":"http:\/\/myftinia-shkoder.org\/?p=754"},"modified":"2016-07-01T07:27:23","modified_gmt":"2016-07-01T07:27:23","slug":"takim-pune-ne-prag-te-nates-se-kadrit-dhe-fiter-bajramit","status":"publish","type":"post","link":"https:\/\/myftinia-shkoder.org\/?p=754","title":{"rendered":"Takim pune n\u00eb prag t\u00eb Nat\u00ebs s\u00eb Kadrit dhe Fit\u00ebr Bajramit"},"content":{"rendered":"<p style=\"text-align: justify;\">Dit\u00ebn e enjte, m\u00eb 30 qershor 2016, Myftiu i Shkodr\u00ebs, Imam Muhamed Sytari, zhvilloi nj\u00eb takim pune me nj\u00eb grup imam\u00ebsh t\u00eb qytetit, ku diskutoi mbi parap\u00ebrgatitjet p\u00ebr aktivitetet n\u00eb prag t\u00eb Nat\u00ebs s\u00eb Kadrit dhe Fit\u00ebr Bajramit.<\/p>\n<p style=\"text-align: justify;\">Myftiu theksoi se mir\u00ebsit\u00eb e k\u00ebtij Ramazan ishin t\u00eb shumta dhe fryma e tij \u00ebsht\u00eb ndjer\u00eb gjithandej n\u00eb lagjet muslimane dhe xhamit\u00eb e Shkodr\u00ebs.<\/p>\n<p style=\"text-align: justify;\">Ai k\u00ebrkoi q\u00eb n\u00eb dit\u00ebt e mbetura t\u00eb k\u00ebtij Muaji, t\u00eb ket\u00eb nj\u00eb p\u00ebrkujdesje t\u00eb ve\u00e7ant\u00eb, sidomos n\u00eb sqarimin e besimtar\u00ebve p\u00ebr detajet e sadekatul-fitrit, zekatit, lajm\u00ebrimit p\u00ebr regjistrimet e haxhit t\u00eb sivjetsh\u00ebm, aktiviteteve t\u00eb Nat\u00ebs s\u00eb Kadrit, Fit\u00ebr Bajramit etj.<\/p>\n<p style=\"text-align: justify;\">U ritheksua se vlera e sadekatul-fitrut \u00ebsht\u00eb caktuar n\u00eb vler\u00ebn 200 l.r. p\u00ebr person, sikurse \u00ebsht\u00eb lajm\u00ebruar se paketa e haxhit t\u00eb sivjetsh\u00ebm \u00ebsht\u00eb caktuar 2800 euro.<\/p>\n<p style=\"text-align: justify;\">Dit\u00ebn e xhuma, m\u00eb 1 korrik 2016, ora: 12.00, n\u00eb xhamin\u00eb e Parruc\u00ebs do t\u00eb zhvillohet ceremonia e p\u00ebrfundimit t\u00eb Hatmes Sherife me lutjen e saj.<\/p>\n<p style=\"text-align: justify;\">N\u00eb dark\u00eb, n\u00eb t\u00eb gjitha xhamit\u00eb e Shkodr\u00ebs do t\u00eb ket\u00eb lutje, dhikre e adhurime shtes\u00eb, deri n\u00eb koh\u00ebn e syfyrit.<\/p>\n<p style=\"text-align: justify;\">Dita e par\u00eb e Fit\u00ebr Bajramit \u00ebsht\u00eb me 5 korrik 2016. Ceremonia e faljes s\u00eb sabahut dhe Fit\u00ebr Bajramit p\u00ebr krejt xhamit\u00eb e Shkodr\u00ebs, do t\u00eb zhvillohet n\u00eb sheshin e Namazgjas\u00eb, bri xhamis\u00eb &#8220;Ebu Bek\u00ebr&#8221;, duke nisur nga ora: 4.30, nd\u00ebrsa Fit\u00ebr Bajrami falet n\u00eb or\u00ebn 06.02, pasuar nga hytbeja dhe p\u00ebrsh\u00ebndetja n\u00eb mesin e besimtar\u00ebve.<\/p>\n<p style=\"text-align: justify;\">Me k\u00ebt\u00eb rast, Myftiu lajm\u00ebroi se do t\u00eb ket\u00eb surpriza t\u00eb k\u00ebndshme p\u00ebr krejt musliman\u00ebt e Shkodr\u00ebs.<\/p>\n<div id='gallery-1' class='gallery galleryid-754 gallery-columns-3 gallery-size-thumbnail'><figure class='gallery-item'>\n\t\t\t<div class='gallery-icon landscape'>\n\t\t\t\t<a href='https:\/\/myftinia-shkoder.org\/?attachment_id=757'><img loading=\"lazy\" decoding=\"async\" width=\"150\" height=\"150\" src=\"https:\/\/myftinia-shkoder.org\/wp-content\/uploads\/2016\/07\/FB_IMG_1467357686695-150x150.jpg\" class=\"attachment-thumbnail size-thumbnail\" alt=\"\" \/><\/a>\n\t\t\t<\/div><\/figure><figure class='gallery-item'>\n\t\t\t<div class='gallery-icon landscape'>\n\t\t\t\t<a href='https:\/\/myftinia-shkoder.org\/?attachment_id=756'><img loading=\"lazy\" decoding=\"async\" width=\"150\" height=\"150\" src=\"https:\/\/myftinia-shkoder.org\/wp-content\/uploads\/2016\/07\/FB_IMG_1467357677477-150x150.jpg\" class=\"attachment-thumbnail size-thumbnail\" alt=\"\" \/><\/a>\n\t\t\t<\/div><\/figure><figure class='gallery-item'>\n\t\t\t<div class='gallery-icon landscape'>\n\t\t\t\t<a href='https:\/\/myftinia-shkoder.org\/?attachment_id=755'><img loading=\"lazy\" decoding=\"async\" width=\"150\" height=\"150\" src=\"https:\/\/myftinia-shkoder.org\/wp-content\/uploads\/2016\/07\/FB_IMG_1467357682173-150x150.jpg\" class=\"attachment-thumbnail size-thumbnail\" alt=\"\" \/><\/a>\n\t\t\t<\/div><\/figure>\n\t\t<\/div>\n\n","protected":false},"excerpt":{"rendered":"<div class=\"mh-excerpt\"><p>Dit\u00ebn e enjte, m\u00eb 30 qershor 2016, Myftiu i Shkodr\u00ebs, Imam Muhamed Sytari, zhvilloi nj\u00eb takim pune me nj\u00eb grup imam\u00ebsh t\u00eb qytetit, ku diskutoi mbi parap\u00ebrgatitjet p\u00ebr aktivitetet n\u00eb prag t\u00eb Nat\u00ebs s\u00eb Kadrit <a class=\"mh-excerpt-more\" href=\"https:\/\/myftinia-shkoder.org\/?p=754\" title=\"Takim pune n\u00eb prag t\u00eb Nat\u00ebs s\u00eb Kadrit dhe Fit\u00ebr Bajramit\">[&#8230;]<\/a><\/p>\n<\/div>","protected":false},"author":1,"featured_media":756,"comment_status":"closed","ping_status":"closed","sticky":false,"template":"","format":"standard","meta":{"footnotes":""},"categories":[13,14],"tags":[],"class_list":["post-754","post","type-post","status-publish","format-standard","has-post-thumbnail","hentry","category-aktualitet","category-ramazan-1437-2016"],"_links":{"self":[{"href":"https:\/\/myftinia-shkoder.org\/index.php?rest_route=\/wp\/v2\/posts\/754","targetHints":{"allow":["GET"]}}],"collection":[{"href":"https:\/\/myftinia-shkoder.org\/index.php?rest_route=\/wp\/v2\/posts"}],"about":[{"href":"https:\/\/myftinia-shkoder.org\/index.php?rest_route=\/wp\/v2\/types\/post"}],"author":[{"embeddable":true,"href":"https:\/\/myftinia-shkoder.org\/index.php?rest_route=\/wp\/v2\/users\/1"}],"replies":[{"embeddable":true,"href":"https:\/\/myftinia-shkoder.org\/index.php?rest_route=%2Fwp%2Fv2%2Fcomments&post=754"}],"version-history":[{"count":3,"href":"https:\/\/myftinia-shkoder.org\/index.php?rest_route=\/wp\/v2\/posts\/754\/revisions"}],"predecessor-version":[{"id":760,"href":"https:\/\/myftinia-shkoder.org\/index.php?rest_route=\/wp\/v2\/posts\/754\/revisions\/760"}],"wp:featuredmedia":[{"embeddable":true,"href":"https:\/\/myftinia-shkoder.org\/index.php?rest_route=\/wp\/v2\/media\/756"}],"wp:attachment":[{"href":"https:\/\/myftinia-shkoder.org\/index.php?rest_route=%2Fwp%2Fv2%2Fmedia&parent=754"}],"wp:term":[{"taxonomy":"category","embeddable":true,"href":"https:\/\/myftinia-shkoder.org\/index.php?rest_route=%2Fwp%2Fv2%2Fcategories&post=754"},{"taxonomy":"post_tag","embeddable":true,"href":"https:\/\/myftinia-shkoder.org\/index.php?rest_route=%2Fwp%2Fv2%2Ftags&post=754"}],"curies":[{"name":"wp","href":"https:\/\/api.w.org\/{rel}","templated":true}]}}