{"id":7646,"date":"2020-01-08T18:50:02","date_gmt":"2020-01-08T18:50:02","guid":{"rendered":"http:\/\/myftinia-shkoder.org\/?p=7646"},"modified":"2020-01-08T18:49:58","modified_gmt":"2020-01-08T18:49:58","slug":"keshilli-i-myftinise-diskutoi-mbi-aktivitetet-e-vitit-jubilar-2020","status":"publish","type":"post","link":"https:\/\/myftinia-shkoder.org\/?p=7646","title":{"rendered":"K\u00ebshilli i Myftinis\u00eb diskutoi mbi aktivitetet e vitit jubilar 2020"},"content":{"rendered":"\n<p>Pasdit\u00ebn e s\u00eb m\u00ebrkur\u00ebs, m\u00eb 8 janar 2020, ashtu si\u00e7 isht planifikuar m\u00eb par\u00eb, K\u00ebshilli i Myftinis\u00eb Shkod\u00ebr zhvilloi mbledhjen e radh\u00ebs, ku n\u00eb qend\u00ebr t\u00eb v\u00ebmendjes ishin diskutimet mbi aktivitetet e vitit jubilar 2020, q\u00eb p\u00ebrkon me 30 vjetorin e liris\u00eb s\u00eb besimit, pas periudh\u00ebs 23 vje\u00e7are t\u00eb ndalimit t\u00eb liris\u00eb s\u00eb besimit me ligj n\u00eb Shqip\u00ebri.<\/p>\n\n\n\n<p>N\u00eb krye t\u00eb her\u00ebs, Myftiu i Shkodr\u00ebs, Imam Muhamed B. Sytari theksoi se 30 vjetori i rihapjes s\u00eb xhamis\u00eb s\u00eb par\u00eb, pas nj\u00eb periudhe t\u00eb gjat\u00eb femohimi dhe ndalimi me ligj t\u00eb fes\u00eb n\u00eb vendin ton\u00eb, \u00ebsht\u00eb n\u00eb vetvete nj\u00eb moment reflektimi p\u00ebr t\u00eb par\u00eb se \u00e7far\u00eb kan\u00eb qen\u00eb k\u00ebto 30 vjet p\u00ebr aktivitetin e Myftinis\u00eb Shkod\u00ebr dhe musliman\u00ebve n\u00eb kryeqendr\u00ebn veriore t\u00eb vendit ton\u00eb. <\/p>\n\n\n\n<p>Nj\u00ebkoh\u00ebsisht dha diaa mendime q\u00eb lidhen me detajet e aktivitetit t\u00eb k\u00ebtij viti p\u00ebr Myftinin\u00eb e Shkodr\u00ebs me krejt kuadrot e saj.<\/p>\n\n\n\n<p>Mendime me vler\u00eb dhan\u00eb edhe k\u00ebshilltar\u00ebt, ku sekretari i K\u00ebshillit t\u00eb Myftinis\u00eb Shkod\u00ebr, H. Fejzi Zaganjori paraqiti me shkrim mendimet dhe propozimet e tij t\u00eb dobishme, n\u00eb m\u00ebnyr\u00eb q\u00eb ky vit t\u00eb d\u00ebshmohet p\u00ebr gjall\u00ebrin\u00eb e aktiviteteve n\u00eb nder t\u00eb k\u00ebtij viti jubilar.<\/p>\n\n\n\n<p>Poashtu, drejtori i Medreses\u00eb &#8220;Haxhi Sheh Shamia&#8221;, z. Kujtim Dervishi, i cili dha mendimet e tij, q\u00eb lidhen edhe me bashk\u00ebpunimin e Myftinis\u00eb me institucionet e tjera serioze t\u00eb qytetit dhe jasht\u00eb tij, q\u00eb kjo atmosfer\u00eb t\u00eb d\u00ebshmohet sa m\u00eb mir\u00eb.<\/p>\n\n\n\n<p>K\u00ebshilltari Admir Admir V. Temja, k\u00ebrkoi q\u00eb rrjeti i bashk\u00ebpun\u00ebtor\u00ebve t\u00eb zgjerohet, q\u00eb mesazhet e k\u00ebtij viti t\u00eb ken\u00eb nj\u00eb jehon\u00eb sa m\u00eb t\u00eb madhe.<\/p>\n\n\n\n<p>Nga ana e tij, teologu Lavdrim Hamja, diskutoi mbi mund\u00ebsin\u00eb e realizimit t\u00eb disa aktiviteteve risi, zhvillimi i t\u00eb cil\u00ebve do t&#8217;i jepte nj\u00eb kuptim edhe m\u00eb t\u00eb plot\u00eb k\u00ebsaj iniciative t\u00eb re.<\/p>\n\n\n\n<p>Mendime me vler\u00eb dha edhe k\u00ebshilltari Jetmir Braqi, i cili diskutoi mbi mund\u00ebsin\u00eb e zhvillimit t\u00eb nj\u00eb cikli ligj\u00ebratash e takimesh me rinin\u00eb e fshatrave, q\u00eb kan\u00eb shum\u00eb nevoj\u00eb t\u00eb dijn\u00eb p\u00ebr fen\u00eb e besimin n\u00eb p\u00ebrballjen e tyre me sfidat e ateizmit, propagand\u00ebs islamofobe, etj.<\/p>\n\n\n\n<figure class=\"wp-block-image size-large\"><img loading=\"lazy\" decoding=\"async\" width=\"2048\" height=\"1152\" src=\"https:\/\/myftinia-shkoder.org\/wp-content\/uploads\/2020\/01\/img_5075-1.jpg\" alt=\"\" class=\"wp-image-7643\" srcset=\"https:\/\/myftinia-shkoder.org\/wp-content\/uploads\/2020\/01\/img_5075-1.jpg 2048w, https:\/\/myftinia-shkoder.org\/wp-content\/uploads\/2020\/01\/img_5075-1-300x169.jpg 300w, https:\/\/myftinia-shkoder.org\/wp-content\/uploads\/2020\/01\/img_5075-1-1024x576.jpg 1024w, https:\/\/myftinia-shkoder.org\/wp-content\/uploads\/2020\/01\/img_5075-1-768x432.jpg 768w, https:\/\/myftinia-shkoder.org\/wp-content\/uploads\/2020\/01\/img_5075-1-1536x864.jpg 1536w, https:\/\/myftinia-shkoder.org\/wp-content\/uploads\/2020\/01\/img_5075-1-678x381.jpg 678w\" sizes=\"auto, (max-width: 2048px) 100vw, 2048px\" \/><\/figure>\n\n\n\n<figure class=\"wp-block-image size-large\"><img loading=\"lazy\" decoding=\"async\" width=\"2048\" height=\"1152\" src=\"https:\/\/myftinia-shkoder.org\/wp-content\/uploads\/2020\/01\/img_5074.jpg\" alt=\"\" class=\"wp-image-7644\" srcset=\"https:\/\/myftinia-shkoder.org\/wp-content\/uploads\/2020\/01\/img_5074.jpg 2048w, https:\/\/myftinia-shkoder.org\/wp-content\/uploads\/2020\/01\/img_5074-300x169.jpg 300w, https:\/\/myftinia-shkoder.org\/wp-content\/uploads\/2020\/01\/img_5074-1024x576.jpg 1024w, https:\/\/myftinia-shkoder.org\/wp-content\/uploads\/2020\/01\/img_5074-768x432.jpg 768w, https:\/\/myftinia-shkoder.org\/wp-content\/uploads\/2020\/01\/img_5074-1536x864.jpg 1536w, https:\/\/myftinia-shkoder.org\/wp-content\/uploads\/2020\/01\/img_5074-678x381.jpg 678w\" sizes=\"auto, (max-width: 2048px) 100vw, 2048px\" \/><\/figure>\n\n\n\n<figure class=\"wp-block-image size-large\"><img loading=\"lazy\" decoding=\"async\" width=\"2048\" height=\"1152\" src=\"https:\/\/myftinia-shkoder.org\/wp-content\/uploads\/2020\/01\/img_5076.jpg\" alt=\"\" class=\"wp-image-7645\" srcset=\"https:\/\/myftinia-shkoder.org\/wp-content\/uploads\/2020\/01\/img_5076.jpg 2048w, https:\/\/myftinia-shkoder.org\/wp-content\/uploads\/2020\/01\/img_5076-300x169.jpg 300w, https:\/\/myftinia-shkoder.org\/wp-content\/uploads\/2020\/01\/img_5076-1024x576.jpg 1024w, https:\/\/myftinia-shkoder.org\/wp-content\/uploads\/2020\/01\/img_5076-768x432.jpg 768w, https:\/\/myftinia-shkoder.org\/wp-content\/uploads\/2020\/01\/img_5076-1536x864.jpg 1536w, https:\/\/myftinia-shkoder.org\/wp-content\/uploads\/2020\/01\/img_5076-678x381.jpg 678w\" sizes=\"auto, (max-width: 2048px) 100vw, 2048px\" \/><\/figure>\n","protected":false},"excerpt":{"rendered":"<div class=\"mh-excerpt\"><p>Pasdit\u00ebn e s\u00eb m\u00ebrkur\u00ebs, m\u00eb 8 janar 2020, ashtu si\u00e7 isht planifikuar m\u00eb par\u00eb, K\u00ebshilli i Myftinis\u00eb Shkod\u00ebr zhvilloi mbledhjen e radh\u00ebs, ku n\u00eb qend\u00ebr t\u00eb v\u00ebmendjes ishin diskutimet mbi aktivitetet e vitit jubilar 2020, <a class=\"mh-excerpt-more\" href=\"https:\/\/myftinia-shkoder.org\/?p=7646\" title=\"K\u00ebshilli i Myftinis\u00eb diskutoi mbi aktivitetet e vitit jubilar 2020\">[&#8230;]<\/a><\/p>\n<\/div>","protected":false},"author":1,"featured_media":7642,"comment_status":"closed","ping_status":"closed","sticky":false,"template":"","format":"standard","meta":{"footnotes":""},"categories":[13],"tags":[],"class_list":["post-7646","post","type-post","status-publish","format-standard","has-post-thumbnail","hentry","category-aktualitet"],"_links":{"self":[{"href":"https:\/\/myftinia-shkoder.org\/index.php?rest_route=\/wp\/v2\/posts\/7646","targetHints":{"allow":["GET"]}}],"collection":[{"href":"https:\/\/myftinia-shkoder.org\/index.php?rest_route=\/wp\/v2\/posts"}],"about":[{"href":"https:\/\/myftinia-shkoder.org\/index.php?rest_route=\/wp\/v2\/types\/post"}],"author":[{"embeddable":true,"href":"https:\/\/myftinia-shkoder.org\/index.php?rest_route=\/wp\/v2\/users\/1"}],"replies":[{"embeddable":true,"href":"https:\/\/myftinia-shkoder.org\/index.php?rest_route=%2Fwp%2Fv2%2Fcomments&post=7646"}],"version-history":[{"count":1,"href":"https:\/\/myftinia-shkoder.org\/index.php?rest_route=\/wp\/v2\/posts\/7646\/revisions"}],"predecessor-version":[{"id":7647,"href":"https:\/\/myftinia-shkoder.org\/index.php?rest_route=\/wp\/v2\/posts\/7646\/revisions\/7647"}],"wp:featuredmedia":[{"embeddable":true,"href":"https:\/\/myftinia-shkoder.org\/index.php?rest_route=\/wp\/v2\/media\/7642"}],"wp:attachment":[{"href":"https:\/\/myftinia-shkoder.org\/index.php?rest_route=%2Fwp%2Fv2%2Fmedia&parent=7646"}],"wp:term":[{"taxonomy":"category","embeddable":true,"href":"https:\/\/myftinia-shkoder.org\/index.php?rest_route=%2Fwp%2Fv2%2Fcategories&post=7646"},{"taxonomy":"post_tag","embeddable":true,"href":"https:\/\/myftinia-shkoder.org\/index.php?rest_route=%2Fwp%2Fv2%2Ftags&post=7646"}],"curies":[{"name":"wp","href":"https:\/\/api.w.org\/{rel}","templated":true}]}}