{"id":7892,"date":"2020-03-24T17:02:23","date_gmt":"2020-03-24T17:02:23","guid":{"rendered":"http:\/\/myftinia-shkoder.org\/?p=7892"},"modified":"2020-03-24T17:02:23","modified_gmt":"2020-03-24T17:02:23","slug":"myftiu-thirrja-e-besimit-eshte-qe-njeriu-te-mos-e-humbe-shpresen","status":"publish","type":"post","link":"https:\/\/myftinia-shkoder.org\/?p=7892","title":{"rendered":"Myftiu: &#8220;Thirrja e besimit \u00ebsht\u00eb q\u00eb njeriu t\u00eb mos e humb\u00eb shpres\u00ebn!&#8221;"},"content":{"rendered":"<p style=\"text-align: justify;\">Dit\u00ebn e mart\u00eb, m\u00eb 24 mars 2020, n\u00eb nj\u00eb lidhje t\u00eb drejtp\u00ebrdrejt n\u00eb Tv1 Channel, Myftiu i Shkodr\u00ebs Imam Muhamed B. Sytari dha mesazhet e tij drejtuar qytetar\u00ebve, ku u shpreh se realitetet e sotme na imponojn\u00eb t\u00eb meditojm\u00eb e t\u00eb reflektojm\u00eb rreth hakut t\u00eb Zotit, mir\u00ebsive dhe bekimeve me t\u00eb cilat \u00ebsht\u00eb zbukuruar jeta e njeriut.<\/p>\n<div class=\"text_exposed_show\">\n<p style=\"text-align: justify;\">Myftiu theksoi se p\u00ebrtej faktit se dyert e xhamive jan\u00eb t\u00eb mbyllura p\u00ebr shkak t\u00eb siguris\u00eb dhe mbrojtjes, \u00e7do sht\u00ebpi e jona duhet kthyer n\u00eb xhami, ku pjestar\u00ebt e familjes t\u00eb kryejn\u00eb faljet ditore, lutjet e adhurimet e ndryshme. Sepse, namazi n\u00eb sht\u00ebpi n\u00eb k\u00ebto dit\u00eb ka nj\u00eb shp\u00ebrblim t\u00eb ve\u00e7ant\u00eb tek Krijuesi i gjith\u00ebsis\u00eb.<\/p>\n<p style=\"text-align: justify;\">Ai b\u00ebri thirrje q\u00eb n\u00eb k\u00ebto dit\u00eb t\u00eb v\u00ebshtira p\u00ebr njer\u00ebzimin, njer\u00ebzit t\u00eb mos e humbasin shpres\u00ebn dhe besimin n\u00eb Zot, sepse Ai q\u00eb na ka krijuar nga asgj\u00ebja dhe na ka rrethuar me dashuri e m\u00ebshir\u00eb, nuk do na braktis\u00eb n\u00eb k\u00ebto momente, kur t\u00eb gjith\u00eb lutemi e shpresojm\u00eb n\u00eb m\u00ebshir\u00ebn e Tij.<\/p>\n<p style=\"text-align: justify;\">Myftiu p\u00ebrmendi edhe ndihm\u00ebn ndaj nevojtar\u00ebve, ku theksoi se t\u00eb gjith\u00eb jemi t\u00eb ftuar t\u00eb ndihmojm\u00eb e t\u00eb p\u00ebrkrahim skamnor\u00ebt, jetim\u00ebt e nevojtar\u00ebt e shumt\u00eb. N\u00eb k\u00ebt\u00eb kontekst, ai theksoi se edhe Myftinia Shkod\u00ebr n\u00eb bashk\u00ebpunim me institucionet bamir\u00ebse, shoqata e fondacione, po b\u00ebn sa ka mund\u00ebsi p\u00ebr t\u00eb ndihmuar familje n\u00eb nevoj\u00eb n\u00eb zon\u00ebn e Shkodr\u00ebs.<\/p>\n<p style=\"text-align: justify;\">Myftiu iu drejtua qytetar\u00ebve me lutjen q\u00eb mos t\u00eb d\u00ebshp\u00ebrohen, t\u00eb mb\u00ebshteten tek Zoti i tyre, t\u00eb k\u00ebrkojn\u00eb prej Tij me zem\u00ebr dhe t\u00eb luten n\u00eb sht\u00ebpit\u00eb e tyre p\u00ebr m\u00eb t\u00eb mir\u00ebn, p\u00ebr vete dhe p\u00ebr mbar\u00eb njer\u00ebzimin.<\/p>\n<\/div>\n","protected":false},"excerpt":{"rendered":"<div class=\"mh-excerpt\"><p>Dit\u00ebn e mart\u00eb, m\u00eb 24 mars 2020, n\u00eb nj\u00eb lidhje t\u00eb drejtp\u00ebrdrejt n\u00eb Tv1 Channel, Myftiu i Shkodr\u00ebs Imam Muhamed B. Sytari dha mesazhet e tij drejtuar qytetar\u00ebve, ku u shpreh se realitetet e sotme <a class=\"mh-excerpt-more\" href=\"https:\/\/myftinia-shkoder.org\/?p=7892\" title=\"Myftiu: &#8220;Thirrja e besimit \u00ebsht\u00eb q\u00eb njeriu t\u00eb mos e humb\u00eb shpres\u00ebn!&#8221;\">[&#8230;]<\/a><\/p>\n<\/div>","protected":false},"author":1,"featured_media":7893,"comment_status":"closed","ping_status":"closed","sticky":false,"template":"","format":"standard","meta":{"footnotes":""},"categories":[13],"tags":[],"class_list":["post-7892","post","type-post","status-publish","format-standard","has-post-thumbnail","hentry","category-aktualitet"],"_links":{"self":[{"href":"https:\/\/myftinia-shkoder.org\/index.php?rest_route=\/wp\/v2\/posts\/7892","targetHints":{"allow":["GET"]}}],"collection":[{"href":"https:\/\/myftinia-shkoder.org\/index.php?rest_route=\/wp\/v2\/posts"}],"about":[{"href":"https:\/\/myftinia-shkoder.org\/index.php?rest_route=\/wp\/v2\/types\/post"}],"author":[{"embeddable":true,"href":"https:\/\/myftinia-shkoder.org\/index.php?rest_route=\/wp\/v2\/users\/1"}],"replies":[{"embeddable":true,"href":"https:\/\/myftinia-shkoder.org\/index.php?rest_route=%2Fwp%2Fv2%2Fcomments&post=7892"}],"version-history":[{"count":1,"href":"https:\/\/myftinia-shkoder.org\/index.php?rest_route=\/wp\/v2\/posts\/7892\/revisions"}],"predecessor-version":[{"id":7894,"href":"https:\/\/myftinia-shkoder.org\/index.php?rest_route=\/wp\/v2\/posts\/7892\/revisions\/7894"}],"wp:featuredmedia":[{"embeddable":true,"href":"https:\/\/myftinia-shkoder.org\/index.php?rest_route=\/wp\/v2\/media\/7893"}],"wp:attachment":[{"href":"https:\/\/myftinia-shkoder.org\/index.php?rest_route=%2Fwp%2Fv2%2Fmedia&parent=7892"}],"wp:term":[{"taxonomy":"category","embeddable":true,"href":"https:\/\/myftinia-shkoder.org\/index.php?rest_route=%2Fwp%2Fv2%2Fcategories&post=7892"},{"taxonomy":"post_tag","embeddable":true,"href":"https:\/\/myftinia-shkoder.org\/index.php?rest_route=%2Fwp%2Fv2%2Ftags&post=7892"}],"curies":[{"name":"wp","href":"https:\/\/api.w.org\/{rel}","templated":true}]}}