{"id":8104,"date":"2020-05-16T18:51:15","date_gmt":"2020-05-16T18:51:15","guid":{"rendered":"http:\/\/myftinia-shkoder.org\/?p=8104"},"modified":"2020-05-25T20:22:39","modified_gmt":"2020-05-25T20:22:39","slug":"kriza-e-thelle-morale-e-njerezore","status":"publish","type":"post","link":"https:\/\/myftinia-shkoder.org\/?p=8104","title":{"rendered":"Kriza e thell\u00eb morale e njer\u00ebzore"},"content":{"rendered":"<p style=\"text-align: justify;\">P\u00ebrballja me \u201carmikun\u201d e paduksh\u00ebm, q\u00eb ka kapluar globin dhe q\u00eb dita-dit\u00ebs po nxjerr n\u00eb pah t\u00eb v\u00ebrtetat e m\u00ebdha t\u00eb k\u00ebsaj q\u00eb po ngjet kudo n\u00eb bot\u00eb, po na shfaq nj\u00ebkoh\u00ebsisht edhe fytyra dhe portrete t\u00eb shumta, q\u00eb deri dje, n\u00ebn efektin e makiazhit, dukeshin ndryshe nga \u00e7\u2019duken sot, n\u00eb imazhin e tyre t\u00eb v\u00ebrtet\u00eb e real!<\/p>\n<p style=\"text-align: justify;\">Natyrsh\u00ebm, n\u00eb k\u00ebt\u00eb kontekst, lista \u00ebsht\u00eb e gjat\u00eb dhe pak nga pak p\u00ebrfshin shum\u00eb prej nesh, sidomos ata q\u00eb kan\u00eb nj\u00eb mision t\u00eb lart\u00eb e t\u00eb spikatur n\u00eb shoq\u00ebri, por q<span class=\"text_exposed_show\">\u00eb shkelin mbi t\u00eb pa t\u00eb drejt\u00eb!<\/span><\/p>\n<div class=\"text_exposed_show\">\n<p style=\"text-align: justify;\">N\u00ebp\u00ebrmjet rrjeteve sociale ndoqa sot, nj\u00eb shfaqje terrori n\u00eb mes t\u00eb Tiran\u00ebs, ku nj\u00eb grup polic\u00ebsh dhunojn\u00eb n\u00eb m\u00ebnyr\u00eb barbare nj\u00eb t\u00eb ri, p\u00ebr nj\u00eb arsye q\u00eb nuk e di se cila \u00ebsht\u00eb, e q\u00eb cilado q\u00eb t\u00eb jet\u00eb nuk e justifikon k\u00ebt\u00eb shfaqje nga blut\u00eb n\u00eb fjal\u00eb, aq m\u00eb shum\u00eb n\u00eb nj\u00eb dit\u00eb t\u00eb shenjt\u00eb Ramazani! Dukej tamam si pamjet q\u00eb vijn\u00eb nga shfaqjet barbare t\u00eb policis\u00eb indiane me njer\u00ebz t\u00eb pafajsh\u00ebm q\u00eb dhunohen e masakrohen rrug\u00ebve, pa pik\u00eb m\u00ebshire!?<\/p>\n<p style=\"text-align: justify;\">K\u00ebta polic\u00eb jan\u00eb imazhi m\u00eb i padenj\u00eb i nj\u00eb institucioni q\u00eb duhet t\u00eb ket\u00eb mb\u00ebshtetjen dhe bashk\u00ebpunimin e t\u00eb gjith\u00eb atyre q\u00eb i duan t\u00eb mir\u00ebn vendit; siguris\u00eb, mir\u00ebqenies, rendit dhe normalitetit n\u00eb marr\u00ebdh\u00ebniet e individit me ligjin! Por, n\u00eb k\u00ebt\u00eb rast, veprimi kriminal i tyre duhet t\u00eb d\u00ebnohet nga t\u00eb gjith\u00eb ne, pa asnj\u00eb toleranc\u00eb!<\/p>\n<p style=\"text-align: justify;\">K\u00ebta polic\u00eb nuk p\u00ebrfaq\u00ebsojn\u00eb ata qindra djem t\u00eb nderuar, q\u00eb me p\u00ebrkushtimin e tyre, vlerat e tabanit, profesionalizmin, qytetarin\u00eb dhe, mbi t\u00eb gjitha me njerzillekun e tyre, japin nj\u00eb kontribut t\u00eb shk\u00eblqyer p\u00ebr t\u00eb ngritur n\u00eb piedestalin e merituar imazhin dhe rolin e ruajt\u00ebsit t\u00eb rendit, siguris\u00eb, paqes e qet\u00ebsis\u00eb n\u00eb shoq\u00ebri!<\/p>\n<p style=\"text-align: justify;\">T\u00eb till\u00ebt duhet t\u00eb jen\u00eb pjes\u00eb e lutjeve tona ditore, q\u00eb Zoti Fuqiplot\u00eb t\u2019i ruaj\u00eb e t\u2019i jap\u00eb mbar\u00ebsi!<\/p>\n<p style=\"text-align: justify;\">Polici a kushdo q\u00eb terrorizon t\u00eb riun ton\u00eb, q\u00eb e godet at\u00eb barbarisht n\u00eb mes t\u00eb dit\u00ebs e n\u00eb mes t\u00eb rrug\u00ebs, q\u00eb e shan dhe e p\u00ebrul\u00eb at\u00eb publikisht, nuk b\u00ebn t\u00eb tolerohet, as t\u00eb justifikohet, as t\u00eb mbrohet nga askush!<\/p>\n<p style=\"text-align: justify;\">T\u00eb gjith\u00eb duhet ta kund\u00ebrshtojm\u00eb t\u00eb keqen, ta refuzojm\u00eb at\u00eb, t\u00eb mosbindemi para saj, t\u00eb mos tolerojm\u00eb e t\u00eb mos pranojm\u00eb er\u00ebn e saj mbyt\u00ebse, q\u00eb e ka rritur duksh\u00ebm nivelin e smogut t\u00eb zullumit e t\u00eb dekadentes; ku nga djall\u00ebzia e prodhuesve dhe propaganduesve t\u00eb saj, ku nga heshtja, p\u00ebrgjumja dhe b\u00ebrja pal\u00eb me realitetet e k\u00ebtij modeli munker!<\/p>\n<p style=\"text-align: justify;\">Pamje t\u00eb tilla d\u00ebshmojn\u00eb kriz\u00eb t\u00eb thell\u00eb morale e njer\u00ebzore, q\u00eb ka nevoj\u00eb t\u00eb menj\u00ebhershme p\u00ebr sh\u00ebrim e pastrim!<\/p>\n<p style=\"text-align: right;\"><strong>Imam Muhamed B. Sytari<\/strong><br \/>\n<em>Myfti i Zon\u00ebs Shkod\u00ebr<\/em><\/p>\n<p style=\"text-align: right;\"><em>Shkod\u00ebr, m\u00eb 16 maj 2020<\/em><\/p>\n<\/div>\n","protected":false},"excerpt":{"rendered":"<div class=\"mh-excerpt\"><p>P\u00ebrballja me \u201carmikun\u201d e paduksh\u00ebm, q\u00eb ka kapluar globin dhe q\u00eb dita-dit\u00ebs po nxjerr n\u00eb pah t\u00eb v\u00ebrtetat e m\u00ebdha t\u00eb k\u00ebsaj q\u00eb po ngjet kudo n\u00eb bot\u00eb, po na shfaq nj\u00ebkoh\u00ebsisht edhe fytyra dhe <a class=\"mh-excerpt-more\" href=\"https:\/\/myftinia-shkoder.org\/?p=8104\" title=\"Kriza e thell\u00eb morale e njer\u00ebzore\">[&#8230;]<\/a><\/p>\n<\/div>","protected":false},"author":1,"featured_media":8105,"comment_status":"closed","ping_status":"closed","sticky":false,"template":"","format":"standard","meta":{"footnotes":""},"categories":[13,21],"tags":[],"class_list":["post-8104","post","type-post","status-publish","format-standard","has-post-thumbnail","hentry","category-aktualitet","category-ramazan-1441-2020"],"_links":{"self":[{"href":"https:\/\/myftinia-shkoder.org\/index.php?rest_route=\/wp\/v2\/posts\/8104","targetHints":{"allow":["GET"]}}],"collection":[{"href":"https:\/\/myftinia-shkoder.org\/index.php?rest_route=\/wp\/v2\/posts"}],"about":[{"href":"https:\/\/myftinia-shkoder.org\/index.php?rest_route=\/wp\/v2\/types\/post"}],"author":[{"embeddable":true,"href":"https:\/\/myftinia-shkoder.org\/index.php?rest_route=\/wp\/v2\/users\/1"}],"replies":[{"embeddable":true,"href":"https:\/\/myftinia-shkoder.org\/index.php?rest_route=%2Fwp%2Fv2%2Fcomments&post=8104"}],"version-history":[{"count":1,"href":"https:\/\/myftinia-shkoder.org\/index.php?rest_route=\/wp\/v2\/posts\/8104\/revisions"}],"predecessor-version":[{"id":8106,"href":"https:\/\/myftinia-shkoder.org\/index.php?rest_route=\/wp\/v2\/posts\/8104\/revisions\/8106"}],"wp:featuredmedia":[{"embeddable":true,"href":"https:\/\/myftinia-shkoder.org\/index.php?rest_route=\/wp\/v2\/media\/8105"}],"wp:attachment":[{"href":"https:\/\/myftinia-shkoder.org\/index.php?rest_route=%2Fwp%2Fv2%2Fmedia&parent=8104"}],"wp:term":[{"taxonomy":"category","embeddable":true,"href":"https:\/\/myftinia-shkoder.org\/index.php?rest_route=%2Fwp%2Fv2%2Fcategories&post=8104"},{"taxonomy":"post_tag","embeddable":true,"href":"https:\/\/myftinia-shkoder.org\/index.php?rest_route=%2Fwp%2Fv2%2Ftags&post=8104"}],"curies":[{"name":"wp","href":"https:\/\/api.w.org\/{rel}","templated":true}]}}