{"id":8574,"date":"2020-09-26T22:29:37","date_gmt":"2020-09-26T22:29:37","guid":{"rendered":"http:\/\/myftinia-shkoder.org\/?p=8574"},"modified":"2020-09-27T10:29:55","modified_gmt":"2020-09-27T10:29:55","slug":"mbremje-fetare-ne-xhamine-e-muriqanit","status":"publish","type":"post","link":"https:\/\/myftinia-shkoder.org\/?p=8574","title":{"rendered":"Mbr\u00ebmje fetare n\u00eb xhamin\u00eb e Muriqanit"},"content":{"rendered":"<div class=\"o9v6fnle cxmmr5t8 oygrvhab hcukyx3x c1et5uql ii04i59q\">\n<p dir=\"auto\" style=\"text-align: justify;\">Mbr\u00ebmjen e s\u00eb shtun\u00ebs, m\u00eb 26 shtator 2020, n\u00eb vazhd\u00ebn e ciklit t\u00eb ligj\u00ebratave me tem\u00eb: &#8220;Xhamia na mbledh, drita e All-llahut na udh\u00ebzon!&#8221;, u mbajt ligj\u00ebrata me tem\u00eb: &#8220;Fal\u00ebnderimi dhe mir\u00ebnjohja ndaj Zotit&#8221;, nga Myftiu i Shkodr\u00ebs, Imam Muhamed B. Sytari.<\/p>\n<p dir=\"auto\" style=\"text-align: justify;\">N\u00eb ligj\u00ebrat\u00ebn e mbajtur pas namazit t\u00eb akshamit n\u00eb xhamin\u00eb e Muriqanit, Ana e Malit, Myftiu i Shkodr\u00ebs shprehu n\u00eb krye t\u00eb her\u00ebs fal\u00ebnderimet dhe vlesimin e tij p\u00ebr imam\u00ebt e nderuar t\u00eb zon\u00ebs p\u00ebr pun\u00ebn e palodhur dhe kontributin p\u00ebr gjall\u00ebrimin e jet\u00ebs fetare e kulturore, n\u00ebp\u00ebrmjet aktivitetit t\u00eb xhamis\u00eb dhe me komunitetin e gjer\u00eb.<\/p>\n<p dir=\"auto\" style=\"text-align: justify;\">Myftiu ligj\u00ebroi rreth tem\u00ebs s\u00eb mir\u00ebnjohjes ndaj Zotit n\u00eb jet\u00ebn e p\u00ebrditshme, ku vuri theksin tek disa argumente q\u00eb na ftojn\u00eb t\u00eb meditojm\u00eb rreth mir\u00ebsive pa fund, me t\u00eb cilat, All-llahu i Madh\u00ebruar e ka zbukuruar jet\u00ebn ton\u00eb, si: siguria, sh\u00ebndeti, ushqimi, etj.<\/p>\n<p dir=\"auto\" style=\"text-align: justify;\">Myftiu vuri theksin tek domosdoshm\u00ebria e respektimit t\u00eb mir\u00ebsive t\u00eb Zotit n\u00eb jet\u00eb dhe kthimit p\u00ebrher\u00eb tek sekretet e besimit, q\u00eb i dhurojn\u00eb njeriut paqen e brendshme dhe rehatin\u00eb e shpirtit.<\/p>\n<p dir=\"auto\" style=\"text-align: justify;\">Ai theksoi se edhe vet\u00eb fal\u00ebnderimi, me t\u00eb cilin besimtari i shpreh mir\u00ebnjohjen e tij All-llahut (xh.sh), \u00ebsht\u00eb mbar\u00ebsi nga vet\u00eb Zoti p\u00ebr njeriun, si p\u00ebr t&#8217;i th\u00ebn\u00eb: &#8220;Un\u00eb dua ta d\u00ebgjoj z\u00ebrin t\u00ebnd duke m\u00eb fal\u00ebnderuar!&#8221;.<\/p>\n<p dir=\"auto\" style=\"text-align: justify;\">Cikli i ligj\u00ebratave javore do t\u00eb vijoj\u00eb edhe n\u00eb xhami t\u00eb tjera t\u00eb qytetit dhe t\u00eb fshatit.<\/p>\n<\/div>\n<div class=\"o9v6fnle cxmmr5t8 oygrvhab hcukyx3x c1et5uql ii04i59q\">\n<div id='gallery-1' class='gallery galleryid-8574 gallery-columns-4 gallery-size-thumbnail'><figure class='gallery-item'>\n\t\t\t<div class='gallery-icon portrait'>\n\t\t\t\t<a href='https:\/\/myftinia-shkoder.org\/?attachment_id=8582'><img loading=\"lazy\" decoding=\"async\" width=\"150\" height=\"150\" src=\"https:\/\/myftinia-shkoder.org\/wp-content\/uploads\/2020\/09\/Myftiu_Muriqan_26shtator2020-1-150x150.jpg\" class=\"attachment-thumbnail size-thumbnail\" alt=\"\" \/><\/a>\n\t\t\t<\/div><\/figure><figure class='gallery-item'>\n\t\t\t<div class='gallery-icon portrait'>\n\t\t\t\t<a href='https:\/\/myftinia-shkoder.org\/?attachment_id=8581'><img loading=\"lazy\" decoding=\"async\" width=\"150\" height=\"150\" src=\"https:\/\/myftinia-shkoder.org\/wp-content\/uploads\/2020\/09\/Myftiu_Muriqan_26shtator2020-8-150x150.jpg\" class=\"attachment-thumbnail size-thumbnail\" alt=\"\" \/><\/a>\n\t\t\t<\/div><\/figure><figure class='gallery-item'>\n\t\t\t<div class='gallery-icon portrait'>\n\t\t\t\t<a href='https:\/\/myftinia-shkoder.org\/?attachment_id=8580'><img loading=\"lazy\" decoding=\"async\" width=\"150\" height=\"150\" src=\"https:\/\/myftinia-shkoder.org\/wp-content\/uploads\/2020\/09\/Myftiu_Muriqan_26shtator2020-7-150x150.jpg\" class=\"attachment-thumbnail size-thumbnail\" alt=\"\" \/><\/a>\n\t\t\t<\/div><\/figure><figure class='gallery-item'>\n\t\t\t<div class='gallery-icon landscape'>\n\t\t\t\t<a href='https:\/\/myftinia-shkoder.org\/?attachment_id=8579'><img loading=\"lazy\" decoding=\"async\" width=\"150\" height=\"150\" src=\"https:\/\/myftinia-shkoder.org\/wp-content\/uploads\/2020\/09\/Myftiu_Muriqan_26shtator2020-6-150x150.jpg\" class=\"attachment-thumbnail size-thumbnail\" alt=\"\" \/><\/a>\n\t\t\t<\/div><\/figure><figure class='gallery-item'>\n\t\t\t<div class='gallery-icon landscape'>\n\t\t\t\t<a href='https:\/\/myftinia-shkoder.org\/?attachment_id=8578'><img loading=\"lazy\" decoding=\"async\" width=\"150\" height=\"150\" src=\"https:\/\/myftinia-shkoder.org\/wp-content\/uploads\/2020\/09\/Myftiu_Muriqan_26shtator2020-5-150x150.jpg\" class=\"attachment-thumbnail size-thumbnail\" alt=\"\" \/><\/a>\n\t\t\t<\/div><\/figure><figure class='gallery-item'>\n\t\t\t<div class='gallery-icon landscape'>\n\t\t\t\t<a href='https:\/\/myftinia-shkoder.org\/?attachment_id=8577'><img loading=\"lazy\" decoding=\"async\" width=\"150\" height=\"150\" src=\"https:\/\/myftinia-shkoder.org\/wp-content\/uploads\/2020\/09\/Myftiu_Muriqan_26shtator2020-4-150x150.jpg\" class=\"attachment-thumbnail size-thumbnail\" alt=\"\" \/><\/a>\n\t\t\t<\/div><\/figure><figure class='gallery-item'>\n\t\t\t<div class='gallery-icon landscape'>\n\t\t\t\t<a href='https:\/\/myftinia-shkoder.org\/?attachment_id=8576'><img loading=\"lazy\" decoding=\"async\" width=\"150\" height=\"150\" src=\"https:\/\/myftinia-shkoder.org\/wp-content\/uploads\/2020\/09\/Myftiu_Muriqan_26shtator2020-3-150x150.jpg\" class=\"attachment-thumbnail size-thumbnail\" alt=\"\" \/><\/a>\n\t\t\t<\/div><\/figure><figure class='gallery-item'>\n\t\t\t<div class='gallery-icon landscape'>\n\t\t\t\t<a href='https:\/\/myftinia-shkoder.org\/?attachment_id=8575'><img loading=\"lazy\" decoding=\"async\" width=\"150\" height=\"150\" src=\"https:\/\/myftinia-shkoder.org\/wp-content\/uploads\/2020\/09\/Myftiu_Muriqan_26shtator2020-2-150x150.jpg\" class=\"attachment-thumbnail size-thumbnail\" alt=\"\" \/><\/a>\n\t\t\t<\/div><\/figure>\n\t\t<\/div>\n\n<\/div>\n","protected":false},"excerpt":{"rendered":"<div class=\"mh-excerpt\"><p>Mbr\u00ebmjen e s\u00eb shtun\u00ebs, m\u00eb 26 shtator 2020, n\u00eb vazhd\u00ebn e ciklit t\u00eb ligj\u00ebratave me tem\u00eb: &#8220;Xhamia na mbledh, drita e All-llahut na udh\u00ebzon!&#8221;, u mbajt ligj\u00ebrata me tem\u00eb: &#8220;Fal\u00ebnderimi dhe mir\u00ebnjohja ndaj Zotit&#8221;, nga <a class=\"mh-excerpt-more\" href=\"https:\/\/myftinia-shkoder.org\/?p=8574\" title=\"Mbr\u00ebmje fetare n\u00eb xhamin\u00eb e Muriqanit\">[&#8230;]<\/a><\/p>\n<\/div>","protected":false},"author":1,"featured_media":8575,"comment_status":"closed","ping_status":"closed","sticky":false,"template":"","format":"standard","meta":{"footnotes":""},"categories":[1],"tags":[],"class_list":["post-8574","post","type-post","status-publish","format-standard","has-post-thumbnail","hentry","category-aktivitete"],"_links":{"self":[{"href":"https:\/\/myftinia-shkoder.org\/index.php?rest_route=\/wp\/v2\/posts\/8574","targetHints":{"allow":["GET"]}}],"collection":[{"href":"https:\/\/myftinia-shkoder.org\/index.php?rest_route=\/wp\/v2\/posts"}],"about":[{"href":"https:\/\/myftinia-shkoder.org\/index.php?rest_route=\/wp\/v2\/types\/post"}],"author":[{"embeddable":true,"href":"https:\/\/myftinia-shkoder.org\/index.php?rest_route=\/wp\/v2\/users\/1"}],"replies":[{"embeddable":true,"href":"https:\/\/myftinia-shkoder.org\/index.php?rest_route=%2Fwp%2Fv2%2Fcomments&post=8574"}],"version-history":[{"count":2,"href":"https:\/\/myftinia-shkoder.org\/index.php?rest_route=\/wp\/v2\/posts\/8574\/revisions"}],"predecessor-version":[{"id":8584,"href":"https:\/\/myftinia-shkoder.org\/index.php?rest_route=\/wp\/v2\/posts\/8574\/revisions\/8584"}],"wp:featuredmedia":[{"embeddable":true,"href":"https:\/\/myftinia-shkoder.org\/index.php?rest_route=\/wp\/v2\/media\/8575"}],"wp:attachment":[{"href":"https:\/\/myftinia-shkoder.org\/index.php?rest_route=%2Fwp%2Fv2%2Fmedia&parent=8574"}],"wp:term":[{"taxonomy":"category","embeddable":true,"href":"https:\/\/myftinia-shkoder.org\/index.php?rest_route=%2Fwp%2Fv2%2Fcategories&post=8574"},{"taxonomy":"post_tag","embeddable":true,"href":"https:\/\/myftinia-shkoder.org\/index.php?rest_route=%2Fwp%2Fv2%2Ftags&post=8574"}],"curies":[{"name":"wp","href":"https:\/\/api.w.org\/{rel}","templated":true}]}}