{"id":8602,"date":"2020-10-01T19:00:00","date_gmt":"2020-10-01T19:00:00","guid":{"rendered":"http:\/\/myftinia-shkoder.org\/?p=8602"},"modified":"2020-10-01T19:00:00","modified_gmt":"2020-10-01T19:00:00","slug":"myftiu-ngushelloi-ambasadorin-e-kuvajtit-per-ndarjen-nga-jeta-te-emirit-al-sabah","status":"publish","type":"post","link":"https:\/\/myftinia-shkoder.org\/?p=8602","title":{"rendered":"Myftiu ngush\u00eblloi ambasadorin e Kuvajtit p\u00ebr ndarjen nga jeta t\u00eb Emirit Al-Sabah"},"content":{"rendered":"<div class=\"o9v6fnle cxmmr5t8 oygrvhab hcukyx3x c1et5uql ii04i59q\">\n<p dir=\"auto\" style=\"text-align: justify;\">Dit\u00ebn e enjte, m\u00eb 1 tetor 2020, Myftiu i Shkodr\u00ebs, Imam Muhamed B. Sytari, mori pjes\u00eb n\u00eb pritjen zyrtare t\u00eb ngush\u00ebllimeve dhe konsideratave, organizuar nga ambasada e Shtetit t\u00eb Kuvajtit n\u00eb vendin ton\u00eb, me rastin e nd\u00ebrrimit jet\u00eb t\u00eb Emirit t\u00eb Kuvajtit, Sheik Sabah Al-Ahmed Al-Xhabir As-Sabah, i cili u nda nga jeta dit\u00ebn e mart\u00eb, m\u00eb 29 shtator 2020, n\u00eb mosh\u00ebn 91 vje\u00e7are.<\/p>\n<p dir=\"auto\" style=\"text-align: justify;\">Me k\u00ebt\u00eb rast, Myftiu Sytari i shprehu ngush\u00ebllimet e tij dhe Myftinis\u00eb Shkod\u00ebr ambasadorit kuvajtian, ShTZ. Fajiz Meshari Al-Xhasim, duke shprehur respektin dhe nderimin e madh p\u00ebr Emirin e Kuvajtit, Madh\u00ebrin\u00eb e Tij, Emirin Sabah Al-Sabah, i mir\u00ebnjohur bot\u00ebrisht p\u00ebr q\u00ebndrimet e tij fisnike n\u00eb p\u00ebrkrahje t\u00eb njer\u00ebzve n\u00eb nevoj\u00eb, p\u00ebr q\u00ebndrimet dinjitoze rreth \u00e7\u00ebshtjes s\u00eb Palestin\u00ebs, p\u00ebr thirrjet e tij t\u00eb urta drejt paqtimit dhe bashk\u00ebpunimit n\u00eb mesin e vendeve n\u00eb konflikt dhe p\u00ebrtej!<\/p>\n<p dir=\"auto\" style=\"text-align: justify;\">Myftiu i dor\u00ebzoi ambasadorit Al-Xhasim edhe nj\u00eb ngush\u00ebllim zyrtar n\u00eb em\u00ebr t\u00eb Myftinis\u00eb Shkod\u00ebr, imam\u00ebve dhe besimtar\u00ebve t\u00eb saj, q\u00eb luten p\u00ebr shpirtin e Emirit t\u00eb Kuvajtit, q\u00eb kaloi nga kjo bot\u00eb, duke l\u00ebn\u00eb pas gjurm\u00eb t\u00eb shumta, q\u00eb e rreshtojn\u00eb emrin e tij m\u00eb mesin e njer\u00ebzve t\u00eb shquar t\u00eb shekullit.<\/p>\n<p dir=\"auto\" style=\"text-align: justify;\">N\u00eb k\u00ebt\u00eb shprehje ngush\u00ebllimi, Myftiu shoq\u00ebrohej edhe nga drejtori i Medreses\u00eb &#8220;Haxhi Sheh Shamia&#8221;, z. Kujtim Dervishi, sekretari i K\u00ebshillit t\u00eb Myftinis\u00eb Shkod\u00ebr, H. Fejzi Zaganjori, imami i xhamis\u00eb Parruc\u00eb, teologu\u00a0Naim Drijaj\u00a0dhe sekretari organizativ i Myftinis\u00eb Shkod\u00ebr, teologu\u00a0Lavdrim Hamja.<\/p>\n<div id='gallery-1' class='gallery galleryid-8602 gallery-columns-3 gallery-size-thumbnail'><figure class='gallery-item'>\n\t\t\t<div class='gallery-icon portrait'>\n\t\t\t\t<a href='https:\/\/myftinia-shkoder.org\/?attachment_id=8605'><img loading=\"lazy\" decoding=\"async\" width=\"150\" height=\"150\" src=\"https:\/\/myftinia-shkoder.org\/wp-content\/uploads\/2020\/10\/ngushellim_ambasada_Kuvajtit-1-150x150.jpg\" class=\"attachment-thumbnail size-thumbnail\" alt=\"\" \/><\/a>\n\t\t\t<\/div><\/figure><figure class='gallery-item'>\n\t\t\t<div class='gallery-icon landscape'>\n\t\t\t\t<a href='https:\/\/myftinia-shkoder.org\/?attachment_id=8604'><img loading=\"lazy\" decoding=\"async\" width=\"150\" height=\"150\" src=\"https:\/\/myftinia-shkoder.org\/wp-content\/uploads\/2020\/10\/ngushellim_ambasada_Kuvajtit-3-150x150.jpg\" class=\"attachment-thumbnail size-thumbnail\" alt=\"\" srcset=\"https:\/\/myftinia-shkoder.org\/wp-content\/uploads\/2020\/10\/ngushellim_ambasada_Kuvajtit-3-150x150.jpg 150w, https:\/\/myftinia-shkoder.org\/wp-content\/uploads\/2020\/10\/ngushellim_ambasada_Kuvajtit-3-300x300.jpg 300w, https:\/\/myftinia-shkoder.org\/wp-content\/uploads\/2020\/10\/ngushellim_ambasada_Kuvajtit-3-1024x1024.jpg 1024w, https:\/\/myftinia-shkoder.org\/wp-content\/uploads\/2020\/10\/ngushellim_ambasada_Kuvajtit-3-768x768.jpg 768w, https:\/\/myftinia-shkoder.org\/wp-content\/uploads\/2020\/10\/ngushellim_ambasada_Kuvajtit-3.jpg 1080w\" sizes=\"auto, (max-width: 150px) 100vw, 150px\" \/><\/a>\n\t\t\t<\/div><\/figure><figure class='gallery-item'>\n\t\t\t<div class='gallery-icon landscape'>\n\t\t\t\t<a href='https:\/\/myftinia-shkoder.org\/?attachment_id=8603'><img loading=\"lazy\" decoding=\"async\" width=\"150\" height=\"150\" src=\"https:\/\/myftinia-shkoder.org\/wp-content\/uploads\/2020\/10\/ngushellim_ambasada_Kuvajtit-2-150x150.jpg\" class=\"attachment-thumbnail size-thumbnail\" alt=\"\" \/><\/a>\n\t\t\t<\/div><\/figure>\n\t\t<\/div>\n\n<\/div>\n","protected":false},"excerpt":{"rendered":"<div class=\"mh-excerpt\"><p>Dit\u00ebn e enjte, m\u00eb 1 tetor 2020, Myftiu i Shkodr\u00ebs, Imam Muhamed B. Sytari, mori pjes\u00eb n\u00eb pritjen zyrtare t\u00eb ngush\u00ebllimeve dhe konsideratave, organizuar nga ambasada e Shtetit t\u00eb Kuvajtit n\u00eb vendin ton\u00eb, me rastin <a class=\"mh-excerpt-more\" href=\"https:\/\/myftinia-shkoder.org\/?p=8602\" title=\"Myftiu ngush\u00eblloi ambasadorin e Kuvajtit p\u00ebr ndarjen nga jeta t\u00eb Emirit Al-Sabah\">[&#8230;]<\/a><\/p>\n<\/div>","protected":false},"author":1,"featured_media":8604,"comment_status":"closed","ping_status":"closed","sticky":false,"template":"","format":"standard","meta":{"footnotes":""},"categories":[16],"tags":[],"class_list":["post-8602","post","type-post","status-publish","format-standard","has-post-thumbnail","hentry","category-bota-islame"],"_links":{"self":[{"href":"https:\/\/myftinia-shkoder.org\/index.php?rest_route=\/wp\/v2\/posts\/8602","targetHints":{"allow":["GET"]}}],"collection":[{"href":"https:\/\/myftinia-shkoder.org\/index.php?rest_route=\/wp\/v2\/posts"}],"about":[{"href":"https:\/\/myftinia-shkoder.org\/index.php?rest_route=\/wp\/v2\/types\/post"}],"author":[{"embeddable":true,"href":"https:\/\/myftinia-shkoder.org\/index.php?rest_route=\/wp\/v2\/users\/1"}],"replies":[{"embeddable":true,"href":"https:\/\/myftinia-shkoder.org\/index.php?rest_route=%2Fwp%2Fv2%2Fcomments&post=8602"}],"version-history":[{"count":1,"href":"https:\/\/myftinia-shkoder.org\/index.php?rest_route=\/wp\/v2\/posts\/8602\/revisions"}],"predecessor-version":[{"id":8606,"href":"https:\/\/myftinia-shkoder.org\/index.php?rest_route=\/wp\/v2\/posts\/8602\/revisions\/8606"}],"wp:featuredmedia":[{"embeddable":true,"href":"https:\/\/myftinia-shkoder.org\/index.php?rest_route=\/wp\/v2\/media\/8604"}],"wp:attachment":[{"href":"https:\/\/myftinia-shkoder.org\/index.php?rest_route=%2Fwp%2Fv2%2Fmedia&parent=8602"}],"wp:term":[{"taxonomy":"category","embeddable":true,"href":"https:\/\/myftinia-shkoder.org\/index.php?rest_route=%2Fwp%2Fv2%2Fcategories&post=8602"},{"taxonomy":"post_tag","embeddable":true,"href":"https:\/\/myftinia-shkoder.org\/index.php?rest_route=%2Fwp%2Fv2%2Ftags&post=8602"}],"curies":[{"name":"wp","href":"https:\/\/api.w.org\/{rel}","templated":true}]}}