{"id":8607,"date":"2020-10-02T15:14:53","date_gmt":"2020-10-02T15:14:53","guid":{"rendered":"http:\/\/myftinia-shkoder.org\/?p=8607"},"modified":"2020-10-04T10:23:35","modified_gmt":"2020-10-04T10:23:35","slug":"ne-xhamine-e-parruces-falet-xhenazja-ne-mungese-per-emrin-e-kuvajtit","status":"publish","type":"post","link":"https:\/\/myftinia-shkoder.org\/?p=8607","title":{"rendered":"N\u00eb xhamin\u00eb e Parruc\u00ebs falet xhenazja n\u00eb munges\u00eb p\u00ebr Emirin e Kuvajtit"},"content":{"rendered":"<div class=\"o9v6fnle cxmmr5t8 oygrvhab hcukyx3x c1et5uql ii04i59q\">\n<p dir=\"auto\" style=\"text-align: justify;\">Myftiu i Shkodr\u00ebs, Imam Muhamed B. Sytari gjat\u00eb hytbes s\u00eb xhumas\u00eb, m\u00eb 2 tetor 2020, n\u00eb xhamin\u00eb e Parruc\u00ebs vler\u00ebsoi lart personalitetin e lart\u00eb t\u00eb Emirit t\u00eb Kuvajtit, Shejkh Sabah Al-Ahmed Al-Xhabir Es-Sabah, i cili nd\u00ebrroi jet\u00eb n\u00eb mosh\u00ebn 91 vje\u00e7are, t\u00eb mart\u00ebn, m\u00eb 29 shtator 2020.<\/p>\n<p dir=\"auto\" style=\"text-align: justify;\">Myftiu, edhe n\u00eb em\u00ebr t\u00eb institucionit t\u00eb Myftinis\u00eb dhe t\u00eb gjith\u00eb mysliman\u00ebve t\u00eb Shkodr\u00ebs shprehu ngush\u00ebllimin zyrtar si dhe ftoj t\u00eb gjith\u00eb besimtar\u00ebt e pranish\u00ebm dhe m\u00eb tej t\u00eb luten p\u00ebr shpirtin e Emirit t\u00eb Kuvajtit, i cili u nda nga kjo jet\u00eb duke l\u00ebn\u00eb gjurm\u00eb t\u00eb m\u00ebdha n\u00eb humaniz\u00ebm dhe solidaritetit me t\u00eb gjitha vendet e bot\u00ebs pa dallim besimi, race, kombi dhe gjuhe.<\/p>\n<p dir=\"auto\" style=\"text-align: justify;\">Myftiu tha se: Emiri i Kuvajtit u nda me faqe t\u00eb bardh\u00eb nga kjo bot\u00eb e ngarkuar me fitne dhe sprova nga m\u00eb t\u00eb ndryshmet. Nj\u00eb njeri, i cili meritoi nga Organizata e Kombeve t\u00eb Bashkuara (OKB) para pak vitesh vler\u00ebsimin e madh \u201cUdh\u00ebheq\u00ebsi i Humanizimit&#8221;.<\/p>\n<p dir=\"auto\" style=\"text-align: justify;\">Gjurm\u00ebt e humanizmit, sipas Imam Muhamed Sytarit, jan\u00eb t\u00eb pranishme edhe n\u00eb vendin ton\u00eb, tash 30 vite investime pa kushte, n\u00eb shum\u00eb fusha (ekonomike, sociale, kulturore) etj.<\/p>\n<p dir=\"auto\" style=\"text-align: justify;\">Edhe Shkodra ka pasur nderin dhe fatin e mir\u00eb q\u00eb bamir\u00ebsia dhe humanizimi i Shtetit t\u00eb Kuvajtit n\u00ebn udh\u00ebheqjen e Emirit t\u00eb tij, t\u00eb shtrihet p\u00ebrmes nd\u00ebrtimit t\u00eb shum\u00eb xhamive dhe qendrave kulturore, ndihmave p\u00ebr mij\u00ebra jetim\u00eb dhe familje n\u00eb nevoj\u00eb si dhe shum\u00eb investime sociale, t\u00eb cilat duhet p\u00ebrher\u00eb t\u00eb ken\u00eb nga ana e jon\u00eb mir\u00ebnjohjen dhe fal\u00ebnderimin ndaj udh\u00ebheqjes s\u00eb Kuvajtit dhe popullit t\u00eb tij v\u00eblla dhe mik t\u00eb p\u00ebrhersh\u00ebm.<\/p>\n<p dir=\"auto\" style=\"text-align: justify;\">Pas faljes s\u00eb namazit t\u00eb xhumas\u00eb, n\u00ebn drejtimin e Myftiut t\u00eb Shkodr\u00ebs u fal xhenazja n\u00eb munges\u00eb si dhe u b\u00ebn\u00eb lutje p\u00ebr shpirtin e Shejkh Sabah Al-Ahmed Al-Xhabir Es-Sabah.<\/p>\n<p dir=\"auto\">\n<div id='gallery-1' class='gallery galleryid-8607 gallery-columns-4 gallery-size-thumbnail'><figure class='gallery-item'>\n\t\t\t<div class='gallery-icon landscape'>\n\t\t\t\t<a href='https:\/\/myftinia-shkoder.org\/?attachment_id=8608'><img loading=\"lazy\" decoding=\"async\" width=\"150\" height=\"150\" src=\"https:\/\/myftinia-shkoder.org\/wp-content\/uploads\/2020\/10\/Imam-Muhamed-Sytari-150x150.jpeg\" class=\"attachment-thumbnail size-thumbnail\" alt=\"\" \/><\/a>\n\t\t\t<\/div><\/figure><figure class='gallery-item'>\n\t\t\t<div class='gallery-icon landscape'>\n\t\t\t\t<a href='https:\/\/myftinia-shkoder.org\/?attachment_id=8611'><img loading=\"lazy\" decoding=\"async\" width=\"150\" height=\"150\" src=\"https:\/\/myftinia-shkoder.org\/wp-content\/uploads\/2020\/10\/Myftinia_Shkoder_xhenazja_emiri_Kuvajtit-1-150x150.jpeg\" class=\"attachment-thumbnail size-thumbnail\" alt=\"\" \/><\/a>\n\t\t\t<\/div><\/figure><figure class='gallery-item'>\n\t\t\t<div class='gallery-icon landscape'>\n\t\t\t\t<a href='https:\/\/myftinia-shkoder.org\/?attachment_id=8613'><img loading=\"lazy\" decoding=\"async\" width=\"150\" height=\"150\" src=\"https:\/\/myftinia-shkoder.org\/wp-content\/uploads\/2020\/10\/Myftinia_Shkoder_xhenazja_emiri_Kuvajtit-3-150x150.jpeg\" class=\"attachment-thumbnail size-thumbnail\" alt=\"\" \/><\/a>\n\t\t\t<\/div><\/figure><figure class='gallery-item'>\n\t\t\t<div class='gallery-icon landscape'>\n\t\t\t\t<a href='https:\/\/myftinia-shkoder.org\/?attachment_id=8612'><img loading=\"lazy\" decoding=\"async\" width=\"150\" height=\"150\" src=\"https:\/\/myftinia-shkoder.org\/wp-content\/uploads\/2020\/10\/Myftinia_Shkoder_xhenazja_emiri_Kuvajtit-2-150x150.jpeg\" class=\"attachment-thumbnail size-thumbnail\" alt=\"\" \/><\/a>\n\t\t\t<\/div><\/figure>\n\t\t<\/div>\n\n<\/div>\n","protected":false},"excerpt":{"rendered":"<div class=\"mh-excerpt\"><p>Myftiu i Shkodr\u00ebs, Imam Muhamed B. Sytari gjat\u00eb hytbes s\u00eb xhumas\u00eb, m\u00eb 2 tetor 2020, n\u00eb xhamin\u00eb e Parruc\u00ebs vler\u00ebsoi lart personalitetin e lart\u00eb t\u00eb Emirit t\u00eb Kuvajtit, Shejkh Sabah Al-Ahmed Al-Xhabir Es-Sabah, i cili <a class=\"mh-excerpt-more\" href=\"https:\/\/myftinia-shkoder.org\/?p=8607\" title=\"N\u00eb xhamin\u00eb e Parruc\u00ebs falet xhenazja n\u00eb munges\u00eb p\u00ebr Emirin e Kuvajtit\">[&#8230;]<\/a><\/p>\n<\/div>","protected":false},"author":1,"featured_media":8612,"comment_status":"closed","ping_status":"closed","sticky":false,"template":"","format":"standard","meta":{"footnotes":""},"categories":[16],"tags":[],"class_list":["post-8607","post","type-post","status-publish","format-standard","has-post-thumbnail","hentry","category-bota-islame"],"_links":{"self":[{"href":"https:\/\/myftinia-shkoder.org\/index.php?rest_route=\/wp\/v2\/posts\/8607","targetHints":{"allow":["GET"]}}],"collection":[{"href":"https:\/\/myftinia-shkoder.org\/index.php?rest_route=\/wp\/v2\/posts"}],"about":[{"href":"https:\/\/myftinia-shkoder.org\/index.php?rest_route=\/wp\/v2\/types\/post"}],"author":[{"embeddable":true,"href":"https:\/\/myftinia-shkoder.org\/index.php?rest_route=\/wp\/v2\/users\/1"}],"replies":[{"embeddable":true,"href":"https:\/\/myftinia-shkoder.org\/index.php?rest_route=%2Fwp%2Fv2%2Fcomments&post=8607"}],"version-history":[{"count":5,"href":"https:\/\/myftinia-shkoder.org\/index.php?rest_route=\/wp\/v2\/posts\/8607\/revisions"}],"predecessor-version":[{"id":8616,"href":"https:\/\/myftinia-shkoder.org\/index.php?rest_route=\/wp\/v2\/posts\/8607\/revisions\/8616"}],"wp:featuredmedia":[{"embeddable":true,"href":"https:\/\/myftinia-shkoder.org\/index.php?rest_route=\/wp\/v2\/media\/8612"}],"wp:attachment":[{"href":"https:\/\/myftinia-shkoder.org\/index.php?rest_route=%2Fwp%2Fv2%2Fmedia&parent=8607"}],"wp:term":[{"taxonomy":"category","embeddable":true,"href":"https:\/\/myftinia-shkoder.org\/index.php?rest_route=%2Fwp%2Fv2%2Fcategories&post=8607"},{"taxonomy":"post_tag","embeddable":true,"href":"https:\/\/myftinia-shkoder.org\/index.php?rest_route=%2Fwp%2Fv2%2Ftags&post=8607"}],"curies":[{"name":"wp","href":"https:\/\/api.w.org\/{rel}","templated":true}]}}