{"id":896,"date":"2016-07-13T20:02:31","date_gmt":"2016-07-13T20:02:31","guid":{"rendered":"http:\/\/myftinia-shkoder.org\/?p=896"},"modified":"2016-07-14T07:35:36","modified_gmt":"2016-07-14T07:35:36","slug":"myftiu-kerkon-permiresimin-e-cilesise-se-hytbeve","status":"publish","type":"post","link":"https:\/\/myftinia-shkoder.org\/?p=896","title":{"rendered":"Myftiu k\u00ebrkon p\u00ebrmir\u00ebsimin e cil\u00ebsis\u00eb s\u00eb hytbeve"},"content":{"rendered":"<p style=\"text-align: justify;\">Dit\u00ebn e m\u00ebrkur\u00eb, m\u00eb 13 korrik 2016, Myftiu i Shkodr\u00ebs, Imam Muhamed B. Sytari, zhvilloi nj\u00eb takim pune me nj\u00eb grup imam\u00ebsh t\u00eb qytetit.<\/p>\n<p style=\"text-align: justify;\">Fillimisht, Myftiu fal\u00ebnderoi p\u00ebrkushtimin e imam\u00ebve dhe uroi mbar\u00ebsi t\u00eb vazhdueshme n\u00eb sh\u00ebrbimet e tyre.<\/p>\n<p style=\"text-align: justify;\">N\u00eb qend\u00ebr t\u00eb v\u00ebmendjes s\u00eb k\u00ebtij takimi ishte hytbeja e xhumas\u00eb, si m\u00ebnyr\u00eb elitare komunikimi i p\u00ebrjavsh\u00ebm n\u00eb mesin e musliman\u00ebve. Me k\u00ebt\u00eb rast, Myftiu k\u00ebrkoi nga imam\u00ebt q\u00eb t\u00eb p\u00ebrmir\u00ebsohet cil\u00ebsia e hytbes s\u00eb xhumas\u00eb, duke u fokusuar n\u00eb disa pika, q\u00eb lidhen me koh\u00ebn e saj, tematikat e larmishme, shfryt\u00ebzimin e temave q\u00eb lidhen me besimin dhe forcimin e tij etj.<\/p>\n<p style=\"text-align: justify;\">Myftiu lajm\u00ebroi imam\u00ebt e nderuar edhe me iniciativ\u00ebn e re t\u00eb Myftinis\u00eb Shkod\u00ebr p\u00ebr qarkullimin e disa imam\u00ebve n\u00eb xhamit\u00eb kryesore t\u00eb Shkodr\u00ebs, p\u00ebr hytben e xhumas\u00eb.<\/p>\n<p style=\"text-align: justify;\">Imam\u00ebt dhan\u00eb me dimet dhe sugjerimet e tyre dhe, shpreh\u00ebn gatishm\u00ebrin\u00eb dhe vullnetin e mir\u00eb p\u00ebr mbar\u00ebvajtjen e k\u00ebsaj iniciative me dobi p\u00ebr xhematet e Shkodr\u00ebs.<\/p>\n<p style=\"text-align: justify;\">Nj\u00ebkoh\u00ebsisht u diskutua edhe p\u00ebr unifikimin e koh\u00ebs s\u00eb thirrjes s\u00eb ezanit t\u00eb sabahut dhe koh\u00ebs s\u00eb faljes s\u00eb farzit n\u00eb t\u00eb gjitha xhamit\u00eb, ku u shp\u00ebrnda edhe kalendari i posa\u00e7\u00ebm p\u00ebr namazin e sabahut.<\/p>\n<p style=\"text-align: justify;\">I pranish\u00ebm n\u00eb k\u00ebt\u00eb takim ishte edhe H. Edmir Smajlaj, Myfti i Mal\u00ebsis\u00eb s\u00eb Madhe, i cili uroi mbar\u00ebsi dhe suksese t\u00eb m\u00ebtejshme p\u00ebr imam\u00ebt dhe Myftinin\u00eb e Shkodr\u00ebs.<\/p>\n<div id='gallery-1' class='gallery galleryid-896 gallery-columns-4 gallery-size-thumbnail'><figure class='gallery-item'>\n\t\t\t<div class='gallery-icon landscape'>\n\t\t\t\t<a href='https:\/\/myftinia-shkoder.org\/?attachment_id=902'><img loading=\"lazy\" decoding=\"async\" width=\"150\" height=\"150\" src=\"https:\/\/myftinia-shkoder.org\/wp-content\/uploads\/2016\/07\/FB_IMG_1468439970148-150x150.jpg\" class=\"attachment-thumbnail size-thumbnail\" alt=\"\" \/><\/a>\n\t\t\t<\/div><\/figure><figure class='gallery-item'>\n\t\t\t<div class='gallery-icon landscape'>\n\t\t\t\t<a href='https:\/\/myftinia-shkoder.org\/?attachment_id=901'><img loading=\"lazy\" decoding=\"async\" width=\"150\" height=\"150\" src=\"https:\/\/myftinia-shkoder.org\/wp-content\/uploads\/2016\/07\/FB_IMG_1468439966295-150x150.jpg\" class=\"attachment-thumbnail size-thumbnail\" alt=\"\" \/><\/a>\n\t\t\t<\/div><\/figure><figure class='gallery-item'>\n\t\t\t<div class='gallery-icon landscape'>\n\t\t\t\t<a href='https:\/\/myftinia-shkoder.org\/?attachment_id=900'><img loading=\"lazy\" decoding=\"async\" width=\"150\" height=\"150\" src=\"https:\/\/myftinia-shkoder.org\/wp-content\/uploads\/2016\/07\/FB_IMG_1468439962499-150x150.jpg\" class=\"attachment-thumbnail size-thumbnail\" alt=\"\" \/><\/a>\n\t\t\t<\/div><\/figure><figure class='gallery-item'>\n\t\t\t<div class='gallery-icon landscape'>\n\t\t\t\t<a href='https:\/\/myftinia-shkoder.org\/?attachment_id=899'><img loading=\"lazy\" decoding=\"async\" width=\"150\" height=\"150\" src=\"https:\/\/myftinia-shkoder.org\/wp-content\/uploads\/2016\/07\/FB_IMG_1468439958345-150x150.jpg\" class=\"attachment-thumbnail size-thumbnail\" alt=\"\" \/><\/a>\n\t\t\t<\/div><\/figure><figure class='gallery-item'>\n\t\t\t<div class='gallery-icon landscape'>\n\t\t\t\t<a href='https:\/\/myftinia-shkoder.org\/?attachment_id=898'><img loading=\"lazy\" decoding=\"async\" width=\"150\" height=\"150\" src=\"https:\/\/myftinia-shkoder.org\/wp-content\/uploads\/2016\/07\/FB_IMG_1468439950870-150x150.jpg\" class=\"attachment-thumbnail size-thumbnail\" alt=\"\" \/><\/a>\n\t\t\t<\/div><\/figure><figure class='gallery-item'>\n\t\t\t<div class='gallery-icon landscape'>\n\t\t\t\t<a href='https:\/\/myftinia-shkoder.org\/?attachment_id=897'><img loading=\"lazy\" decoding=\"async\" width=\"150\" height=\"150\" src=\"https:\/\/myftinia-shkoder.org\/wp-content\/uploads\/2016\/07\/FB_IMG_1468439946597-150x150.jpg\" class=\"attachment-thumbnail size-thumbnail\" alt=\"\" \/><\/a>\n\t\t\t<\/div><\/figure>\n\t\t<\/div>\n\n","protected":false},"excerpt":{"rendered":"<div class=\"mh-excerpt\"><p>Dit\u00ebn e m\u00ebrkur\u00eb, m\u00eb 13 korrik 2016, Myftiu i Shkodr\u00ebs, Imam Muhamed B. Sytari, zhvilloi nj\u00eb takim pune me nj\u00eb grup imam\u00ebsh t\u00eb qytetit. Fillimisht, Myftiu fal\u00ebnderoi p\u00ebrkushtimin e imam\u00ebve dhe uroi mbar\u00ebsi t\u00eb vazhdueshme <a class=\"mh-excerpt-more\" href=\"https:\/\/myftinia-shkoder.org\/?p=896\" title=\"Myftiu k\u00ebrkon p\u00ebrmir\u00ebsimin e cil\u00ebsis\u00eb s\u00eb hytbeve\">[&#8230;]<\/a><\/p>\n<\/div>","protected":false},"author":1,"featured_media":900,"comment_status":"closed","ping_status":"closed","sticky":false,"template":"","format":"standard","meta":{"footnotes":""},"categories":[13],"tags":[],"class_list":["post-896","post","type-post","status-publish","format-standard","has-post-thumbnail","hentry","category-aktualitet"],"_links":{"self":[{"href":"https:\/\/myftinia-shkoder.org\/index.php?rest_route=\/wp\/v2\/posts\/896","targetHints":{"allow":["GET"]}}],"collection":[{"href":"https:\/\/myftinia-shkoder.org\/index.php?rest_route=\/wp\/v2\/posts"}],"about":[{"href":"https:\/\/myftinia-shkoder.org\/index.php?rest_route=\/wp\/v2\/types\/post"}],"author":[{"embeddable":true,"href":"https:\/\/myftinia-shkoder.org\/index.php?rest_route=\/wp\/v2\/users\/1"}],"replies":[{"embeddable":true,"href":"https:\/\/myftinia-shkoder.org\/index.php?rest_route=%2Fwp%2Fv2%2Fcomments&post=896"}],"version-history":[{"count":1,"href":"https:\/\/myftinia-shkoder.org\/index.php?rest_route=\/wp\/v2\/posts\/896\/revisions"}],"predecessor-version":[{"id":903,"href":"https:\/\/myftinia-shkoder.org\/index.php?rest_route=\/wp\/v2\/posts\/896\/revisions\/903"}],"wp:featuredmedia":[{"embeddable":true,"href":"https:\/\/myftinia-shkoder.org\/index.php?rest_route=\/wp\/v2\/media\/900"}],"wp:attachment":[{"href":"https:\/\/myftinia-shkoder.org\/index.php?rest_route=%2Fwp%2Fv2%2Fmedia&parent=896"}],"wp:term":[{"taxonomy":"category","embeddable":true,"href":"https:\/\/myftinia-shkoder.org\/index.php?rest_route=%2Fwp%2Fv2%2Fcategories&post=896"},{"taxonomy":"post_tag","embeddable":true,"href":"https:\/\/myftinia-shkoder.org\/index.php?rest_route=%2Fwp%2Fv2%2Ftags&post=896"}],"curies":[{"name":"wp","href":"https:\/\/api.w.org\/{rel}","templated":true}]}}