{"id":9127,"date":"2021-03-03T14:32:12","date_gmt":"2021-03-03T14:32:12","guid":{"rendered":"http:\/\/myftinia-shkoder.org\/?p=9127"},"modified":"2021-03-04T17:35:12","modified_gmt":"2021-03-04T17:35:12","slug":"myftiu-takoi-imamet-e-zones-bushat","status":"publish","type":"post","link":"https:\/\/myftinia-shkoder.org\/?p=9127","title":{"rendered":"Myftiu takoi imam\u00ebt e zon\u00ebs Bushat"},"content":{"rendered":"<p style=\"text-align: justify;\">Paradit\u00ebn e s\u00eb m\u00ebrkur\u00ebs, m\u00eb 3 mars 2021, Myftiu i Shkodr\u00ebs, Imam Muhamed B. Sytari, zhvilloi nj\u00eb takim pune me imam\u00ebt e zon\u00ebs Bushat, me t\u00eb cil\u00ebt diskutoi rreth problematikave t\u00eb aktivitetit dhe dha mesazhin e tij me rastin e fillimit t\u00eb Tre Muajve t\u00eb Mir\u00eb.<\/p>\n<p style=\"text-align: justify;\">Myftiu informoi imam\u00ebt me iniciativ\u00ebn e nd\u00ebrmarr\u00eb, p\u00ebr t\u00eb takuar imam\u00ebt e krejt zonave, ku p\u00ebrve\u00e7 udh\u00ebzimeve dhe mesazheve, trajtohen edhe shqet\u00ebsimet e ndryshme t\u00eb imam\u00ebve tan\u00eb.<\/p>\n<p style=\"text-align: justify;\">Imam\u00ebt e xhamive: Barbullush, Bushat, Rrushkull, Shirq, Krye-Bushat, Luar\u00ebz, etj., shfaq\u00ebn shqet\u00ebsimet e tyre, q\u00eb lidhen kryesisht me infrastruktur\u00ebn dhe neglizhenc\u00ebn e autoriteteve ndaj zonave me banor\u00eb musliman\u00eb, nd\u00ebr dekada, ku akoma sot, n\u00eb vitin 2021, nuk ka rrug\u00eb t\u00eb shtruara e t\u00eb ndri\u00e7uara, q\u00eb lidhin lagjet me xhamin\u00eb.<\/p>\n<p style=\"text-align: justify;\">Myftiu theksoi se realitete t\u00eb tilla jan\u00eb t\u00eb papranueshme dhe d\u00ebshmi e nj\u00eb frym\u00eb t\u00eb keqe, prej s\u00eb cil\u00ebs vendi duhet pastruar dhe, s\u00eb bashku me t\u00eb edhe mend\u00ebsia e trajtimit t\u00eb projekteve madhore mbi baz\u00ebn e kapri\u00e7ove dhe tendencave me nuanc\u00eb fetare, \u00e7&#8217;ka \u00ebsht\u00eb evidente n\u00eb Shkodr\u00ebn e pas vitit 1990.<\/p>\n<p style=\"text-align: justify;\">Myftiu dha udh\u00ebzimet e tij edhe n\u00eb lidhje me ligj\u00ebrimin fetar dhe shfryt\u00ebzimin e hytbes s\u00eb xhumas\u00eb p\u00ebr sensibilizimin e masave me frym\u00ebn e besimit dhe dinjitetit islam.<\/p>\n<p style=\"text-align: justify;\">Myftiu dhe imam\u00ebt e pranish\u00ebm vizituan edhe xhamin\u00eb e Bushatit dhe qendr\u00ebn islame atje, ku fal\u00ebn s\u00eb bashku edhe namazin e mesdit\u00ebs.<\/p>\n<div id='gallery-1' class='gallery galleryid-9127 gallery-columns-3 gallery-size-thumbnail'><figure class='gallery-item'>\n\t\t\t<div class='gallery-icon landscape'>\n\t\t\t\t<a href='https:\/\/myftinia-shkoder.org\/?attachment_id=9136'><img loading=\"lazy\" decoding=\"async\" width=\"150\" height=\"150\" src=\"https:\/\/myftinia-shkoder.org\/wp-content\/uploads\/2021\/03\/imamet_Bushat_3mars2021-1-150x150.jpg\" class=\"attachment-thumbnail size-thumbnail\" alt=\"\" \/><\/a>\n\t\t\t<\/div><\/figure><figure class='gallery-item'>\n\t\t\t<div class='gallery-icon landscape'>\n\t\t\t\t<a href='https:\/\/myftinia-shkoder.org\/?attachment_id=9135'><img loading=\"lazy\" decoding=\"async\" width=\"150\" height=\"150\" src=\"https:\/\/myftinia-shkoder.org\/wp-content\/uploads\/2021\/03\/imamet_Bushat_3mars2021-9-150x150.jpg\" class=\"attachment-thumbnail size-thumbnail\" alt=\"\" \/><\/a>\n\t\t\t<\/div><\/figure><figure class='gallery-item'>\n\t\t\t<div class='gallery-icon landscape'>\n\t\t\t\t<a href='https:\/\/myftinia-shkoder.org\/?attachment_id=9134'><img loading=\"lazy\" decoding=\"async\" width=\"150\" height=\"150\" src=\"https:\/\/myftinia-shkoder.org\/wp-content\/uploads\/2021\/03\/imamet_Bushat_3mars2021-8-150x150.jpg\" class=\"attachment-thumbnail size-thumbnail\" alt=\"\" \/><\/a>\n\t\t\t<\/div><\/figure><figure class='gallery-item'>\n\t\t\t<div class='gallery-icon landscape'>\n\t\t\t\t<a href='https:\/\/myftinia-shkoder.org\/?attachment_id=9133'><img loading=\"lazy\" decoding=\"async\" width=\"150\" height=\"150\" src=\"https:\/\/myftinia-shkoder.org\/wp-content\/uploads\/2021\/03\/imamet_Bushat_3mars2021-7-150x150.jpg\" class=\"attachment-thumbnail size-thumbnail\" alt=\"\" \/><\/a>\n\t\t\t<\/div><\/figure><figure class='gallery-item'>\n\t\t\t<div class='gallery-icon landscape'>\n\t\t\t\t<a href='https:\/\/myftinia-shkoder.org\/?attachment_id=9132'><img loading=\"lazy\" decoding=\"async\" width=\"150\" height=\"150\" src=\"https:\/\/myftinia-shkoder.org\/wp-content\/uploads\/2021\/03\/imamet_Bushat_3mars2021-6-150x150.jpg\" class=\"attachment-thumbnail size-thumbnail\" alt=\"\" \/><\/a>\n\t\t\t<\/div><\/figure><figure class='gallery-item'>\n\t\t\t<div class='gallery-icon landscape'>\n\t\t\t\t<a href='https:\/\/myftinia-shkoder.org\/?attachment_id=9131'><img loading=\"lazy\" decoding=\"async\" width=\"150\" height=\"150\" src=\"https:\/\/myftinia-shkoder.org\/wp-content\/uploads\/2021\/03\/imamet_Bushat_3mars2021-5-150x150.jpg\" class=\"attachment-thumbnail size-thumbnail\" alt=\"\" \/><\/a>\n\t\t\t<\/div><\/figure><figure class='gallery-item'>\n\t\t\t<div class='gallery-icon landscape'>\n\t\t\t\t<a href='https:\/\/myftinia-shkoder.org\/?attachment_id=9130'><img loading=\"lazy\" decoding=\"async\" width=\"150\" height=\"150\" src=\"https:\/\/myftinia-shkoder.org\/wp-content\/uploads\/2021\/03\/imamet_Bushat_3mars2021-4-150x150.jpg\" class=\"attachment-thumbnail size-thumbnail\" alt=\"\" \/><\/a>\n\t\t\t<\/div><\/figure><figure class='gallery-item'>\n\t\t\t<div class='gallery-icon landscape'>\n\t\t\t\t<a href='https:\/\/myftinia-shkoder.org\/?attachment_id=9129'><img loading=\"lazy\" decoding=\"async\" width=\"150\" height=\"150\" src=\"https:\/\/myftinia-shkoder.org\/wp-content\/uploads\/2021\/03\/imamet_Bushat_3mars2021-3-150x150.jpg\" class=\"attachment-thumbnail size-thumbnail\" alt=\"\" \/><\/a>\n\t\t\t<\/div><\/figure><figure class='gallery-item'>\n\t\t\t<div class='gallery-icon landscape'>\n\t\t\t\t<a href='https:\/\/myftinia-shkoder.org\/?attachment_id=9128'><img loading=\"lazy\" decoding=\"async\" width=\"150\" height=\"150\" src=\"https:\/\/myftinia-shkoder.org\/wp-content\/uploads\/2021\/03\/imamet_Bushat_3mars2021-2-150x150.jpg\" class=\"attachment-thumbnail size-thumbnail\" alt=\"\" \/><\/a>\n\t\t\t<\/div><\/figure>\n\t\t<\/div>\n\n","protected":false},"excerpt":{"rendered":"<div class=\"mh-excerpt\"><p>Paradit\u00ebn e s\u00eb m\u00ebrkur\u00ebs, m\u00eb 3 mars 2021, Myftiu i Shkodr\u00ebs, Imam Muhamed B. Sytari, zhvilloi nj\u00eb takim pune me imam\u00ebt e zon\u00ebs Bushat, me t\u00eb cil\u00ebt diskutoi rreth problematikave t\u00eb aktivitetit dhe dha mesazhin <a class=\"mh-excerpt-more\" href=\"https:\/\/myftinia-shkoder.org\/?p=9127\" title=\"Myftiu takoi imam\u00ebt e zon\u00ebs Bushat\">[&#8230;]<\/a><\/p>\n<\/div>","protected":false},"author":1,"featured_media":9131,"comment_status":"closed","ping_status":"closed","sticky":false,"template":"","format":"standard","meta":{"footnotes":""},"categories":[13],"tags":[],"class_list":["post-9127","post","type-post","status-publish","format-standard","has-post-thumbnail","hentry","category-aktualitet"],"_links":{"self":[{"href":"https:\/\/myftinia-shkoder.org\/index.php?rest_route=\/wp\/v2\/posts\/9127","targetHints":{"allow":["GET"]}}],"collection":[{"href":"https:\/\/myftinia-shkoder.org\/index.php?rest_route=\/wp\/v2\/posts"}],"about":[{"href":"https:\/\/myftinia-shkoder.org\/index.php?rest_route=\/wp\/v2\/types\/post"}],"author":[{"embeddable":true,"href":"https:\/\/myftinia-shkoder.org\/index.php?rest_route=\/wp\/v2\/users\/1"}],"replies":[{"embeddable":true,"href":"https:\/\/myftinia-shkoder.org\/index.php?rest_route=%2Fwp%2Fv2%2Fcomments&post=9127"}],"version-history":[{"count":1,"href":"https:\/\/myftinia-shkoder.org\/index.php?rest_route=\/wp\/v2\/posts\/9127\/revisions"}],"predecessor-version":[{"id":9137,"href":"https:\/\/myftinia-shkoder.org\/index.php?rest_route=\/wp\/v2\/posts\/9127\/revisions\/9137"}],"wp:featuredmedia":[{"embeddable":true,"href":"https:\/\/myftinia-shkoder.org\/index.php?rest_route=\/wp\/v2\/media\/9131"}],"wp:attachment":[{"href":"https:\/\/myftinia-shkoder.org\/index.php?rest_route=%2Fwp%2Fv2%2Fmedia&parent=9127"}],"wp:term":[{"taxonomy":"category","embeddable":true,"href":"https:\/\/myftinia-shkoder.org\/index.php?rest_route=%2Fwp%2Fv2%2Fcategories&post=9127"},{"taxonomy":"post_tag","embeddable":true,"href":"https:\/\/myftinia-shkoder.org\/index.php?rest_route=%2Fwp%2Fv2%2Ftags&post=9127"}],"curies":[{"name":"wp","href":"https:\/\/api.w.org\/{rel}","templated":true}]}}