{"id":913,"date":"2016-07-15T21:48:40","date_gmt":"2016-07-15T21:48:40","guid":{"rendered":"http:\/\/myftinia-shkoder.org\/?p=913"},"modified":"2016-07-15T21:48:40","modified_gmt":"2016-07-15T21:48:40","slug":"dhuna-dhe-terrorizmi-nuk-jane-feja-e-jone","status":"publish","type":"post","link":"https:\/\/myftinia-shkoder.org\/?p=913","title":{"rendered":"Dhuna dhe terrorizmi nuk jan\u00eb feja e jon\u00eb!"},"content":{"rendered":"<p style=\"text-align: justify;\">T\u00eb nderuar v\u00ebllez\u00ebr dhe motra besimtar\u00eb, musliman\u00eb,<\/p>\n<p style=\"text-align: justify;\">N\u00eb Kur\u2019anin Fam\u00eblart\u00eb jemi porositur: \u201cO bijt\u00eb e Ademit, po a nuk u d\u00ebrgova porosin\u00eb q\u00eb t\u00eb mos e d\u00ebgjoni djallin, se me t\u00eb v\u00ebrtet\u00eb ai \u00ebsht\u00eb armiku juaj i hap\u00ebt!?\u201d &#8211; (Kur\u2019ani, Jasin: 60)<\/p>\n<p style=\"text-align: justify;\">Dhuna dhe terrorizmi nuk jan\u00eb feja e jon\u00eb!<br \/>\nEkstremizmi dhe imponimi nuk jan\u00eb kultura e jon\u00eb islame!<br \/>\nEtiketimet e nxituara p\u00ebr t\u00eb faj\u00ebsuar Islamin dhe musliman\u00ebt p\u00ebr \u00e7far\u00eb nuk jan\u00eb, as nuk mund t\u00eb jen\u00eb, nuk jan\u00eb vlera humane, as tregues qytet\u00ebrimi!<\/p>\n<p style=\"text-align: justify;\">Aktet barbare t\u00eb dhun\u00ebs, vrasjeve t\u00eb njer\u00ebzve t\u00eb pafajsh\u00ebm, zhvatjes s\u00eb pasurive t\u00eb tjetrit, kushdo qoft\u00eb ai, nuk jan\u00eb thirrja e jon\u00eb, as feja e jon\u00eb, as formimi yn\u00eb!<\/p>\n<p style=\"text-align: justify;\">Ne si musliman\u00eb d\u00ebnojm\u00eb me zem\u00ebr dhe me \u00e7do mund\u00ebsi legjitime q\u00eb kemi, krejt format e dhun\u00ebs dhe terrorit, me t\u00eb cilat \u00ebsht\u00eb l\u00ebnduar bota e jon\u00eb prej dekadash.<\/p>\n<p style=\"text-align: justify;\">Shp\u00ebrthime e bombardime, vrasje civil\u00ebsh e djegie e pasurive, d\u00ebnime arbitrare dhe shkelje e t\u00eb drejtave t\u00eb njeriut gjithandej, \u201cacari vrastar\u201d arab, n\u00eb em\u00ebr t\u00eb \u201cpranver\u00ebs\u201d, q\u00eb dogji e shkat\u00ebrroi qytet\u00ebrime e jet\u00eb t\u00eb pafajshme, n\u00eb Siri, Irak, Palestin\u00eb, Libi, Egjipt, por jo vet\u00ebm.<\/p>\n<p style=\"text-align: justify;\">Shp\u00ebrthimet e para ca dit\u00ebve n\u00eb Stamboll, ato t\u00eb Parisit, ai n\u00eb Medinen e Bekuar, ai mbr\u00ebm\u00eb n\u00eb Nice, e shum\u00eb e shum\u00eb t\u00eb tjer\u00eb, n\u00eb t\u00eb v\u00ebrtet\u00eb jan\u00eb sulme ndaj rac\u00ebs njer\u00ebzore, ndaj krijes\u00ebs m\u00eb t\u00eb bekuar t\u00eb Zotit, ndaj vlerave t\u00eb qytet\u00ebrimeve, ndaj jet\u00ebs s\u00eb shenjt\u00ebruar n\u00eb Librat e Shenjt\u00eb, ndaj vet\u00eb besimit n\u00eb Zot, Islamit n\u00eb ve\u00e7anti!<\/p>\n<p style=\"text-align: justify;\">Ju ftoj t\u00eb lutemi e t\u00eb angazhohemi maksimalisht p\u00ebr ta d\u00ebshmuar veten si musliman\u00eb t\u00eb v\u00ebrtet\u00eb, nd\u00ebrtues t\u00eb jet\u00ebs, t\u00eb distancuar nga adhuruesit e djajve, q\u00eb mbjellin terror e pasiguri kudo n\u00eb bot\u00eb, edhe n\u00eb em\u00ebr t\u00eb \u201cZotit\u201d, q\u00eb nuk \u00ebsht\u00eb Krijuesi i gjith\u00ebsis\u00eb, All-llahu M\u00ebshir\u00ebb\u00ebr\u00ebs, q\u00eb ne besojm\u00eb!<\/p>\n<p style=\"text-align: justify;\">Ftoj krejt komunitetet fetare n\u00eb vend t\u00eb b\u00ebjn\u00eb lutje e t\u00eb sensibilizojn\u00eb besimtar\u00ebt p\u00ebr t\u2019u distancuar moralisht e shpirt\u00ebrisht, materialisht e n\u00eb \u00e7do m\u00ebnyr\u00eb legjitime nga \u00e7do form\u00eb e dhun\u00ebs, terrorit, mbjelljes s\u00eb urrejtjes nd\u00ebrfetare dhe thirrjeve shterp\u00eb, q\u00eb na armiq\u00ebsojn\u00eb dhe krijojn\u00eb territore t\u00eb p\u00ebrshtatshme, ku djajt\u00eb e mallkuar nd\u00ebrtojn\u00eb perandorit\u00eb e err\u00ebsirave!<\/p>\n<p style=\"text-align: justify;\">All-llahu i Madh\u00ebruar na mbuloft\u00eb me Mbrojtjen e Tij hyjnore dhe e udh\u00ebzoft\u00eb njer\u00ebzimin drejt besimit dhe vlerave m\u00eb t\u00eb larta t\u00eb udh\u00ebzimit hyjnor, ku njeriu \u00ebsht\u00eb v\u00eblla i njeriut, ku drejt\u00ebsia dhe ligji jan\u00eb garanci p\u00ebr jet\u00ebn, ku harmonia dhe toleranca frym\u00ebzojn\u00eb brezat p\u00ebr t\u00eb nd\u00ebrtuar jet\u00ebn me Fjal\u00ebn dhe Dashnin\u00eb e Zotit Nj\u00eb!<\/p>\n<p style=\"text-align: justify;\">Imam Muhamed B. Sytari<br \/>\nShkod\u00ebr, m\u00eb 15 korrik 2016<\/p>\n","protected":false},"excerpt":{"rendered":"<div class=\"mh-excerpt\"><p>T\u00eb nderuar v\u00ebllez\u00ebr dhe motra besimtar\u00eb, musliman\u00eb, N\u00eb Kur\u2019anin Fam\u00eblart\u00eb jemi porositur: \u201cO bijt\u00eb e Ademit, po a nuk u d\u00ebrgova porosin\u00eb q\u00eb t\u00eb mos e d\u00ebgjoni djallin, se me t\u00eb v\u00ebrtet\u00eb ai \u00ebsht\u00eb armiku <a class=\"mh-excerpt-more\" href=\"https:\/\/myftinia-shkoder.org\/?p=913\" title=\"Dhuna dhe terrorizmi nuk jan\u00eb feja e jon\u00eb!\">[&#8230;]<\/a><\/p>\n<\/div>","protected":false},"author":1,"featured_media":914,"comment_status":"closed","ping_status":"closed","sticky":false,"template":"","format":"standard","meta":{"footnotes":""},"categories":[13,6],"tags":[],"class_list":["post-913","post","type-post","status-publish","format-standard","has-post-thumbnail","hentry","category-aktualitet","category-mesazhe"],"_links":{"self":[{"href":"https:\/\/myftinia-shkoder.org\/index.php?rest_route=\/wp\/v2\/posts\/913","targetHints":{"allow":["GET"]}}],"collection":[{"href":"https:\/\/myftinia-shkoder.org\/index.php?rest_route=\/wp\/v2\/posts"}],"about":[{"href":"https:\/\/myftinia-shkoder.org\/index.php?rest_route=\/wp\/v2\/types\/post"}],"author":[{"embeddable":true,"href":"https:\/\/myftinia-shkoder.org\/index.php?rest_route=\/wp\/v2\/users\/1"}],"replies":[{"embeddable":true,"href":"https:\/\/myftinia-shkoder.org\/index.php?rest_route=%2Fwp%2Fv2%2Fcomments&post=913"}],"version-history":[{"count":2,"href":"https:\/\/myftinia-shkoder.org\/index.php?rest_route=\/wp\/v2\/posts\/913\/revisions"}],"predecessor-version":[{"id":916,"href":"https:\/\/myftinia-shkoder.org\/index.php?rest_route=\/wp\/v2\/posts\/913\/revisions\/916"}],"wp:featuredmedia":[{"embeddable":true,"href":"https:\/\/myftinia-shkoder.org\/index.php?rest_route=\/wp\/v2\/media\/914"}],"wp:attachment":[{"href":"https:\/\/myftinia-shkoder.org\/index.php?rest_route=%2Fwp%2Fv2%2Fmedia&parent=913"}],"wp:term":[{"taxonomy":"category","embeddable":true,"href":"https:\/\/myftinia-shkoder.org\/index.php?rest_route=%2Fwp%2Fv2%2Fcategories&post=913"},{"taxonomy":"post_tag","embeddable":true,"href":"https:\/\/myftinia-shkoder.org\/index.php?rest_route=%2Fwp%2Fv2%2Ftags&post=913"}],"curies":[{"name":"wp","href":"https:\/\/api.w.org\/{rel}","templated":true}]}}