{"id":9138,"date":"2021-03-04T14:37:37","date_gmt":"2021-03-04T14:37:37","guid":{"rendered":"http:\/\/myftinia-shkoder.org\/?p=9138"},"modified":"2021-03-04T17:40:03","modified_gmt":"2021-03-04T17:40:03","slug":"myftiu-takoi-imamet-e-zones-ana-e-malit","status":"publish","type":"post","link":"https:\/\/myftinia-shkoder.org\/?p=9138","title":{"rendered":"Myftiu takoi imam\u00ebt e zon\u00ebs Ana e Malit"},"content":{"rendered":"<p style=\"text-align: justify;\">Paradit\u00ebn e s\u00eb enjtes, m\u00eb 4 mars 2021, Myftiu i Shkodr\u00ebs, Imam Muhamed B. Sytari, takoi imam\u00ebt e zon\u00ebs Ana e Malit, me t\u00eb cil\u00ebt diskutoi rreth aktivitetit dhe problematikave t\u00eb jet\u00ebs fetare e sociale.<\/p>\n<p style=\"text-align: justify;\">Myftiu fal\u00ebnderoi imam\u00ebt p\u00ebr p\u00ebrkushtimin e tyre n\u00eb ruajtje t\u00eb frym\u00ebs s\u00eb v\u00ebllaz\u00ebris\u00eb dhe harmonis\u00eb islame, si dhe udh\u00ebzoi ruajtjen e traditave islame dhe p\u00ebrqendrimin tek brezi i ri dhe sfidat e edukimit.<\/p>\n<p style=\"text-align: justify;\">Imam\u00ebt e xhamive: Xhaferraj, Alimetaj, Velinaj, Zues, Shirok\u00eb, etj., shfaq\u00ebn shqet\u00ebsimet dhe mendimet e tyre n\u00eb lidhje me aktivitetin dhe nevojat q\u00eb ka zona dhe besimtar\u00ebt.<\/p>\n<p style=\"text-align: justify;\">U vler\u00ebsua roli i imam\u00ebve t\u00eb An\u00ebs s\u00eb Malit n\u00eb gjendjen e tyre pran\u00eb njer\u00ebzve, n\u00eb t\u00eb mir\u00eb e n\u00eb t\u00eb keq, duke u d\u00ebshmuar si prij\u00ebs t\u00eb urt\u00eb dhe udh\u00ebrr\u00ebfyes n\u00eb sh\u00ebrbim t\u00eb komunitetit.<\/p>\n<div id='gallery-1' class='gallery galleryid-9138 gallery-columns-4 gallery-size-thumbnail'><figure class='gallery-item'>\n\t\t\t<div class='gallery-icon landscape'>\n\t\t\t\t<a href='https:\/\/myftinia-shkoder.org\/?attachment_id=9142'><img loading=\"lazy\" decoding=\"async\" width=\"150\" height=\"150\" src=\"https:\/\/myftinia-shkoder.org\/wp-content\/uploads\/2021\/03\/imamet_Oblike_4mars2021-1-150x150.jpg\" class=\"attachment-thumbnail size-thumbnail\" alt=\"\" \/><\/a>\n\t\t\t<\/div><\/figure><figure class='gallery-item'>\n\t\t\t<div class='gallery-icon landscape'>\n\t\t\t\t<a href='https:\/\/myftinia-shkoder.org\/?attachment_id=9141'><img loading=\"lazy\" decoding=\"async\" width=\"150\" height=\"150\" src=\"https:\/\/myftinia-shkoder.org\/wp-content\/uploads\/2021\/03\/imamet_Oblike_4mars2021-4-150x150.jpg\" class=\"attachment-thumbnail size-thumbnail\" alt=\"\" \/><\/a>\n\t\t\t<\/div><\/figure><figure class='gallery-item'>\n\t\t\t<div class='gallery-icon landscape'>\n\t\t\t\t<a href='https:\/\/myftinia-shkoder.org\/?attachment_id=9140'><img loading=\"lazy\" decoding=\"async\" width=\"150\" height=\"150\" src=\"https:\/\/myftinia-shkoder.org\/wp-content\/uploads\/2021\/03\/imamet_Oblike_4mars2021-3-150x150.jpg\" class=\"attachment-thumbnail size-thumbnail\" alt=\"\" \/><\/a>\n\t\t\t<\/div><\/figure><figure class='gallery-item'>\n\t\t\t<div class='gallery-icon landscape'>\n\t\t\t\t<a href='https:\/\/myftinia-shkoder.org\/?attachment_id=9139'><img loading=\"lazy\" decoding=\"async\" width=\"150\" height=\"150\" src=\"https:\/\/myftinia-shkoder.org\/wp-content\/uploads\/2021\/03\/imamet_Oblike_4mars2021-2-150x150.jpg\" class=\"attachment-thumbnail size-thumbnail\" alt=\"\" \/><\/a>\n\t\t\t<\/div><\/figure>\n\t\t<\/div>\n\n","protected":false},"excerpt":{"rendered":"<div class=\"mh-excerpt\"><p>Paradit\u00ebn e s\u00eb enjtes, m\u00eb 4 mars 2021, Myftiu i Shkodr\u00ebs, Imam Muhamed B. Sytari, takoi imam\u00ebt e zon\u00ebs Ana e Malit, me t\u00eb cil\u00ebt diskutoi rreth aktivitetit dhe problematikave t\u00eb jet\u00ebs fetare e sociale. <a class=\"mh-excerpt-more\" href=\"https:\/\/myftinia-shkoder.org\/?p=9138\" title=\"Myftiu takoi imam\u00ebt e zon\u00ebs Ana e Malit\">[&#8230;]<\/a><\/p>\n<\/div>","protected":false},"author":1,"featured_media":9139,"comment_status":"closed","ping_status":"closed","sticky":false,"template":"","format":"standard","meta":{"footnotes":""},"categories":[13],"tags":[],"class_list":["post-9138","post","type-post","status-publish","format-standard","has-post-thumbnail","hentry","category-aktualitet"],"_links":{"self":[{"href":"https:\/\/myftinia-shkoder.org\/index.php?rest_route=\/wp\/v2\/posts\/9138","targetHints":{"allow":["GET"]}}],"collection":[{"href":"https:\/\/myftinia-shkoder.org\/index.php?rest_route=\/wp\/v2\/posts"}],"about":[{"href":"https:\/\/myftinia-shkoder.org\/index.php?rest_route=\/wp\/v2\/types\/post"}],"author":[{"embeddable":true,"href":"https:\/\/myftinia-shkoder.org\/index.php?rest_route=\/wp\/v2\/users\/1"}],"replies":[{"embeddable":true,"href":"https:\/\/myftinia-shkoder.org\/index.php?rest_route=%2Fwp%2Fv2%2Fcomments&post=9138"}],"version-history":[{"count":1,"href":"https:\/\/myftinia-shkoder.org\/index.php?rest_route=\/wp\/v2\/posts\/9138\/revisions"}],"predecessor-version":[{"id":9143,"href":"https:\/\/myftinia-shkoder.org\/index.php?rest_route=\/wp\/v2\/posts\/9138\/revisions\/9143"}],"wp:featuredmedia":[{"embeddable":true,"href":"https:\/\/myftinia-shkoder.org\/index.php?rest_route=\/wp\/v2\/media\/9139"}],"wp:attachment":[{"href":"https:\/\/myftinia-shkoder.org\/index.php?rest_route=%2Fwp%2Fv2%2Fmedia&parent=9138"}],"wp:term":[{"taxonomy":"category","embeddable":true,"href":"https:\/\/myftinia-shkoder.org\/index.php?rest_route=%2Fwp%2Fv2%2Fcategories&post=9138"},{"taxonomy":"post_tag","embeddable":true,"href":"https:\/\/myftinia-shkoder.org\/index.php?rest_route=%2Fwp%2Fv2%2Ftags&post=9138"}],"curies":[{"name":"wp","href":"https:\/\/api.w.org\/{rel}","templated":true}]}}