{"id":9155,"date":"2021-03-11T16:12:28","date_gmt":"2021-03-11T16:12:28","guid":{"rendered":"http:\/\/myftinia-shkoder.org\/?p=9155"},"modified":"2021-03-22T09:18:00","modified_gmt":"2021-03-22T09:18:00","slug":"perkujtohet-nata-e-madhe-e-israse-dhe-miraxhit-2","status":"publish","type":"post","link":"https:\/\/myftinia-shkoder.org\/?p=9155","title":{"rendered":"P\u00ebrkujtohet Nata e Madhe e Isras\u00eb dhe Miraxhit"},"content":{"rendered":"\r\n<p>Mbar\u00eb bota islame kremtoi t\u00eb m\u00ebrkur\u00ebn, m\u00eb 10 mars 2021, Nat\u00ebn e Madhe t\u00eb Isras\u00eb dhe t\u00eb Miraxhit.<\/p>\r\n\r\n\r\n\r\n<p>Edhe n\u00eb Shqip\u00ebri u p\u00ebrkujtua Nata e Mir\u00eb, ku n\u00eb xhamit\u00eb e ndryshme, edhe pse n\u00eb kushte t\u00eb v\u00ebshtira pandemie u b\u00ebn\u00eb dua-lutje, programe fetare, k\u00ebndime ilahi dhe salavate.<\/p>\r\n\r\n\r\n\r\n<p>Nd\u00ebrsa, n\u00eb metropolin verior, n\u00eb Shkod\u00ebr, Myftinia e k\u00ebsaj zone zhvilloi n\u00eb xhamin\u00eb e Parruc\u00ebs, pas iqindis\u00eb aktivitetin me tem\u00eb:&#8221;N\u00eb p\u00ebrkujtim t\u00eb mrekullis\u00eb s\u00eb Isras\u00eb dhe Miraxhit&#8221;.<\/p>\r\n\r\n\r\n\r\n<p>Myftiu i Shkodr\u00ebs, Imam Muhamed B. Sytari, para t\u00eb pranishmeve dha mesazhin e vendosjes s\u00eb paqes, harmonis\u00eb dhe barazis\u00eb sociale n\u00eb \u00e7do vend t\u00eb bot\u00ebs.<\/p>\r\n\r\n\r\n\r\n<p>Myftiu k\u00ebrkoi prej besimtar\u00ebve q\u00eb t\u00eb d\u00ebshmojn\u00eb m\u00ebshir\u00ebn me njeri-tjetrin, t\u00eb ruajn\u00eb dinjitetin dhe Islamin q\u00eb Zoti ka krenuar k\u00ebt\u00eb ummet deri n\u00eb dit\u00ebn e fundit\u2026<\/p>\r\n\r\n\r\n\r\n<p>Myftiu i Shkodr\u00ebs, n\u00eb fund t\u00eb mesazhit t\u00eb tij u lut p\u00ebr t\u00eb gjith\u00eb ata besimtar\u00eb q\u00eb kan\u00eb kaluar n\u00eb jet\u00ebn tjet\u00ebr t\u00eb amshuar, q\u00eb Zoti t\u2019i m\u00ebshiroj\u00eb, sidomos n\u00eb k\u00ebto tre muaj t\u00eb mir\u00eb t\u00eb besimit, Rexhep, Shaban dhe zot\u00ebria i krejt muajve, muaji i bekuar i Ramazanit\u2026<\/p>\r\n\r\n\r\n\r\n<p>M\u00eb pas, imam\u00ebt Lavdrim Hamja, Naim Drijaj dhe Durim Kasemi fol\u00ebn p\u00ebr r\u00ebnd\u00ebsin\u00eb dhe vler\u00ebn e madhe q\u00eb mbart ngjarja dhe mrekullia e Isras\u00eb dhe Miraxhit.<\/p>\r\n\r\n\r\n\r\n<figure class=\"wp-block-gallery columns-3 is-cropped wp-block-gallery-1 is-layout-flex wp-block-gallery-is-layout-flex\">\r\n<ul class=\"blocks-gallery-grid\">\r\n<li class=\"blocks-gallery-item\">\r\n<figure><img loading=\"lazy\" decoding=\"async\" width=\"720\" height=\"405\" class=\"wp-image-9160\" src=\"https:\/\/myftinia-shkoder.org\/wp-content\/uploads\/2021\/03\/FB_IMG_1615478882399.jpg\" data-id=\"9160\" srcset=\"https:\/\/myftinia-shkoder.org\/wp-content\/uploads\/2021\/03\/FB_IMG_1615478882399.jpg 720w, https:\/\/myftinia-shkoder.org\/wp-content\/uploads\/2021\/03\/FB_IMG_1615478882399-300x169.jpg 300w, https:\/\/myftinia-shkoder.org\/wp-content\/uploads\/2021\/03\/FB_IMG_1615478882399-678x381.jpg 678w\" sizes=\"auto, (max-width: 720px) 100vw, 720px\" \/><\/figure>\r\n<\/li>\r\n<li class=\"blocks-gallery-item\">\r\n<figure><img loading=\"lazy\" decoding=\"async\" width=\"720\" height=\"405\" class=\"wp-image-9161\" src=\"https:\/\/myftinia-shkoder.org\/wp-content\/uploads\/2021\/03\/FB_IMG_1615478878815.jpg\" data-id=\"9161\" srcset=\"https:\/\/myftinia-shkoder.org\/wp-content\/uploads\/2021\/03\/FB_IMG_1615478878815.jpg 720w, https:\/\/myftinia-shkoder.org\/wp-content\/uploads\/2021\/03\/FB_IMG_1615478878815-300x169.jpg 300w, https:\/\/myftinia-shkoder.org\/wp-content\/uploads\/2021\/03\/FB_IMG_1615478878815-678x381.jpg 678w\" sizes=\"auto, (max-width: 720px) 100vw, 720px\" \/><\/figure>\r\n<\/li>\r\n<li class=\"blocks-gallery-item\">\r\n<figure><img loading=\"lazy\" decoding=\"async\" width=\"720\" height=\"409\" class=\"wp-image-9163\" src=\"https:\/\/myftinia-shkoder.org\/wp-content\/uploads\/2021\/03\/FB_IMG_1615478875465.jpg\" data-id=\"9163\" srcset=\"https:\/\/myftinia-shkoder.org\/wp-content\/uploads\/2021\/03\/FB_IMG_1615478875465.jpg 720w, https:\/\/myftinia-shkoder.org\/wp-content\/uploads\/2021\/03\/FB_IMG_1615478875465-300x170.jpg 300w\" sizes=\"auto, (max-width: 720px) 100vw, 720px\" \/><\/figure>\r\n<\/li>\r\n<li class=\"blocks-gallery-item\">\r\n<figure><img loading=\"lazy\" decoding=\"async\" width=\"720\" height=\"405\" class=\"wp-image-9158\" src=\"https:\/\/myftinia-shkoder.org\/wp-content\/uploads\/2021\/03\/FB_IMG_1615478872508.jpg\" data-id=\"9158\" srcset=\"https:\/\/myftinia-shkoder.org\/wp-content\/uploads\/2021\/03\/FB_IMG_1615478872508.jpg 720w, https:\/\/myftinia-shkoder.org\/wp-content\/uploads\/2021\/03\/FB_IMG_1615478872508-300x169.jpg 300w, https:\/\/myftinia-shkoder.org\/wp-content\/uploads\/2021\/03\/FB_IMG_1615478872508-678x381.jpg 678w\" sizes=\"auto, (max-width: 720px) 100vw, 720px\" \/><\/figure>\r\n<\/li>\r\n<li class=\"blocks-gallery-item\">\r\n<figure><img loading=\"lazy\" decoding=\"async\" width=\"720\" height=\"405\" class=\"wp-image-9159\" src=\"https:\/\/myftinia-shkoder.org\/wp-content\/uploads\/2021\/03\/FB_IMG_1615478869378-1.jpg\" data-id=\"9159\" srcset=\"https:\/\/myftinia-shkoder.org\/wp-content\/uploads\/2021\/03\/FB_IMG_1615478869378-1.jpg 720w, https:\/\/myftinia-shkoder.org\/wp-content\/uploads\/2021\/03\/FB_IMG_1615478869378-1-300x169.jpg 300w, https:\/\/myftinia-shkoder.org\/wp-content\/uploads\/2021\/03\/FB_IMG_1615478869378-1-678x381.jpg 678w\" sizes=\"auto, (max-width: 720px) 100vw, 720px\" \/><\/figure>\r\n<\/li>\r\n<li class=\"blocks-gallery-item\">\r\n<figure><img loading=\"lazy\" decoding=\"async\" width=\"720\" height=\"405\" class=\"wp-image-9162\" src=\"https:\/\/myftinia-shkoder.org\/wp-content\/uploads\/2021\/03\/FB_IMG_1615478866390.jpg\" data-id=\"9162\" srcset=\"https:\/\/myftinia-shkoder.org\/wp-content\/uploads\/2021\/03\/FB_IMG_1615478866390.jpg 720w, https:\/\/myftinia-shkoder.org\/wp-content\/uploads\/2021\/03\/FB_IMG_1615478866390-300x169.jpg 300w, https:\/\/myftinia-shkoder.org\/wp-content\/uploads\/2021\/03\/FB_IMG_1615478866390-678x381.jpg 678w\" sizes=\"auto, (max-width: 720px) 100vw, 720px\" \/><\/figure>\r\n<\/li>\r\n<\/ul>\r\n<\/figure>\r\n","protected":false},"excerpt":{"rendered":"<div class=\"mh-excerpt\"><p>Mbar\u00eb bota islame kremtoi t\u00eb m\u00ebrkur\u00ebn, m\u00eb 10 mars 2021, Nat\u00ebn e Madhe t\u00eb Isras\u00eb dhe t\u00eb Miraxhit. Edhe n\u00eb Shqip\u00ebri u p\u00ebrkujtua Nata e Mir\u00eb, ku n\u00eb xhamit\u00eb e ndryshme, edhe pse n\u00eb kushte <a class=\"mh-excerpt-more\" href=\"https:\/\/myftinia-shkoder.org\/?p=9155\" title=\"P\u00ebrkujtohet Nata e Madhe e Isras\u00eb dhe Miraxhit\">[&#8230;]<\/a><\/p>\n<\/div>","protected":false},"author":1,"featured_media":9157,"comment_status":"closed","ping_status":"closed","sticky":false,"template":"","format":"standard","meta":{"footnotes":""},"categories":[1],"tags":[],"class_list":["post-9155","post","type-post","status-publish","format-standard","has-post-thumbnail","hentry","category-aktivitete"],"_links":{"self":[{"href":"https:\/\/myftinia-shkoder.org\/index.php?rest_route=\/wp\/v2\/posts\/9155","targetHints":{"allow":["GET"]}}],"collection":[{"href":"https:\/\/myftinia-shkoder.org\/index.php?rest_route=\/wp\/v2\/posts"}],"about":[{"href":"https:\/\/myftinia-shkoder.org\/index.php?rest_route=\/wp\/v2\/types\/post"}],"author":[{"embeddable":true,"href":"https:\/\/myftinia-shkoder.org\/index.php?rest_route=\/wp\/v2\/users\/1"}],"replies":[{"embeddable":true,"href":"https:\/\/myftinia-shkoder.org\/index.php?rest_route=%2Fwp%2Fv2%2Fcomments&post=9155"}],"version-history":[{"count":3,"href":"https:\/\/myftinia-shkoder.org\/index.php?rest_route=\/wp\/v2\/posts\/9155\/revisions"}],"predecessor-version":[{"id":9206,"href":"https:\/\/myftinia-shkoder.org\/index.php?rest_route=\/wp\/v2\/posts\/9155\/revisions\/9206"}],"wp:featuredmedia":[{"embeddable":true,"href":"https:\/\/myftinia-shkoder.org\/index.php?rest_route=\/wp\/v2\/media\/9157"}],"wp:attachment":[{"href":"https:\/\/myftinia-shkoder.org\/index.php?rest_route=%2Fwp%2Fv2%2Fmedia&parent=9155"}],"wp:term":[{"taxonomy":"category","embeddable":true,"href":"https:\/\/myftinia-shkoder.org\/index.php?rest_route=%2Fwp%2Fv2%2Fcategories&post=9155"},{"taxonomy":"post_tag","embeddable":true,"href":"https:\/\/myftinia-shkoder.org\/index.php?rest_route=%2Fwp%2Fv2%2Ftags&post=9155"}],"curies":[{"name":"wp","href":"https:\/\/api.w.org\/{rel}","templated":true}]}}