{"id":9207,"date":"2021-03-23T17:43:29","date_gmt":"2021-03-23T17:43:29","guid":{"rendered":"http:\/\/myftinia-shkoder.org\/?p=9207"},"modified":"2021-03-24T18:12:10","modified_gmt":"2021-03-24T18:12:10","slug":"myftinia-organizoi-aktivitetin-pozita-dhe-rendesia-e-xhamise-ne-islam","status":"publish","type":"post","link":"https:\/\/myftinia-shkoder.org\/?p=9207","title":{"rendered":"Myftinia organizoi aktivitetin: &#8220;Pozita dhe r\u00ebnd\u00ebsia e xhamis\u00eb n\u00eb Islam&#8221;"},"content":{"rendered":"<p class=\"o9v6fnle cxmmr5t8 oygrvhab hcukyx3x c1et5uql ii04i59q\" style=\"text-align: justify;\">Dit\u00ebn e mart\u00eb, m\u00eb 23 mars 2021, n\u00eb xhamin\u00eb e Parruc\u00ebs, pas namazit t\u00eb iqindis\u00eb, me rastin e 14 vjetorit t\u00eb p\u00ebrurimit t\u00eb xhamis\u00eb s\u00eb Parruc\u00ebs: 23 mars 2007 &#8211; 2021, Myftinia Shkod\u00ebr organizoi aktivitetin me tem\u00eb: &#8220;Pozita dhe r\u00ebnd\u00ebsia e xhamis\u00eb n\u00eb Islam&#8221;.<\/p>\n<p dir=\"auto\" style=\"text-align: justify;\">Krahas besimtar\u00ebve t\u00eb moshave t\u00eb ndryshme, merrnin pjes\u00eb imam\u00eb, teolog\u00eb, k\u00ebshilltar\u00eb, etj.<\/p>\n<p dir=\"auto\" style=\"text-align: justify;\">Imam Muhamed B. Sytari, Myfti i Shkodr\u00ebs, n\u00eb ligj\u00ebrimin e tij, nd\u00ebr t\u00eb tjera tha: \u201cDita e sotme p\u00ebrkujtimore nuk \u00ebsht\u00eb nj\u00eb ngjarje e zakonshme, sepse para 14 viteve kjo qend\u00ebr e madhe shpirt\u00ebrore u rind\u00ebrtua n\u00eb t\u00eb nj\u00ebjtin vend dhe n\u00eb t\u00eb nj\u00ebjt\u00ebn pozit\u00eb, ku 40 vite m\u00eb par\u00eb u prish dhe u shkat\u00ebrrua nga ata q\u00eb nuk besojn\u00eb n\u00eb Zot dhe as nuk besojn\u00eb n\u00eb jet\u00ebn e amshuar&#8230;\u201d.<\/p>\n<p dir=\"auto\" style=\"text-align: justify;\">Myftiu fal\u00ebnderoi t\u00eb gjitha ata q\u00eb kan\u00eb kontribuar dhe ndihmuar n\u00eb kthimin e identitetit t\u00eb k\u00ebsaj xhamie madh\u00ebshtore, sikurse fal\u00ebnderoi imam\u00ebt, muezin\u00ebt dhe k\u00ebshillin e xhamis\u00eb q\u00eb mir\u00ebmbajn\u00eb k\u00ebt\u00eb ngroht\u00ebsi shpirt\u00ebrore\u2026<\/p>\n<p dir=\"auto\" style=\"text-align: justify;\">N\u00eb vijim ligj\u00ebruan Hfz. Ensar Ismalaj, diplomuar n\u00eb Medine, Arabia Saudite si dhe H. Besim Barbullushi, diplomuar n\u00eb Bursa, Turqi, t\u00eb cil\u00ebt p\u00ebrcoll\u00ebn mesazhe dhe k\u00ebshilla t\u00eb r\u00ebnd\u00ebsishme p\u00ebr xhamin\u00eb, sht\u00ebpia e Zotit, ku duhet t\u00eb kuptohet si vend ku formohen personalitete t\u00eb pastra dhe t\u00eb sinqerta njer\u00ebzore.<\/p>\n<p dir=\"auto\" style=\"text-align: justify;\">Ligj\u00ebruesit e nderuar vun\u00eb theksin, se xhamia i tubon njer\u00ebzit, i bashkon dhe i edukon me frym\u00ebn e v\u00ebrtet\u00eb dhe t\u00eb drejt\u00eb islame. Aty mund t\u00eb hyjn\u00eb njer\u00ebz t\u00eb t\u00eb gjitha kombeve, ngjyrave dhe racave. Ajo i bashkon t\u00eb gjith\u00eb popujt, pa b\u00ebr\u00eb asnj\u00eb lloj diskriminimi n\u00eb mes njer\u00ebzve.<\/p>\n<p class=\"o9v6fnle cxmmr5t8 oygrvhab hcukyx3x c1et5uql ii04i59q\" style=\"text-align: justify;\">Aktiviteti u transmetua live n\u00eb facebook nga profili zyrtar i Myftinis\u00eb Shkod\u00ebr.<\/p>\n<p><iframe loading=\"lazy\" style=\"border: none; overflow: hidden;\" src=\"https:\/\/www.facebook.com\/plugins\/video.php?height=280&amp;href=https%3A%2F%2Fwww.facebook.com%2Fmyftiniashkoder1990%2Fvideos%2F2825335311021337%2F&amp;show_text=false&amp;width=560\" width=\"560\" height=\"280\" frameborder=\"0\" scrolling=\"no\" allowfullscreen=\"allowfullscreen\"><\/iframe><\/p>\n<div id='gallery-1' class='gallery galleryid-9207 gallery-columns-4 gallery-size-thumbnail'><figure class='gallery-item'>\n\t\t\t<div class='gallery-icon landscape'>\n\t\t\t\t<a href='https:\/\/myftinia-shkoder.org\/?attachment_id=9217'><img loading=\"lazy\" decoding=\"async\" width=\"150\" height=\"150\" src=\"https:\/\/myftinia-shkoder.org\/wp-content\/uploads\/2021\/03\/14_vjetori_xhamise_Parruces-1-150x150.jpg\" class=\"attachment-thumbnail size-thumbnail\" alt=\"\" \/><\/a>\n\t\t\t<\/div><\/figure><figure class='gallery-item'>\n\t\t\t<div class='gallery-icon landscape'>\n\t\t\t\t<a href='https:\/\/myftinia-shkoder.org\/?attachment_id=9216'><img loading=\"lazy\" decoding=\"async\" width=\"150\" height=\"150\" src=\"https:\/\/myftinia-shkoder.org\/wp-content\/uploads\/2021\/03\/14_vjetori_xhamise_Parruces-10-150x150.jpg\" class=\"attachment-thumbnail size-thumbnail\" alt=\"\" \/><\/a>\n\t\t\t<\/div><\/figure><figure class='gallery-item'>\n\t\t\t<div class='gallery-icon landscape'>\n\t\t\t\t<a href='https:\/\/myftinia-shkoder.org\/?attachment_id=9215'><img loading=\"lazy\" decoding=\"async\" width=\"150\" height=\"150\" src=\"https:\/\/myftinia-shkoder.org\/wp-content\/uploads\/2021\/03\/14_vjetori_xhamise_Parruces-9-150x150.jpg\" class=\"attachment-thumbnail size-thumbnail\" alt=\"\" \/><\/a>\n\t\t\t<\/div><\/figure><figure class='gallery-item'>\n\t\t\t<div class='gallery-icon landscape'>\n\t\t\t\t<a href='https:\/\/myftinia-shkoder.org\/?attachment_id=9214'><img loading=\"lazy\" decoding=\"async\" width=\"150\" height=\"150\" src=\"https:\/\/myftinia-shkoder.org\/wp-content\/uploads\/2021\/03\/14_vjetori_xhamise_Parruces-8-150x150.jpg\" class=\"attachment-thumbnail size-thumbnail\" alt=\"\" \/><\/a>\n\t\t\t<\/div><\/figure><figure class='gallery-item'>\n\t\t\t<div class='gallery-icon landscape'>\n\t\t\t\t<a href='https:\/\/myftinia-shkoder.org\/?attachment_id=9213'><img loading=\"lazy\" decoding=\"async\" width=\"150\" height=\"150\" src=\"https:\/\/myftinia-shkoder.org\/wp-content\/uploads\/2021\/03\/14_vjetori_xhamise_Parruces-7-150x150.jpg\" class=\"attachment-thumbnail size-thumbnail\" alt=\"\" \/><\/a>\n\t\t\t<\/div><\/figure><figure class='gallery-item'>\n\t\t\t<div class='gallery-icon landscape'>\n\t\t\t\t<a href='https:\/\/myftinia-shkoder.org\/?attachment_id=9212'><img loading=\"lazy\" decoding=\"async\" width=\"150\" height=\"150\" src=\"https:\/\/myftinia-shkoder.org\/wp-content\/uploads\/2021\/03\/14_vjetori_xhamise_Parruces-6-150x150.jpg\" class=\"attachment-thumbnail size-thumbnail\" alt=\"\" \/><\/a>\n\t\t\t<\/div><\/figure><figure class='gallery-item'>\n\t\t\t<div class='gallery-icon landscape'>\n\t\t\t\t<a href='https:\/\/myftinia-shkoder.org\/?attachment_id=9211'><img loading=\"lazy\" decoding=\"async\" width=\"150\" height=\"150\" src=\"https:\/\/myftinia-shkoder.org\/wp-content\/uploads\/2021\/03\/14_vjetori_xhamise_Parruces-5-150x150.jpg\" class=\"attachment-thumbnail size-thumbnail\" alt=\"\" \/><\/a>\n\t\t\t<\/div><\/figure><figure class='gallery-item'>\n\t\t\t<div class='gallery-icon landscape'>\n\t\t\t\t<a href='https:\/\/myftinia-shkoder.org\/?attachment_id=9210'><img loading=\"lazy\" decoding=\"async\" width=\"150\" height=\"150\" src=\"https:\/\/myftinia-shkoder.org\/wp-content\/uploads\/2021\/03\/14_vjetori_xhamise_Parruces-4-150x150.jpg\" class=\"attachment-thumbnail size-thumbnail\" alt=\"\" \/><\/a>\n\t\t\t<\/div><\/figure><figure class='gallery-item'>\n\t\t\t<div class='gallery-icon landscape'>\n\t\t\t\t<a href='https:\/\/myftinia-shkoder.org\/?attachment_id=9209'><img loading=\"lazy\" decoding=\"async\" width=\"150\" height=\"150\" src=\"https:\/\/myftinia-shkoder.org\/wp-content\/uploads\/2021\/03\/14_vjetori_xhamise_Parruces-3-150x150.jpg\" class=\"attachment-thumbnail size-thumbnail\" alt=\"\" \/><\/a>\n\t\t\t<\/div><\/figure><figure class='gallery-item'>\n\t\t\t<div class='gallery-icon landscape'>\n\t\t\t\t<a href='https:\/\/myftinia-shkoder.org\/?attachment_id=9208'><img loading=\"lazy\" decoding=\"async\" width=\"150\" height=\"150\" src=\"https:\/\/myftinia-shkoder.org\/wp-content\/uploads\/2021\/03\/14_vjetori_xhamise_Parruces-2-150x150.jpg\" class=\"attachment-thumbnail size-thumbnail\" alt=\"\" \/><\/a>\n\t\t\t<\/div><\/figure>\n\t\t<\/div>\n\n","protected":false},"excerpt":{"rendered":"<div class=\"mh-excerpt\"><p>Dit\u00ebn e mart\u00eb, m\u00eb 23 mars 2021, n\u00eb xhamin\u00eb e Parruc\u00ebs, pas namazit t\u00eb iqindis\u00eb, me rastin e 14 vjetorit t\u00eb p\u00ebrurimit t\u00eb xhamis\u00eb s\u00eb Parruc\u00ebs: 23 mars 2007 &#8211; 2021, Myftinia Shkod\u00ebr organizoi aktivitetin <a class=\"mh-excerpt-more\" href=\"https:\/\/myftinia-shkoder.org\/?p=9207\" title=\"Myftinia organizoi aktivitetin: &#8220;Pozita dhe r\u00ebnd\u00ebsia e xhamis\u00eb n\u00eb Islam&#8221;\">[&#8230;]<\/a><\/p>\n<\/div>","protected":false},"author":1,"featured_media":9208,"comment_status":"closed","ping_status":"closed","sticky":false,"template":"","format":"standard","meta":{"footnotes":""},"categories":[1],"tags":[],"class_list":["post-9207","post","type-post","status-publish","format-standard","has-post-thumbnail","hentry","category-aktivitete"],"_links":{"self":[{"href":"https:\/\/myftinia-shkoder.org\/index.php?rest_route=\/wp\/v2\/posts\/9207","targetHints":{"allow":["GET"]}}],"collection":[{"href":"https:\/\/myftinia-shkoder.org\/index.php?rest_route=\/wp\/v2\/posts"}],"about":[{"href":"https:\/\/myftinia-shkoder.org\/index.php?rest_route=\/wp\/v2\/types\/post"}],"author":[{"embeddable":true,"href":"https:\/\/myftinia-shkoder.org\/index.php?rest_route=\/wp\/v2\/users\/1"}],"replies":[{"embeddable":true,"href":"https:\/\/myftinia-shkoder.org\/index.php?rest_route=%2Fwp%2Fv2%2Fcomments&post=9207"}],"version-history":[{"count":4,"href":"https:\/\/myftinia-shkoder.org\/index.php?rest_route=\/wp\/v2\/posts\/9207\/revisions"}],"predecessor-version":[{"id":9221,"href":"https:\/\/myftinia-shkoder.org\/index.php?rest_route=\/wp\/v2\/posts\/9207\/revisions\/9221"}],"wp:featuredmedia":[{"embeddable":true,"href":"https:\/\/myftinia-shkoder.org\/index.php?rest_route=\/wp\/v2\/media\/9208"}],"wp:attachment":[{"href":"https:\/\/myftinia-shkoder.org\/index.php?rest_route=%2Fwp%2Fv2%2Fmedia&parent=9207"}],"wp:term":[{"taxonomy":"category","embeddable":true,"href":"https:\/\/myftinia-shkoder.org\/index.php?rest_route=%2Fwp%2Fv2%2Fcategories&post=9207"},{"taxonomy":"post_tag","embeddable":true,"href":"https:\/\/myftinia-shkoder.org\/index.php?rest_route=%2Fwp%2Fv2%2Ftags&post=9207"}],"curies":[{"name":"wp","href":"https:\/\/api.w.org\/{rel}","templated":true}]}}