{"id":9295,"date":"2021-04-12T14:36:16","date_gmt":"2021-04-12T14:36:16","guid":{"rendered":"http:\/\/myftinia-shkoder.org\/?p=9295"},"modified":"2021-04-13T10:34:48","modified_gmt":"2021-04-13T10:34:48","slug":"myftiu-falenderoi-bamiresine-saudite-me-rastin-e-fillimit-te-ramazanit-1442","status":"publish","type":"post","link":"https:\/\/myftinia-shkoder.org\/?p=9295","title":{"rendered":"Myftiu fal\u00ebnderoi bamir\u00ebsin\u00eb saudite me rastin e fillimit t\u00eb Ramazanit 1442"},"content":{"rendered":"<p class=\"o9v6fnle cxmmr5t8 oygrvhab hcukyx3x c1et5uql ii04i59q\" style=\"text-align: justify;\">Dit\u00ebn e h\u00ebn\u00eb, m\u00eb 12 prill 2021, Myftiu i Shkodr\u00ebs, Imam Muhamed B. Sytari, dha nj\u00eb mesazh fal\u00ebnderimi dhe mir\u00ebnjohjeje p\u00ebr bashk\u00ebpunimin e Komunitetit Mysliman t\u00eb Shqip\u00ebris\u00eb dhe Ambasad\u00ebs s\u00eb Mbret\u00ebris\u00eb Saudite, q\u00eb mund\u00ebsuan edhe k\u00ebt\u00eb vit furnizimin me nj\u00eb sasi t\u00eb konsiderueshme pakosh me ushqime p\u00ebr njer\u00ebzit n\u00eb nevoj\u00eb, q\u00eb vijn\u00eb si pjes\u00eb e projektit bamir\u00ebs t\u00eb Qendr\u00ebs s\u00eb Mbretit Selman p\u00ebr Ndihma dhe Bamir\u00ebsi.<\/p>\n<p dir=\"auto\" style=\"text-align: justify;\">Myftiu theksoi se kjo ndihm\u00eb bujare \u00ebsht\u00eb pjes\u00eb e shpirtit t\u00eb madh t\u00eb bamir\u00ebsis\u00eb dhe humanizmit, me t\u00eb cilin karakterizohen musliman\u00ebt nd\u00ebr shekuj.<\/p>\n<p class=\"o9v6fnle cxmmr5t8 oygrvhab hcukyx3x c1et5uql ii04i59q\" style=\"text-align: justify;\">Imam Sytari tha se kjo ndihm\u00eb e madhe p\u00ebr qindra familje n\u00eb nevoj\u00eb, \u00ebsht\u00eb m\u00ebnyra m\u00eb e mir\u00eb e pritjes s\u00eb Muajit Ramazan, n\u00eb t\u00eb cilin jemi t\u00eb ftuar t\u00eb m\u00ebshirohemi e t\u00eb jemi solidar\u00eb me nj\u00ebri-tjetrin.<\/p>\n<div id='gallery-1' class='gallery galleryid-9295 gallery-columns-3 gallery-size-thumbnail'><figure class='gallery-item'>\n\t\t\t<div class='gallery-icon landscape'>\n\t\t\t\t<a href='https:\/\/myftinia-shkoder.org\/?attachment_id=9299'><img loading=\"lazy\" decoding=\"async\" width=\"150\" height=\"150\" src=\"https:\/\/myftinia-shkoder.org\/wp-content\/uploads\/2021\/04\/ndihmat_arabia_saudite-2-150x150.jpg\" class=\"attachment-thumbnail size-thumbnail\" alt=\"\" \/><\/a>\n\t\t\t<\/div><\/figure><figure class='gallery-item'>\n\t\t\t<div class='gallery-icon landscape'>\n\t\t\t\t<a href='https:\/\/myftinia-shkoder.org\/?attachment_id=9296'><img loading=\"lazy\" decoding=\"async\" width=\"150\" height=\"150\" src=\"https:\/\/myftinia-shkoder.org\/wp-content\/uploads\/2021\/04\/ndihmat_arabia_saudite-3-150x150.jpg\" class=\"attachment-thumbnail size-thumbnail\" alt=\"\" \/><\/a>\n\t\t\t<\/div><\/figure>\n\t\t<\/div>\n\n","protected":false},"excerpt":{"rendered":"<div class=\"mh-excerpt\"><p>Dit\u00ebn e h\u00ebn\u00eb, m\u00eb 12 prill 2021, Myftiu i Shkodr\u00ebs, Imam Muhamed B. Sytari, dha nj\u00eb mesazh fal\u00ebnderimi dhe mir\u00ebnjohjeje p\u00ebr bashk\u00ebpunimin e Komunitetit Mysliman t\u00eb Shqip\u00ebris\u00eb dhe Ambasad\u00ebs s\u00eb Mbret\u00ebris\u00eb Saudite, q\u00eb mund\u00ebsuan edhe <a class=\"mh-excerpt-more\" href=\"https:\/\/myftinia-shkoder.org\/?p=9295\" title=\"Myftiu fal\u00ebnderoi bamir\u00ebsin\u00eb saudite me rastin e fillimit t\u00eb Ramazanit 1442\">[&#8230;]<\/a><\/p>\n<\/div>","protected":false},"author":1,"featured_media":9299,"comment_status":"closed","ping_status":"closed","sticky":false,"template":"","format":"standard","meta":{"footnotes":""},"categories":[23],"tags":[],"class_list":["post-9295","post","type-post","status-publish","format-standard","has-post-thumbnail","hentry","category-ramazan-1442-2021"],"_links":{"self":[{"href":"https:\/\/myftinia-shkoder.org\/index.php?rest_route=\/wp\/v2\/posts\/9295","targetHints":{"allow":["GET"]}}],"collection":[{"href":"https:\/\/myftinia-shkoder.org\/index.php?rest_route=\/wp\/v2\/posts"}],"about":[{"href":"https:\/\/myftinia-shkoder.org\/index.php?rest_route=\/wp\/v2\/types\/post"}],"author":[{"embeddable":true,"href":"https:\/\/myftinia-shkoder.org\/index.php?rest_route=\/wp\/v2\/users\/1"}],"replies":[{"embeddable":true,"href":"https:\/\/myftinia-shkoder.org\/index.php?rest_route=%2Fwp%2Fv2%2Fcomments&post=9295"}],"version-history":[{"count":3,"href":"https:\/\/myftinia-shkoder.org\/index.php?rest_route=\/wp\/v2\/posts\/9295\/revisions"}],"predecessor-version":[{"id":9300,"href":"https:\/\/myftinia-shkoder.org\/index.php?rest_route=\/wp\/v2\/posts\/9295\/revisions\/9300"}],"wp:featuredmedia":[{"embeddable":true,"href":"https:\/\/myftinia-shkoder.org\/index.php?rest_route=\/wp\/v2\/media\/9299"}],"wp:attachment":[{"href":"https:\/\/myftinia-shkoder.org\/index.php?rest_route=%2Fwp%2Fv2%2Fmedia&parent=9295"}],"wp:term":[{"taxonomy":"category","embeddable":true,"href":"https:\/\/myftinia-shkoder.org\/index.php?rest_route=%2Fwp%2Fv2%2Fcategories&post=9295"},{"taxonomy":"post_tag","embeddable":true,"href":"https:\/\/myftinia-shkoder.org\/index.php?rest_route=%2Fwp%2Fv2%2Ftags&post=9295"}],"curies":[{"name":"wp","href":"https:\/\/api.w.org\/{rel}","templated":true}]}}