{"id":9329,"date":"2021-04-18T21:14:20","date_gmt":"2021-04-18T21:14:20","guid":{"rendered":"http:\/\/myftinia-shkoder.org\/?p=9329"},"modified":"2021-04-19T21:19:21","modified_gmt":"2021-04-19T21:19:21","slug":"nderroi-jete-imami-i-nderuar-h-fadil-kraja","status":"publish","type":"post","link":"https:\/\/myftinia-shkoder.org\/?p=9329","title":{"rendered":"Nd\u00ebrroi jet\u00eb imami i nderuar, H. Fadil Kraja"},"content":{"rendered":"<p class=\"o9v6fnle cxmmr5t8 oygrvhab hcukyx3x c1et5uql ii04i59q\" style=\"text-align: justify;\">T\u00eb Allahut jemi dhe tek Allahu do t\u00eb kthehemi!<\/p>\n<p dir=\"auto\" style=\"text-align: justify;\">N\u00eb mosh\u00ebn 87 vje\u00e7are, ka nd\u00ebrruar jet\u00eb sot, m\u00eb 18 prill 2021, imami i nderuar, H. Fadil Kraja.<\/p>\n<p dir=\"auto\" style=\"text-align: justify;\">Myftinia Shkod\u00ebr, shpreh ngush\u00ebllimet e saj p\u00ebr familjen dhe komunitetin, sikurse shpreh mir\u00ebnjohjen m\u00eb t\u00eb thell\u00eb p\u00ebr kontributet e imamit t\u00eb nderuar, q\u00eb ishte nj\u00eb vullnetar i zellsh\u00ebm n\u00eb krah t\u00eb Myftiut t\u00eb Shkodr\u00ebs, H. Fail Hoxha, n\u00eb vitet m\u00eb t\u00eb v\u00ebshtira t\u00eb organizimit t\u00eb Myftinis\u00eb Shkod\u00ebr, pas vitit 1990.<\/p>\n<p dir=\"auto\" style=\"text-align: justify;\">P\u00ebr shum\u00eb vite, ai sh\u00ebrbeu si imam dhe vaiz n\u00eb disa xhami t\u00eb zon\u00ebs Shkod\u00ebr, ku dha kontributin e tij n\u00eb t\u00eb mir\u00eb t\u00eb besimtar\u00ebve dhe aktivitetit fetar.<\/p>\n<p dir=\"auto\" style=\"text-align: justify;\">Ai ishte i palodhur dhe i pap\u00ebrtuesh\u00ebm p\u00ebr t\u00eb sh\u00ebrbyer me shum\u00eb p\u00ebrkushtim e dashamir\u00ebsi, pa k\u00ebrkuar shp\u00ebrblime e fal\u00ebnderime!<\/p>\n<p dir=\"auto\" style=\"text-align: justify;\">Allahu i Madh\u00ebruar e pranoft\u00eb vepr\u00ebn e tij dhe e pranoft\u00eb n\u00eb mesin e t\u00eb p\u00ebrkushtuarve n\u00eb xhenetet e Tij!<\/p>\n<p class=\"o9v6fnle cxmmr5t8 oygrvhab hcukyx3x c1et5uql ii04i59q\" style=\"text-align: justify;\"><span class=\"pq6dq46d tbxw36s4 knj5qynh kvgmc6g5 ditlmg2l oygrvhab nvdbi5me sf5mxxl7 gl3lb2sf hhz5lgdu\"><img loading=\"lazy\" decoding=\"async\" src=\"https:\/\/www.facebook.com\/images\/emoji.php\/v9\/teb\/1\/16\/1f932_1f3fb.png\" alt=\"&#x1f932;&#x1f3fb;\" width=\"16\" height=\"16\" \/><\/span> Namazi i xhenazes do t\u00eb falet dit\u00ebn e h\u00ebn\u00eb, m\u00eb 19 prill 2021, ora: 15.00, n\u00eb xhamin\u00eb e Fush\u00eb \u00c7el\u00ebs (&#8220;Ebu Bek\u00ebr&#8221;).<\/p>\n<div id='gallery-1' class='gallery galleryid-9329 gallery-columns-3 gallery-size-thumbnail'><figure class='gallery-item'>\n\t\t\t<div class='gallery-icon landscape'>\n\t\t\t\t<a href='https:\/\/myftinia-shkoder.org\/?attachment_id=9334'><img loading=\"lazy\" decoding=\"async\" width=\"150\" height=\"150\" src=\"https:\/\/myftinia-shkoder.org\/wp-content\/uploads\/2021\/04\/ndrroi_jete_H-1-150x150.jpg\" class=\"attachment-thumbnail size-thumbnail\" alt=\"\" \/><\/a>\n\t\t\t<\/div><\/figure><figure class='gallery-item'>\n\t\t\t<div class='gallery-icon landscape'>\n\t\t\t\t<a href='https:\/\/myftinia-shkoder.org\/?attachment_id=9333'><img loading=\"lazy\" decoding=\"async\" width=\"150\" height=\"150\" src=\"https:\/\/myftinia-shkoder.org\/wp-content\/uploads\/2021\/04\/ndrroi_jete_H-6-150x150.jpg\" class=\"attachment-thumbnail size-thumbnail\" alt=\"\" \/><\/a>\n\t\t\t<\/div><\/figure><figure class='gallery-item'>\n\t\t\t<div class='gallery-icon landscape'>\n\t\t\t\t<a href='https:\/\/myftinia-shkoder.org\/?attachment_id=9332'><img loading=\"lazy\" decoding=\"async\" width=\"150\" height=\"150\" src=\"https:\/\/myftinia-shkoder.org\/wp-content\/uploads\/2021\/04\/ndrroi_jete_H-5-150x150.jpg\" class=\"attachment-thumbnail size-thumbnail\" alt=\"\" \/><\/a>\n\t\t\t<\/div><\/figure><figure class='gallery-item'>\n\t\t\t<div class='gallery-icon landscape'>\n\t\t\t\t<a href='https:\/\/myftinia-shkoder.org\/?attachment_id=9331'><img loading=\"lazy\" decoding=\"async\" width=\"150\" height=\"150\" src=\"https:\/\/myftinia-shkoder.org\/wp-content\/uploads\/2021\/04\/ndrroi_jete_H-4-150x150.jpg\" class=\"attachment-thumbnail size-thumbnail\" alt=\"\" \/><\/a>\n\t\t\t<\/div><\/figure><figure class='gallery-item'>\n\t\t\t<div class='gallery-icon landscape'>\n\t\t\t\t<a href='https:\/\/myftinia-shkoder.org\/?attachment_id=9330'><img loading=\"lazy\" decoding=\"async\" width=\"150\" height=\"150\" src=\"https:\/\/myftinia-shkoder.org\/wp-content\/uploads\/2021\/04\/ndrroi_jete_H-3-150x150.jpg\" class=\"attachment-thumbnail size-thumbnail\" alt=\"\" \/><\/a>\n\t\t\t<\/div><\/figure><figure class='gallery-item'>\n\t\t\t<div class='gallery-icon landscape'>\n\t\t\t\t<a href='https:\/\/myftinia-shkoder.org\/?attachment_id=9336'><img loading=\"lazy\" decoding=\"async\" width=\"150\" height=\"150\" src=\"https:\/\/myftinia-shkoder.org\/wp-content\/uploads\/2021\/04\/Fadil.E.Kraja_80-vjetori-150x150.jpg\" class=\"attachment-thumbnail size-thumbnail\" alt=\"\" \/><\/a>\n\t\t\t<\/div><\/figure>\n\t\t<\/div>\n\n","protected":false},"excerpt":{"rendered":"<div class=\"mh-excerpt\"><p>T\u00eb Allahut jemi dhe tek Allahu do t\u00eb kthehemi! N\u00eb mosh\u00ebn 87 vje\u00e7are, ka nd\u00ebrruar jet\u00eb sot, m\u00eb 18 prill 2021, imami i nderuar, H. Fadil Kraja. Myftinia Shkod\u00ebr, shpreh ngush\u00ebllimet e saj p\u00ebr familjen <a class=\"mh-excerpt-more\" href=\"https:\/\/myftinia-shkoder.org\/?p=9329\" title=\"Nd\u00ebrroi jet\u00eb imami i nderuar, H. Fadil Kraja\">[&#8230;]<\/a><\/p>\n<\/div>","protected":false},"author":1,"featured_media":9334,"comment_status":"closed","ping_status":"closed","sticky":false,"template":"","format":"standard","meta":{"footnotes":""},"categories":[13],"tags":[],"class_list":["post-9329","post","type-post","status-publish","format-standard","has-post-thumbnail","hentry","category-aktualitet"],"_links":{"self":[{"href":"https:\/\/myftinia-shkoder.org\/index.php?rest_route=\/wp\/v2\/posts\/9329","targetHints":{"allow":["GET"]}}],"collection":[{"href":"https:\/\/myftinia-shkoder.org\/index.php?rest_route=\/wp\/v2\/posts"}],"about":[{"href":"https:\/\/myftinia-shkoder.org\/index.php?rest_route=\/wp\/v2\/types\/post"}],"author":[{"embeddable":true,"href":"https:\/\/myftinia-shkoder.org\/index.php?rest_route=\/wp\/v2\/users\/1"}],"replies":[{"embeddable":true,"href":"https:\/\/myftinia-shkoder.org\/index.php?rest_route=%2Fwp%2Fv2%2Fcomments&post=9329"}],"version-history":[{"count":2,"href":"https:\/\/myftinia-shkoder.org\/index.php?rest_route=\/wp\/v2\/posts\/9329\/revisions"}],"predecessor-version":[{"id":9337,"href":"https:\/\/myftinia-shkoder.org\/index.php?rest_route=\/wp\/v2\/posts\/9329\/revisions\/9337"}],"wp:featuredmedia":[{"embeddable":true,"href":"https:\/\/myftinia-shkoder.org\/index.php?rest_route=\/wp\/v2\/media\/9334"}],"wp:attachment":[{"href":"https:\/\/myftinia-shkoder.org\/index.php?rest_route=%2Fwp%2Fv2%2Fmedia&parent=9329"}],"wp:term":[{"taxonomy":"category","embeddable":true,"href":"https:\/\/myftinia-shkoder.org\/index.php?rest_route=%2Fwp%2Fv2%2Fcategories&post=9329"},{"taxonomy":"post_tag","embeddable":true,"href":"https:\/\/myftinia-shkoder.org\/index.php?rest_route=%2Fwp%2Fv2%2Ftags&post=9329"}],"curies":[{"name":"wp","href":"https:\/\/api.w.org\/{rel}","templated":true}]}}