{"id":9343,"date":"2021-04-21T08:16:43","date_gmt":"2021-04-21T08:16:43","guid":{"rendered":"http:\/\/myftinia-shkoder.org\/?p=9343"},"modified":"2021-04-22T08:19:56","modified_gmt":"2021-04-22T08:19:56","slug":"shkodra-dhe-prizreni-ne-traditen-e-vellazerise-islame","status":"publish","type":"post","link":"https:\/\/myftinia-shkoder.org\/?p=9343","title":{"rendered":"Shkodra dhe Prizreni n\u00eb tradit\u00ebn e v\u00ebllaz\u00ebris\u00eb islame"},"content":{"rendered":"<p class=\"o9v6fnle cxmmr5t8 oygrvhab hcukyx3x c1et5uql ii04i59q\" style=\"text-align: justify;\">Dit\u00ebn e mart\u00eb, m\u00eb 20 prill 2021, me ftes\u00eb t\u00eb Kryetarit t\u00eb K\u00ebshillit t\u00eb Bashk\u00ebsis\u00eb Islame t\u00eb Prizrenit, Mr. Besim Berisha, Myfti i Shkodr\u00ebs, Imam Muhamed B. Sytari<\/p>\n<p dir=\"auto\" style=\"text-align: justify;\">, mori pjes\u00eb n\u00eb iftarin tradicional q\u00eb bashkon dy myftinit\u00eb e binjak\u00ebzuara n\u00eb sofr\u00ebn e v\u00ebllaz\u00ebris\u00eb islame.<\/p>\n<p dir=\"auto\" style=\"text-align: justify;\">Ndon\u00ebse n\u00eb kushtet e pandemis\u00eb, iftari simbolik, bashkoi n\u00eb tryez\u00ebn bujare drejtuesit e dy myftinive, q\u00eb diskutuan edhe p\u00ebr frym\u00ebn e bashk\u00ebpunimit dhe rritjen e tij n\u00eb t\u00eb ardhmen n\u00eb t\u00eb mir\u00eb t\u00eb besimtar\u00ebve dhe dy qyteteve me tradit\u00eb e histori.<\/p>\n<p dir=\"auto\" style=\"text-align: justify;\">Biseda v\u00ebllaz\u00ebrore me theks tek sh\u00ebrbimet plot p\u00ebrkushtim e largpam\u00ebsi ndaj besimtar\u00ebve, botimet e bashk\u00ebpunimet e frutshme, i dhan\u00eb drit\u00eb k\u00ebsaj vizite n\u00eb k\u00ebt\u00eb Muaj vlerash e besimi.<\/p>\n<p dir=\"auto\" style=\"text-align: justify;\">Myftiu ishte i ftuar edhe n\u00eb emisionin: &#8220;Karvani i Ramazanit&#8221;, n\u00eb RTv Besa, ku foli mbi pozit\u00ebn e mosh\u00ebs s\u00eb tret\u00eb n\u00eb Islam.<\/p>\n<p class=\"o9v6fnle cxmmr5t8 oygrvhab hcukyx3x c1et5uql ii04i59q\" style=\"text-align: justify;\">Gjat\u00eb k\u00ebsaj vizite n\u00eb Prizren, Myftiu shoq\u00ebrohej edhe nga drejtori i Medreses\u00eb &#8220;Haxhi Sheh Shamia&#8221;, z. Kujtim Dervishi, antari i K\u00ebshillit t\u00eb P\u00ebrgjithsh\u00ebm i KMSh, z. Altin Loshi, sekretari organizativ i Myftinis\u00eb Shkod\u00ebr, thirr\u00ebsi islam Lavdrim Hamja dhe p\u00ebrgjegj\u00ebsi i sektorit t\u00eb rinis\u00eb n\u00eb Myftinin\u00eb e Shkodr\u00ebs, teologu Ervil Ku\u00e7i.<\/p>\n<div id='gallery-1' class='gallery galleryid-9343 gallery-columns-3 gallery-size-thumbnail'><figure class='gallery-item'>\n\t\t\t<div class='gallery-icon landscape'>\n\t\t\t\t<a href='https:\/\/myftinia-shkoder.org\/?attachment_id=9354'><img loading=\"lazy\" decoding=\"async\" width=\"150\" height=\"150\" src=\"https:\/\/myftinia-shkoder.org\/wp-content\/uploads\/2021\/04\/iftari_Prizren_2021-1-150x150.jpg\" class=\"attachment-thumbnail size-thumbnail\" alt=\"\" \/><\/a>\n\t\t\t<\/div><\/figure><figure class='gallery-item'>\n\t\t\t<div class='gallery-icon landscape'>\n\t\t\t\t<a href='https:\/\/myftinia-shkoder.org\/?attachment_id=9353'><img loading=\"lazy\" decoding=\"async\" width=\"150\" height=\"150\" src=\"https:\/\/myftinia-shkoder.org\/wp-content\/uploads\/2021\/04\/iftari_Prizren_2021-11-150x150.jpg\" class=\"attachment-thumbnail size-thumbnail\" alt=\"\" \/><\/a>\n\t\t\t<\/div><\/figure><figure class='gallery-item'>\n\t\t\t<div class='gallery-icon landscape'>\n\t\t\t\t<a href='https:\/\/myftinia-shkoder.org\/?attachment_id=9352'><img loading=\"lazy\" decoding=\"async\" width=\"150\" height=\"150\" src=\"https:\/\/myftinia-shkoder.org\/wp-content\/uploads\/2021\/04\/iftari_Prizren_2021-10-150x150.jpg\" class=\"attachment-thumbnail size-thumbnail\" alt=\"\" \/><\/a>\n\t\t\t<\/div><\/figure><figure class='gallery-item'>\n\t\t\t<div class='gallery-icon landscape'>\n\t\t\t\t<a href='https:\/\/myftinia-shkoder.org\/?attachment_id=9351'><img loading=\"lazy\" decoding=\"async\" width=\"150\" height=\"150\" src=\"https:\/\/myftinia-shkoder.org\/wp-content\/uploads\/2021\/04\/iftari_Prizren_2021-9-150x150.jpg\" class=\"attachment-thumbnail size-thumbnail\" alt=\"\" \/><\/a>\n\t\t\t<\/div><\/figure><figure class='gallery-item'>\n\t\t\t<div class='gallery-icon landscape'>\n\t\t\t\t<a href='https:\/\/myftinia-shkoder.org\/?attachment_id=9350'><img loading=\"lazy\" decoding=\"async\" width=\"150\" height=\"150\" src=\"https:\/\/myftinia-shkoder.org\/wp-content\/uploads\/2021\/04\/iftari_Prizren_2021-8-150x150.jpg\" class=\"attachment-thumbnail size-thumbnail\" alt=\"\" \/><\/a>\n\t\t\t<\/div><\/figure><figure class='gallery-item'>\n\t\t\t<div class='gallery-icon landscape'>\n\t\t\t\t<a href='https:\/\/myftinia-shkoder.org\/?attachment_id=9349'><img loading=\"lazy\" decoding=\"async\" width=\"150\" height=\"150\" src=\"https:\/\/myftinia-shkoder.org\/wp-content\/uploads\/2021\/04\/iftari_Prizren_2021-7-150x150.jpg\" class=\"attachment-thumbnail size-thumbnail\" alt=\"\" \/><\/a>\n\t\t\t<\/div><\/figure><figure class='gallery-item'>\n\t\t\t<div class='gallery-icon landscape'>\n\t\t\t\t<a href='https:\/\/myftinia-shkoder.org\/?attachment_id=9348'><img loading=\"lazy\" decoding=\"async\" width=\"150\" height=\"150\" src=\"https:\/\/myftinia-shkoder.org\/wp-content\/uploads\/2021\/04\/iftari_Prizren_2021-6-150x150.jpg\" class=\"attachment-thumbnail size-thumbnail\" alt=\"\" \/><\/a>\n\t\t\t<\/div><\/figure><figure class='gallery-item'>\n\t\t\t<div class='gallery-icon landscape'>\n\t\t\t\t<a href='https:\/\/myftinia-shkoder.org\/?attachment_id=9347'><img loading=\"lazy\" decoding=\"async\" width=\"150\" height=\"150\" src=\"https:\/\/myftinia-shkoder.org\/wp-content\/uploads\/2021\/04\/iftari_Prizren_2021-5-150x150.jpg\" class=\"attachment-thumbnail size-thumbnail\" alt=\"\" \/><\/a>\n\t\t\t<\/div><\/figure><figure class='gallery-item'>\n\t\t\t<div class='gallery-icon landscape'>\n\t\t\t\t<a href='https:\/\/myftinia-shkoder.org\/?attachment_id=9346'><img loading=\"lazy\" decoding=\"async\" width=\"150\" height=\"150\" src=\"https:\/\/myftinia-shkoder.org\/wp-content\/uploads\/2021\/04\/iftari_Prizren_2021-4-150x150.jpg\" class=\"attachment-thumbnail size-thumbnail\" alt=\"\" \/><\/a>\n\t\t\t<\/div><\/figure><figure class='gallery-item'>\n\t\t\t<div class='gallery-icon landscape'>\n\t\t\t\t<a href='https:\/\/myftinia-shkoder.org\/?attachment_id=9345'><img loading=\"lazy\" decoding=\"async\" width=\"150\" height=\"150\" src=\"https:\/\/myftinia-shkoder.org\/wp-content\/uploads\/2021\/04\/iftari_Prizren_2021-3-150x150.jpg\" class=\"attachment-thumbnail size-thumbnail\" alt=\"\" \/><\/a>\n\t\t\t<\/div><\/figure><figure class='gallery-item'>\n\t\t\t<div class='gallery-icon landscape'>\n\t\t\t\t<a href='https:\/\/myftinia-shkoder.org\/?attachment_id=9344'><img loading=\"lazy\" decoding=\"async\" width=\"150\" height=\"150\" src=\"https:\/\/myftinia-shkoder.org\/wp-content\/uploads\/2021\/04\/iftari_Prizren_2021-2-150x150.jpg\" class=\"attachment-thumbnail size-thumbnail\" alt=\"\" \/><\/a>\n\t\t\t<\/div><\/figure>\n\t\t<\/div>\n\n","protected":false},"excerpt":{"rendered":"<div class=\"mh-excerpt\"><p>Dit\u00ebn e mart\u00eb, m\u00eb 20 prill 2021, me ftes\u00eb t\u00eb Kryetarit t\u00eb K\u00ebshillit t\u00eb Bashk\u00ebsis\u00eb Islame t\u00eb Prizrenit, Mr. Besim Berisha, Myfti i Shkodr\u00ebs, Imam Muhamed B. Sytari , mori pjes\u00eb n\u00eb iftarin tradicional q\u00eb <a class=\"mh-excerpt-more\" href=\"https:\/\/myftinia-shkoder.org\/?p=9343\" title=\"Shkodra dhe Prizreni n\u00eb tradit\u00ebn e v\u00ebllaz\u00ebris\u00eb islame\">[&#8230;]<\/a><\/p>\n<\/div>","protected":false},"author":1,"featured_media":9354,"comment_status":"closed","ping_status":"closed","sticky":false,"template":"","format":"standard","meta":{"footnotes":""},"categories":[23],"tags":[],"class_list":["post-9343","post","type-post","status-publish","format-standard","has-post-thumbnail","hentry","category-ramazan-1442-2021"],"_links":{"self":[{"href":"https:\/\/myftinia-shkoder.org\/index.php?rest_route=\/wp\/v2\/posts\/9343","targetHints":{"allow":["GET"]}}],"collection":[{"href":"https:\/\/myftinia-shkoder.org\/index.php?rest_route=\/wp\/v2\/posts"}],"about":[{"href":"https:\/\/myftinia-shkoder.org\/index.php?rest_route=\/wp\/v2\/types\/post"}],"author":[{"embeddable":true,"href":"https:\/\/myftinia-shkoder.org\/index.php?rest_route=\/wp\/v2\/users\/1"}],"replies":[{"embeddable":true,"href":"https:\/\/myftinia-shkoder.org\/index.php?rest_route=%2Fwp%2Fv2%2Fcomments&post=9343"}],"version-history":[{"count":1,"href":"https:\/\/myftinia-shkoder.org\/index.php?rest_route=\/wp\/v2\/posts\/9343\/revisions"}],"predecessor-version":[{"id":9355,"href":"https:\/\/myftinia-shkoder.org\/index.php?rest_route=\/wp\/v2\/posts\/9343\/revisions\/9355"}],"wp:featuredmedia":[{"embeddable":true,"href":"https:\/\/myftinia-shkoder.org\/index.php?rest_route=\/wp\/v2\/media\/9354"}],"wp:attachment":[{"href":"https:\/\/myftinia-shkoder.org\/index.php?rest_route=%2Fwp%2Fv2%2Fmedia&parent=9343"}],"wp:term":[{"taxonomy":"category","embeddable":true,"href":"https:\/\/myftinia-shkoder.org\/index.php?rest_route=%2Fwp%2Fv2%2Fcategories&post=9343"},{"taxonomy":"post_tag","embeddable":true,"href":"https:\/\/myftinia-shkoder.org\/index.php?rest_route=%2Fwp%2Fv2%2Ftags&post=9343"}],"curies":[{"name":"wp","href":"https:\/\/api.w.org\/{rel}","templated":true}]}}