{"id":9433,"date":"2021-05-07T23:32:50","date_gmt":"2021-05-07T23:32:50","guid":{"rendered":"http:\/\/myftinia-shkoder.org\/?p=9433"},"modified":"2021-05-08T08:35:20","modified_gmt":"2021-05-08T08:35:20","slug":"sofra-bujare-e-iftarit-qe-bashkon-shkodren-me-prizrenin","status":"publish","type":"post","link":"https:\/\/myftinia-shkoder.org\/?p=9433","title":{"rendered":"Sofra bujare e iftarit q\u00eb bashkon Shkodr\u00ebn me Prizrenin"},"content":{"rendered":"<p class=\"o9v6fnle cxmmr5t8 oygrvhab hcukyx3x c1et5uql ii04i59q\" style=\"text-align: justify;\">N\u00eb kuad\u00ebr t\u00eb takimeve v\u00ebllaz\u00ebrore t\u00eb Muajit Ramazan dhe n\u00eb kushtet e situat\u00ebs q\u00eb po kalojm\u00eb, Myftinia Shkod\u00ebr organizoi dit\u00ebn e xhuma, m\u00eb 7 maj 2021, sofr\u00ebn v\u00ebllaz\u00ebrore t\u00eb iftarit p\u00ebr nder t\u00eb Kryetarit t\u00eb K\u00ebshillit t\u00eb Bashk\u00ebsis\u00eb Islame t\u00eb Prizrenit, H. Besim Berisha me koleg\u00eb.<\/p>\n<p dir=\"auto\" style=\"text-align: justify;\">N\u00eb fjal\u00ebn e rastit, Myftiu i Shkodr\u00ebs, Imam <a class=\"oajrlxb2 g5ia77u1 qu0x051f esr5mh6w e9989ue4 r7d6kgcz rq0escxv nhd2j8a9 nc684nl6 p7hjln8o kvgmc6g5 cxmmr5t8 oygrvhab hcukyx3x jb3vyjys rz4wbd8a qt6c0cv9 a8nywdso i1ao9s8h esuyzwwr f1sip0of lzcic4wl q66pz984 gpro0wi8 b1v8xokw\" tabindex=\"0\" role=\"link\" href=\"https:\/\/www.facebook.com\/profile.php?id=100008293066207&amp;__cft__[0]=AZVYpbnjPDjRq6Y0TiVYh88vSvLEG0-tQfq3ID6PPVt5426AxHdLp8q-A2rndkeyCSXTvpGYEUWbI8ty-3HrRA9puBbqe-2PgKnDVbMoVy0rab6xZGl9It8DRcSf3shI208eK7SRSfMbS-YN-_64bsoWee-YvHIESoFtyJwfYkglvgrt2S8DB6wBoGlu-NkoZ28&amp;__tn__=-]K-R\"><span class=\"nc684nl6\">Muhamed B. Sytari<\/span><\/a> fal\u00ebnderoi mysafir\u00ebt nga Prizreni, sikurse theksoi se p\u00ebrtej kushteve t\u00eb imponuara nga rregullat n\u00eb fuqi, kjo sof\u00ebr na bashkoi s\u00ebrish, me d\u00ebshir\u00ebn e mir\u00eb t\u00eb ruajtjes s\u00eb k\u00ebsaj tradite t\u00eb bukur, q\u00eb na bashkon p\u00ebrher\u00eb e m\u00eb shum\u00eb n\u00eb rrug\u00ebn e ruajtjes s\u00eb vlerave m\u00eb t\u00eb mira t\u00eb besimit dhe atyre komb\u00ebtare.<\/p>\n<p dir=\"auto\" style=\"text-align: justify;\">Myftiu fal\u00ebnderoi edhe miqt\u00eb e ftuar n\u00eb k\u00ebt\u00eb iftar v\u00ebllaz\u00ebror, si dhe antar\u00ebt e k\u00ebshillit t\u00eb Myftinis\u00eb Shkod\u00ebr, p\u00ebr pranin\u00eb e tyre n\u00eb respekt t\u00eb v\u00ebllez\u00ebrve nga Prizreni.<\/p>\n<p class=\"o9v6fnle cxmmr5t8 oygrvhab hcukyx3x c1et5uql ii04i59q\" style=\"text-align: justify;\">Nga ana e tij, H. Besim Berisha fal\u00ebnderoi mikpritjen e Myftinis\u00eb Shkod\u00ebr dhe uroi Myftiun p\u00ebr k\u00ebt\u00eb Muaj t\u00eb begat\u00eb dhe mir\u00ebsit\u00eb e tij. Ai theksoi se tradita e bukur e takimeve t\u00eb shpeshta n\u00eb Prizren e Shkod\u00ebr, \u00ebsht\u00eb nj\u00eb gjurm\u00eb m\u00eb shum\u00eb n\u00eb rrug\u00ebtimet e p\u00ebrbashk\u00ebta n\u00eb sh\u00ebrbim t\u00eb m\u00ebsimeve dhe udh\u00ebzimeve islame, si dhe nj\u00eb kontribut i vyer p\u00ebr ata q\u00eb vijn\u00eb.<\/p>\n<div id='gallery-1' class='gallery galleryid-9433 gallery-columns-3 gallery-size-thumbnail'><figure class='gallery-item'>\n\t\t\t<div class='gallery-icon landscape'>\n\t\t\t\t<a href='https:\/\/myftinia-shkoder.org\/?attachment_id=9436'><img loading=\"lazy\" decoding=\"async\" width=\"150\" height=\"150\" src=\"https:\/\/myftinia-shkoder.org\/wp-content\/uploads\/2021\/05\/sofra_bujare_iftarit_me_prizrenasit-1-150x150.jpg\" class=\"attachment-thumbnail size-thumbnail\" alt=\"\" \/><\/a>\n\t\t\t<\/div><\/figure><figure class='gallery-item'>\n\t\t\t<div class='gallery-icon landscape'>\n\t\t\t\t<a href='https:\/\/myftinia-shkoder.org\/?attachment_id=9435'><img loading=\"lazy\" decoding=\"async\" width=\"150\" height=\"150\" src=\"https:\/\/myftinia-shkoder.org\/wp-content\/uploads\/2021\/05\/sofra_bujare_iftarit_me_prizrenasit-3-150x150.jpg\" class=\"attachment-thumbnail size-thumbnail\" alt=\"\" \/><\/a>\n\t\t\t<\/div><\/figure><figure class='gallery-item'>\n\t\t\t<div class='gallery-icon landscape'>\n\t\t\t\t<a href='https:\/\/myftinia-shkoder.org\/?attachment_id=9434'><img loading=\"lazy\" decoding=\"async\" width=\"150\" height=\"150\" src=\"https:\/\/myftinia-shkoder.org\/wp-content\/uploads\/2021\/05\/sofra_bujare_iftarit_me_prizrenasit-2-150x150.jpg\" class=\"attachment-thumbnail size-thumbnail\" alt=\"\" \/><\/a>\n\t\t\t<\/div><\/figure>\n\t\t<\/div>\n\n","protected":false},"excerpt":{"rendered":"<div class=\"mh-excerpt\"><p>N\u00eb kuad\u00ebr t\u00eb takimeve v\u00ebllaz\u00ebrore t\u00eb Muajit Ramazan dhe n\u00eb kushtet e situat\u00ebs q\u00eb po kalojm\u00eb, Myftinia Shkod\u00ebr organizoi dit\u00ebn e xhuma, m\u00eb 7 maj 2021, sofr\u00ebn v\u00ebllaz\u00ebrore t\u00eb iftarit p\u00ebr nder t\u00eb Kryetarit t\u00eb <a class=\"mh-excerpt-more\" href=\"https:\/\/myftinia-shkoder.org\/?p=9433\" title=\"Sofra bujare e iftarit q\u00eb bashkon Shkodr\u00ebn me Prizrenin\">[&#8230;]<\/a><\/p>\n<\/div>","protected":false},"author":1,"featured_media":9435,"comment_status":"closed","ping_status":"closed","sticky":false,"template":"","format":"standard","meta":{"footnotes":""},"categories":[23],"tags":[],"class_list":["post-9433","post","type-post","status-publish","format-standard","has-post-thumbnail","hentry","category-ramazan-1442-2021"],"_links":{"self":[{"href":"https:\/\/myftinia-shkoder.org\/index.php?rest_route=\/wp\/v2\/posts\/9433","targetHints":{"allow":["GET"]}}],"collection":[{"href":"https:\/\/myftinia-shkoder.org\/index.php?rest_route=\/wp\/v2\/posts"}],"about":[{"href":"https:\/\/myftinia-shkoder.org\/index.php?rest_route=\/wp\/v2\/types\/post"}],"author":[{"embeddable":true,"href":"https:\/\/myftinia-shkoder.org\/index.php?rest_route=\/wp\/v2\/users\/1"}],"replies":[{"embeddable":true,"href":"https:\/\/myftinia-shkoder.org\/index.php?rest_route=%2Fwp%2Fv2%2Fcomments&post=9433"}],"version-history":[{"count":1,"href":"https:\/\/myftinia-shkoder.org\/index.php?rest_route=\/wp\/v2\/posts\/9433\/revisions"}],"predecessor-version":[{"id":9437,"href":"https:\/\/myftinia-shkoder.org\/index.php?rest_route=\/wp\/v2\/posts\/9433\/revisions\/9437"}],"wp:featuredmedia":[{"embeddable":true,"href":"https:\/\/myftinia-shkoder.org\/index.php?rest_route=\/wp\/v2\/media\/9435"}],"wp:attachment":[{"href":"https:\/\/myftinia-shkoder.org\/index.php?rest_route=%2Fwp%2Fv2%2Fmedia&parent=9433"}],"wp:term":[{"taxonomy":"category","embeddable":true,"href":"https:\/\/myftinia-shkoder.org\/index.php?rest_route=%2Fwp%2Fv2%2Fcategories&post=9433"},{"taxonomy":"post_tag","embeddable":true,"href":"https:\/\/myftinia-shkoder.org\/index.php?rest_route=%2Fwp%2Fv2%2Ftags&post=9433"}],"curies":[{"name":"wp","href":"https:\/\/api.w.org\/{rel}","templated":true}]}}