{"id":9462,"date":"2021-05-08T23:20:19","date_gmt":"2021-05-08T23:20:19","guid":{"rendered":"http:\/\/myftinia-shkoder.org\/?p=9462"},"modified":"2021-05-10T01:34:34","modified_gmt":"2021-05-10T01:34:34","slug":"nata-e-kadrit-mbledh-besimtaret-ne-xhamite-e-shkodres","status":"publish","type":"post","link":"https:\/\/myftinia-shkoder.org\/?p=9462","title":{"rendered":"Nata e Kadrit mbledh besimtar\u00ebt n\u00eb xhamit\u00eb e Shkodr\u00ebs"},"content":{"rendered":"<p class=\"o9v6fnle cxmmr5t8 oygrvhab hcukyx3x c1et5uql ii04i59q\" style=\"text-align: justify;\">Mbr\u00ebmjen e s\u00eb shtun\u00ebs, m\u00eb 8 maj 2021, me afrimin e koh\u00ebs s\u00eb jacis\u00eb, besimtar\u00eb t\u00eb shumt\u00eb u drejtuan nga xhamit\u00eb e qytetit, p\u00ebr t\u00eb marr\u00eb pjes\u00eb n\u00eb lutjet dhe adhurimet e Nat\u00ebs s\u00eb Kadrit, me shpres\u00ebn e pranimit.<\/p>\n<p dir=\"auto\" style=\"text-align: justify;\">Nga xhamia e Parruc\u00ebs, Myftiu i Shkodr\u00ebs, Imam <a class=\"oajrlxb2 g5ia77u1 qu0x051f esr5mh6w e9989ue4 r7d6kgcz rq0escxv nhd2j8a9 nc684nl6 p7hjln8o kvgmc6g5 cxmmr5t8 oygrvhab hcukyx3x jb3vyjys rz4wbd8a qt6c0cv9 a8nywdso i1ao9s8h esuyzwwr f1sip0of lzcic4wl q66pz984 gpro0wi8 b1v8xokw\" tabindex=\"0\" role=\"link\" href=\"https:\/\/www.facebook.com\/profile.php?id=100008293066207&amp;__cft__[0]=AZU6vYxbiDyyoDEFVKQZWRvV-6NnWws-wh4WWKkMzzRYLkKywDMb4fQ8esmYY8ktxzMqOOohrRhkwa6nSoTZV7ni9Rvw_konSQ8xW84m9i_uk3lADfduGDxBHohTUyPLp6k&amp;__tn__=-]K-R\"><span class=\"nc684nl6\">Muhamed B. Sytari<\/span><\/a>, iu drejtua besimtar\u00ebve me nj\u00eb mesazh, ku k\u00ebrkoi q\u00eb p\u00ebrkushtimi i krejt k\u00ebtij muaji t\u00eb begat\u00eb, t\u00eb vazhdoj\u00eb deri n\u00eb momentin e fundit t\u00eb tij.<\/p>\n<p dir=\"auto\" style=\"text-align: justify;\">Myftiu tha se n\u00eb mbar\u00eb bot\u00ebn islame, besimtar\u00ebt e mb\u00ebshtetur n\u00eb hadithe e komentet e ndryshme, n\u00eb vepr\u00ebn e sahab\u00ebve dhe transmetimet e tyre, i japin nj\u00eb r\u00ebnd\u00ebsi m\u00eb t\u00eb ve\u00e7ant\u00eb nat\u00ebs s\u00eb 27-t\u00eb t\u00eb \u00e7do Ramazani, me shpres\u00ebn dhe lutjet q\u00eb kjo t\u00eb jet\u00eb Nata e Kadrit.<\/p>\n<p dir=\"auto\" style=\"text-align: justify;\">Myftiu k\u00ebrkoi q\u00eb t\u00eb b\u00ebhen lutje dhe dhikre, edhe pas daljes nga xhamia, deri n\u00eb agimin e diellit t\u00eb dit\u00ebs s\u00eb re.<\/p>\n<p class=\"o9v6fnle cxmmr5t8 oygrvhab hcukyx3x c1et5uql ii04i59q\" style=\"text-align: justify;\">S\u00eb bashku me imam\u00ebt e xhamis\u00eb s\u00eb Parruc\u00ebs dhe dy hafiz\u00ebt e ardhur nga Turqia, ai drejtoi namazet e k\u00ebsaj nate, sikurse drejtoi lutjen e k\u00ebsaj Nate, i shoq\u00ebruar nga amin-at e t\u00eb rinjve t\u00eb shumt\u00eb n\u00eb xhami.<\/p>\n<div id='gallery-1' class='gallery galleryid-9462 gallery-columns-3 gallery-size-thumbnail'><figure class='gallery-item'>\n\t\t\t<div class='gallery-icon landscape'>\n\t\t\t\t<a href='https:\/\/myftinia-shkoder.org\/?attachment_id=9465'><img loading=\"lazy\" decoding=\"async\" width=\"150\" height=\"150\" src=\"https:\/\/myftinia-shkoder.org\/wp-content\/uploads\/2021\/05\/teravia_Nata_Kadrit_2021-1-150x150.jpg\" class=\"attachment-thumbnail size-thumbnail\" alt=\"\" \/><\/a>\n\t\t\t<\/div><\/figure><figure class='gallery-item'>\n\t\t\t<div class='gallery-icon landscape'>\n\t\t\t\t<a href='https:\/\/myftinia-shkoder.org\/?attachment_id=9464'><img loading=\"lazy\" decoding=\"async\" width=\"150\" height=\"150\" src=\"https:\/\/myftinia-shkoder.org\/wp-content\/uploads\/2021\/05\/teravia_Nata_Kadrit_2021-3-150x150.jpg\" class=\"attachment-thumbnail size-thumbnail\" alt=\"\" \/><\/a>\n\t\t\t<\/div><\/figure><figure class='gallery-item'>\n\t\t\t<div class='gallery-icon landscape'>\n\t\t\t\t<a href='https:\/\/myftinia-shkoder.org\/?attachment_id=9463'><img loading=\"lazy\" decoding=\"async\" width=\"150\" height=\"150\" src=\"https:\/\/myftinia-shkoder.org\/wp-content\/uploads\/2021\/05\/teravia_Nata_Kadrit_2021-2-150x150.jpg\" class=\"attachment-thumbnail size-thumbnail\" alt=\"\" \/><\/a>\n\t\t\t<\/div><\/figure>\n\t\t<\/div>\n\n","protected":false},"excerpt":{"rendered":"<div class=\"mh-excerpt\"><p>Mbr\u00ebmjen e s\u00eb shtun\u00ebs, m\u00eb 8 maj 2021, me afrimin e koh\u00ebs s\u00eb jacis\u00eb, besimtar\u00eb t\u00eb shumt\u00eb u drejtuan nga xhamit\u00eb e qytetit, p\u00ebr t\u00eb marr\u00eb pjes\u00eb n\u00eb lutjet dhe adhurimet e Nat\u00ebs s\u00eb Kadrit, <a class=\"mh-excerpt-more\" href=\"https:\/\/myftinia-shkoder.org\/?p=9462\" title=\"Nata e Kadrit mbledh besimtar\u00ebt n\u00eb xhamit\u00eb e Shkodr\u00ebs\">[&#8230;]<\/a><\/p>\n<\/div>","protected":false},"author":1,"featured_media":9465,"comment_status":"closed","ping_status":"closed","sticky":false,"template":"","format":"standard","meta":{"footnotes":""},"categories":[23],"tags":[],"class_list":["post-9462","post","type-post","status-publish","format-standard","has-post-thumbnail","hentry","category-ramazan-1442-2021"],"_links":{"self":[{"href":"https:\/\/myftinia-shkoder.org\/index.php?rest_route=\/wp\/v2\/posts\/9462","targetHints":{"allow":["GET"]}}],"collection":[{"href":"https:\/\/myftinia-shkoder.org\/index.php?rest_route=\/wp\/v2\/posts"}],"about":[{"href":"https:\/\/myftinia-shkoder.org\/index.php?rest_route=\/wp\/v2\/types\/post"}],"author":[{"embeddable":true,"href":"https:\/\/myftinia-shkoder.org\/index.php?rest_route=\/wp\/v2\/users\/1"}],"replies":[{"embeddable":true,"href":"https:\/\/myftinia-shkoder.org\/index.php?rest_route=%2Fwp%2Fv2%2Fcomments&post=9462"}],"version-history":[{"count":1,"href":"https:\/\/myftinia-shkoder.org\/index.php?rest_route=\/wp\/v2\/posts\/9462\/revisions"}],"predecessor-version":[{"id":9466,"href":"https:\/\/myftinia-shkoder.org\/index.php?rest_route=\/wp\/v2\/posts\/9462\/revisions\/9466"}],"wp:featuredmedia":[{"embeddable":true,"href":"https:\/\/myftinia-shkoder.org\/index.php?rest_route=\/wp\/v2\/media\/9465"}],"wp:attachment":[{"href":"https:\/\/myftinia-shkoder.org\/index.php?rest_route=%2Fwp%2Fv2%2Fmedia&parent=9462"}],"wp:term":[{"taxonomy":"category","embeddable":true,"href":"https:\/\/myftinia-shkoder.org\/index.php?rest_route=%2Fwp%2Fv2%2Fcategories&post=9462"},{"taxonomy":"post_tag","embeddable":true,"href":"https:\/\/myftinia-shkoder.org\/index.php?rest_route=%2Fwp%2Fv2%2Ftags&post=9462"}],"curies":[{"name":"wp","href":"https:\/\/api.w.org\/{rel}","templated":true}]}}